{"id":102460,"date":"2019-11-30T07:47:37","date_gmt":"2019-11-30T04:47:37","guid":{"rendered":"http:\/\/arantv.az\/?p=102460"},"modified":"2019-11-30T07:47:37","modified_gmt":"2019-11-30T04:47:37","slug":"abortla-bagli-sok-q%c9%99rar","status":"publish","type":"post","link":"https:\/\/arantv.az\/?p=102460","title":{"rendered":"Abortla ba\u011fl\u0131 \u015eOK Q\u018fRAR"},"content":{"rendered":"<p>Son d\u00f6vrd\u0259 x\u00fcsusil\u0259 AB\u015e-dak\u0131 qada\u011falarla g\u00fcnd\u0259m\u0259 g\u0259l\u0259n abort m\u00f6vzusu Slovakiyadan da yan ke\u00e7m\u0259yib.<\/p>\n<p><strong>ARANTV.AZ<\/strong>\u00a0 x\u0259b\u0259r verir ki, \u00f6lk\u0259d\u0259 abort etdirm\u0259k ist\u0259y\u0259n qad\u0131nlar\u0131n \u0259m\u0259liyyatdan \u0259vv\u0259l ultras\u0259s m\u00fcayin\u0259si g\u00f6r\u00fcnt\u00fcl\u0259rin\u0259 baxmalar\u0131 v\u0259 d\u00f6l\u00fcn \u00fcr\u0259k d\u00f6y\u00fcnt\u00fcl\u0259rini dinl\u0259m\u0259l\u0259l\u0259rini m\u0259cburi ed\u0259n qanun layih\u0259si s\u0259sverm\u0259y\u0259 \u00e7\u0131xar\u0131l\u0131b.<\/p>\n<p>Aborta dair reklamlar\u0131 da qada\u011fan ed\u0259n layih\u0259 Avropa miqyas\u0131nda ilkdir.<\/p>\n<p>\u0130nsan Haqlar\u0131 T\u0259\u015fkilat\u0131, Beyn\u0259lxalq \u018ffv T\u0259\u015fkilat\u0131, Mariya Stops \u0130nterne\u015fnl v\u0259 Qad\u0131nlar\u0131n Etibarl\u0131 Abortu Haqq\u0131 \u00fc\u00e7\u00fcn Beyn\u0259lxalq Kampaniyan\u0131n da aralar\u0131nda yer ald\u0131\u011f\u0131 30-a q\u0259d\u0259r qeyri-h\u00f6kum\u0259t t\u0259\u015fkilat\u0131 layih\u0259y\u0259 qar\u015f\u0131 \u00e7\u0131x\u0131r.<\/p>\n<p>Bir-birin\u0259 m\u00fcxalif partiyalar\u0131n d\u0259st\u0259kl\u0259diyi qanun layih\u0259sinin q\u0259bul edilm\u0259si ehtimal\u0131 y\u00fcks\u0259k d\u0259y\u0259rl\u0259ndirilir. \u201cFocus\u201d agentliyinin anketin\u0259 g\u00f6r\u0259, slovaklar\u0131n 55,5%-i abortun qada\u011fas\u0131na qar\u015f\u0131 \u00e7\u0131x\u0131r, 34,6%-i is\u0259 d\u0259st\u0259k verir.Publika.az<\/p>\n","protected":false},"excerpt":{"rendered":"<p>Son d\u00f6vrd\u0259 x\u00fcsusil\u0259 AB\u015e-dak\u0131 qada\u011falarla g\u00fcnd\u0259m\u0259 g\u0259l\u0259n abort m\u00f6vzusu Slovakiyadan da yan ke\u00e7m\u0259yib. ARANTV.AZ\u00a0 x\u0259b\u0259r verir ki, \u00f6lk\u0259d\u0259 abort etdirm\u0259k ist\u0259y\u0259n qad\u0131nlar\u0131n \u0259m\u0259liyyatdan \u0259vv\u0259l ultras\u0259s m\u00fcayin\u0259si g\u00f6r\u00fcnt\u00fcl\u0259rin\u0259 baxmalar\u0131 v\u0259 d\u00f6l\u00fcn \u00fcr\u0259k d\u00f6y\u00fcnt\u00fcl\u0259rini dinl\u0259m\u0259l\u0259l\u0259rini m\u0259cburi ed\u0259n qanun layih\u0259si s\u0259sverm\u0259y\u0259 \u00e7\u0131xar\u0131l\u0131b. Aborta dair reklamlar\u0131 da qada\u011fan ed\u0259n layih\u0259 Avropa miqyas\u0131nda ilkdir. \u0130nsan Haqlar\u0131 T\u0259\u015fkilat\u0131, Beyn\u0259lxalq \u018ffv T\u0259\u015fkilat\u0131, Mariya Stops \u0130nterne\u015fnl v\u0259 Qad\u0131nlar\u0131n Etibarl\u0131 Abortu Haqq\u0131 \u00fc\u00e7\u00fcn Beyn\u0259lxalq Kampaniyan\u0131n da aralar\u0131nda yer ald\u0131\u011f\u0131 30-a q\u0259d\u0259r qeyri-h\u00f6kum\u0259t t\u0259\u015fkilat\u0131 layih\u0259y\u0259 qar\u015f\u0131 \u00e7\u0131x\u0131r. Bir-birin\u0259 m\u00fcxalif partiyalar\u0131n d\u0259st\u0259kl\u0259diyi qanun layih\u0259sinin q\u0259bul edilm\u0259si ehtimal\u0131 y\u00fcks\u0259k d\u0259y\u0259rl\u0259ndirilir. \u201cFocus\u201d agentliyinin&hellip;<\/p>\n","protected":false},"author":2,"featured_media":102461,"comment_status":"closed","ping_status":"closed","sticky":false,"template":"","format":"standard","meta":{"om_disable_all_campaigns":false,"_monsterinsights_skip_tracking":false,"_monsterinsights_sitenote_active":false,"_monsterinsights_sitenote_note":"","_monsterinsights_sitenote_category":0},"categories":[1],"tags":[],"aioseo_notices":[],"gutentor_comment":0,"rttpg_featured_image_url":{"full":["https:\/\/arantv.az\/wp-content\/uploads\/2019\/11\/1038779677.jpg",649,365,false],"landscape":["https:\/\/arantv.az\/wp-content\/uploads\/2019\/11\/1038779677.jpg",649,365,false],"portraits":["https:\/\/arantv.az\/wp-content\/uploads\/2019\/11\/1038779677.jpg",649,365,false],"thumbnail":["https:\/\/arantv.az\/wp-content\/uploads\/2019\/11\/1038779677-150x150.jpg",150,150,true],"medium":["https:\/\/arantv.az\/wp-content\/uploads\/2019\/11\/1038779677-300x169.jpg",300,169,true],"large":["https:\/\/arantv.az\/wp-content\/uploads\/2019\/11\/1038779677.jpg",640,360,false],"1536x1536":["https:\/\/arantv.az\/wp-content\/uploads\/2019\/11\/1038779677.jpg",649,365,false],"2048x2048":["https:\/\/arantv.az\/wp-content\/uploads\/2019\/11\/1038779677.jpg",649,365,false],"post-thumbnail":["https:\/\/arantv.az\/wp-content\/uploads\/2019\/11\/1038779677-240x172.jpg",240,172,true],"advps-thumb-one":["https:\/\/arantv.az\/wp-content\/uploads\/2019\/11\/1038779677.jpg",649,365,false]},"rttpg_author":{"display_name":"V\u00fcsal Rafiqo\u011flu","author_link":"https:\/\/arantv.az\/?author=2"},"rttpg_comment":0,"rttpg_category":"<a href=\"https:\/\/arantv.az\/?cat=1\" rel=\"category\">C\u0259miyy\u0259t<\/a>","rttpg_excerpt":"Son d\u00f6vrd\u0259 x\u00fcsusil\u0259 AB\u015e-dak\u0131 qada\u011falarla g\u00fcnd\u0259m\u0259 g\u0259l\u0259n abort m\u00f6vzusu Slovakiyadan da yan ke\u00e7m\u0259yib. ARANTV.AZ\u00a0 x\u0259b\u0259r verir ki, \u00f6lk\u0259d\u0259 abort etdirm\u0259k ist\u0259y\u0259n qad\u0131nlar\u0131n \u0259m\u0259liyyatdan \u0259vv\u0259l ultras\u0259s m\u00fcayin\u0259si g\u00f6r\u00fcnt\u00fcl\u0259rin\u0259 baxmalar\u0131 v\u0259 d\u00f6l\u00fcn \u00fcr\u0259k d\u00f6y\u00fcnt\u00fcl\u0259rini dinl\u0259m\u0259l\u0259l\u0259rini m\u0259cburi ed\u0259n qanun layih\u0259si s\u0259sverm\u0259y\u0259 \u00e7\u0131xar\u0131l\u0131b. Aborta dair reklamlar\u0131 da qada\u011fan ed\u0259n layih\u0259 Avropa miqyas\u0131nda ilkdir. \u0130nsan Haqlar\u0131 T\u0259\u015fkilat\u0131, Beyn\u0259lxalq \u018ffv T\u0259\u015fkilat\u0131,&hellip;","_links":{"self":[{"href":"https:\/\/arantv.az\/index.php?rest_route=\/wp\/v2\/posts\/102460"}],"collection":[{"href":"https:\/\/arantv.az\/index.php?rest_route=\/wp\/v2\/posts"}],"about":[{"href":"https:\/\/arantv.az\/index.php?rest_route=\/wp\/v2\/types\/post"}],"author":[{"embeddable":true,"href":"https:\/\/arantv.az\/index.php?rest_route=\/wp\/v2\/users\/2"}],"replies":[{"embeddable":true,"href":"https:\/\/arantv.az\/index.php?rest_route=%2Fwp%2Fv2%2Fcomments&post=102460"}],"version-history":[{"count":0,"href":"https:\/\/arantv.az\/index.php?rest_route=\/wp\/v2\/posts\/102460\/revisions"}],"wp:featuredmedia":[{"embeddable":true,"href":"https:\/\/arantv.az\/index.php?rest_route=\/wp\/v2\/media\/102461"}],"wp:attachment":[{"href":"https:\/\/arantv.az\/index.php?rest_route=%2Fwp%2Fv2%2Fmedia&parent=102460"}],"wp:term":[{"taxonomy":"category","embeddable":true,"href":"https:\/\/arantv.az\/index.php?rest_route=%2Fwp%2Fv2%2Fcategories&post=102460"},{"taxonomy":"post_tag","embeddable":true,"href":"https:\/\/arantv.az\/index.php?rest_route=%2Fwp%2Fv2%2Ftags&post=102460"}],"curies":[{"name":"wp","href":"https:\/\/api.w.org\/{rel}","templated":true}]}}