{"id":102472,"date":"2019-11-30T08:11:54","date_gmt":"2019-11-30T05:11:54","guid":{"rendered":"http:\/\/arantv.az\/?p=102472"},"modified":"2019-11-30T08:11:54","modified_gmt":"2019-11-30T05:11:54","slug":"simal-c%c9%99nub-beyn%c9%99lxalq-n%c9%99qliyyat-d%c9%99hlizi-hindistan-v%c9%99-az%c9%99rbaycan-arasinda-ticar%c9%99t-h%c9%99cminin-artmasina-kom%c9%99k-ed%c9%99c%c9%99k-s%c9%99","status":"publish","type":"post","link":"https:\/\/arantv.az\/?p=102472","title":{"rendered":"&#8220;\u201c\u015eimal-C\u0259nub\u201d beyn\u0259lxalq n\u0259qliyyat d\u0259hlizi Hindistan v\u0259 Az\u0259rbaycan aras\u0131nda ticar\u0259t h\u0259cminin artmas\u0131na k\u00f6m\u0259k ed\u0259c\u0259k&#8221; &#8211; S\u0259fir"},"content":{"rendered":"<blockquote><p><em><strong>&#8220;\u015eimal-C\u0259nub&#8221; beyn\u0259lxalq n\u0259qliyyat d\u0259hlizi Hindistan v\u0259 Az\u0259rbaycan aras\u0131nda ticar\u0259t h\u0259cminin artmas\u0131na k\u00f6m\u0259k ed\u0259c\u0259k.<\/strong><\/em><\/p><\/blockquote>\n<p><strong>ARANTV.AZ<\/strong> x\u0259b\u0259r verir ki, bunu\u00a0<a href=\"https:\/\/az.trend.az\/\" target=\"_blank\" rel=\"noopener\">Trend<\/a>-\u0259 Hindistan\u0131n Az\u0259rbaycandak\u0131 s\u0259firi Bavitlunq Vanlalvana deyib.<\/p>\n<p>O qeyd edib ki, Az\u0259rbaycan &#8220;\u015eimal-C\u0259nub&#8221; beyn\u0259lxalq n\u0259qliyyat d\u0259hlizi vacib i\u015ftirak\u00e7\u0131s\u0131d\u0131r:<\/p>\n<p><img src=\"https:\/\/img.milli.az\/2019\/11\/30\/806523_000.jpg\" alt=\"\" \/><\/p>\n<p>&#8220;Biz hesab edirik ki, bu d\u0259hlizin tam istismara verilm\u0259si Hindistan v\u0259 Az\u0259rbaycan, el\u0259c\u0259 d\u0259 iri Avrasiya regionu aras\u0131nda daha yax\u015f\u0131 \u0259laq\u0259ni t\u0259min ed\u0259c\u0259k. Layih\u0259nin ba\u015fa \u00e7atmas\u0131 m\u0259hsullar\u0131n h\u0259r\u0259k\u0259tini asanla\u015fd\u0131racaq v\u0259 iki \u00f6lk\u0259 aras\u0131nda ticari-iqtisadi \u0259laq\u0259l\u0259rin yax\u015f\u0131la\u015fmas\u0131na xidm\u0259t ed\u0259c\u0259k&#8221;.<\/p>\n<p>S\u0259fir bildirib ki, Mumbaydan Moskvayad\u0259k \u0130ran\u0131n B\u0259nd\u0259r-Abbas v\u0259 ya \u00c7abahar limanlar\u0131ndan, dahan Bak\u0131dan ke\u00e7\u0259n &#8220;\u015eimal-C\u0259nub&#8221; mar\u015frutu iqtisadi bax\u0131mdan daha s\u0259m\u0259r\u0259li olacaq v\u0259 haz\u0131rk\u0131 d\u0259niz mar\u015frutundan 40 faiz daha q\u0131sa olacaq:<\/p>\n<p>&#8220;Ona g\u00f6r\u0259 d\u0259 biz &#8220;\u015eimal-C\u0259nub&#8221; layih\u0259sind\u0259 Az\u0259rbaycanla \u0259m\u0259kda\u015fl\u0131\u011fa b\u00f6y\u00fck \u00f6n\u0259m veririk v\u0259 bu layih\u0259nin inki\u015faf\u0131 \u00fc\u00e7\u00fcn Az\u0259rbaycanla i\u015fl\u0259m\u0259kd\u0259n m\u0259mnunuq&#8221;.<\/p>\n","protected":false},"excerpt":{"rendered":"<p>&#8220;\u015eimal-C\u0259nub&#8221; beyn\u0259lxalq n\u0259qliyyat d\u0259hlizi Hindistan v\u0259 Az\u0259rbaycan aras\u0131nda ticar\u0259t h\u0259cminin artmas\u0131na k\u00f6m\u0259k ed\u0259c\u0259k. ARANTV.AZ x\u0259b\u0259r verir ki, bunu\u00a0Trend-\u0259 Hindistan\u0131n Az\u0259rbaycandak\u0131 s\u0259firi Bavitlunq Vanlalvana deyib. O qeyd edib ki, Az\u0259rbaycan &#8220;\u015eimal-C\u0259nub&#8221; beyn\u0259lxalq n\u0259qliyyat d\u0259hlizi vacib i\u015ftirak\u00e7\u0131s\u0131d\u0131r: &#8220;Biz hesab edirik ki, bu d\u0259hlizin tam istismara verilm\u0259si Hindistan v\u0259 Az\u0259rbaycan, el\u0259c\u0259 d\u0259 iri Avrasiya regionu aras\u0131nda daha yax\u015f\u0131 \u0259laq\u0259ni t\u0259min ed\u0259c\u0259k. Layih\u0259nin ba\u015fa \u00e7atmas\u0131 m\u0259hsullar\u0131n h\u0259r\u0259k\u0259tini asanla\u015fd\u0131racaq v\u0259 iki \u00f6lk\u0259 aras\u0131nda ticari-iqtisadi \u0259laq\u0259l\u0259rin yax\u015f\u0131la\u015fmas\u0131na xidm\u0259t ed\u0259c\u0259k&#8221;. S\u0259fir bildirib ki, Mumbaydan Moskvayad\u0259k \u0130ran\u0131n B\u0259nd\u0259r-Abbas v\u0259 ya \u00c7abahar limanlar\u0131ndan, dahan Bak\u0131dan ke\u00e7\u0259n &#8220;\u015eimal-C\u0259nub&#8221; mar\u015frutu iqtisadi&hellip;<\/p>\n","protected":false},"author":2,"featured_media":102473,"comment_status":"closed","ping_status":"closed","sticky":false,"template":"","format":"standard","meta":{"om_disable_all_campaigns":false,"_monsterinsights_skip_tracking":false,"_monsterinsights_sitenote_active":false,"_monsterinsights_sitenote_note":"","_monsterinsights_sitenote_category":0},"categories":[19],"tags":[],"aioseo_notices":[],"gutentor_comment":0,"rttpg_featured_image_url":{"full":["https:\/\/arantv.az\/wp-content\/uploads\/2019\/11\/806523.jpg",800,600,false],"landscape":["https:\/\/arantv.az\/wp-content\/uploads\/2019\/11\/806523.jpg",800,600,false],"portraits":["https:\/\/arantv.az\/wp-content\/uploads\/2019\/11\/806523.jpg",800,600,false],"thumbnail":["https:\/\/arantv.az\/wp-content\/uploads\/2019\/11\/806523-150x150.jpg",150,150,true],"medium":["https:\/\/arantv.az\/wp-content\/uploads\/2019\/11\/806523-300x225.jpg",300,225,true],"large":["https:\/\/arantv.az\/wp-content\/uploads\/2019\/11\/806523.jpg",640,480,false],"1536x1536":["https:\/\/arantv.az\/wp-content\/uploads\/2019\/11\/806523.jpg",800,600,false],"2048x2048":["https:\/\/arantv.az\/wp-content\/uploads\/2019\/11\/806523.jpg",800,600,false],"post-thumbnail":["https:\/\/arantv.az\/wp-content\/uploads\/2019\/11\/806523-240x172.jpg",240,172,true],"advps-thumb-one":["https:\/\/arantv.az\/wp-content\/uploads\/2019\/11\/806523.jpg",800,600,false]},"rttpg_author":{"display_name":"V\u00fcsal Rafiqo\u011flu","author_link":"https:\/\/arantv.az\/?author=2"},"rttpg_comment":0,"rttpg_category":"<a href=\"https:\/\/arantv.az\/?cat=19\" rel=\"category\">G\u00fcnd\u0259m<\/a>","rttpg_excerpt":"&#8220;\u015eimal-C\u0259nub&#8221; beyn\u0259lxalq n\u0259qliyyat d\u0259hlizi Hindistan v\u0259 Az\u0259rbaycan aras\u0131nda ticar\u0259t h\u0259cminin artmas\u0131na k\u00f6m\u0259k ed\u0259c\u0259k. ARANTV.AZ x\u0259b\u0259r verir ki, bunu\u00a0Trend-\u0259 Hindistan\u0131n Az\u0259rbaycandak\u0131 s\u0259firi Bavitlunq Vanlalvana deyib. O qeyd edib ki, Az\u0259rbaycan &#8220;\u015eimal-C\u0259nub&#8221; beyn\u0259lxalq n\u0259qliyyat d\u0259hlizi vacib i\u015ftirak\u00e7\u0131s\u0131d\u0131r: &#8220;Biz hesab edirik ki, bu d\u0259hlizin tam istismara verilm\u0259si Hindistan v\u0259 Az\u0259rbaycan, el\u0259c\u0259 d\u0259 iri Avrasiya regionu aras\u0131nda daha yax\u015f\u0131&hellip;","_links":{"self":[{"href":"https:\/\/arantv.az\/index.php?rest_route=\/wp\/v2\/posts\/102472"}],"collection":[{"href":"https:\/\/arantv.az\/index.php?rest_route=\/wp\/v2\/posts"}],"about":[{"href":"https:\/\/arantv.az\/index.php?rest_route=\/wp\/v2\/types\/post"}],"author":[{"embeddable":true,"href":"https:\/\/arantv.az\/index.php?rest_route=\/wp\/v2\/users\/2"}],"replies":[{"embeddable":true,"href":"https:\/\/arantv.az\/index.php?rest_route=%2Fwp%2Fv2%2Fcomments&post=102472"}],"version-history":[{"count":0,"href":"https:\/\/arantv.az\/index.php?rest_route=\/wp\/v2\/posts\/102472\/revisions"}],"wp:featuredmedia":[{"embeddable":true,"href":"https:\/\/arantv.az\/index.php?rest_route=\/wp\/v2\/media\/102473"}],"wp:attachment":[{"href":"https:\/\/arantv.az\/index.php?rest_route=%2Fwp%2Fv2%2Fmedia&parent=102472"}],"wp:term":[{"taxonomy":"category","embeddable":true,"href":"https:\/\/arantv.az\/index.php?rest_route=%2Fwp%2Fv2%2Fcategories&post=102472"},{"taxonomy":"post_tag","embeddable":true,"href":"https:\/\/arantv.az\/index.php?rest_route=%2Fwp%2Fv2%2Ftags&post=102472"}],"curies":[{"name":"wp","href":"https:\/\/api.w.org\/{rel}","templated":true}]}}