{"id":102524,"date":"2019-11-30T12:58:33","date_gmt":"2019-11-30T09:58:33","guid":{"rendered":"http:\/\/arantv.az\/?p=102524"},"modified":"2019-11-30T12:58:33","modified_gmt":"2019-11-30T09:58:33","slug":"avropa-ittifaqinin-ali-numay%c9%99nd%c9%99sind%c9%99n-az%c9%99rbaycanla-bagli-muhum-mesaj","status":"publish","type":"post","link":"https:\/\/arantv.az\/?p=102524","title":{"rendered":"Avropa \u0130ttifaq\u0131n\u0131n Ali N\u00fcmay\u0259nd\u0259sind\u0259n Az\u0259rbaycanla ba\u011fl\u0131 m\u00fch\u00fcm &#8211; MESAJ"},"content":{"rendered":"<p>Avropa \u0130ttifaq\u0131n\u0131n (A\u0130) xarici v\u0259 t\u0259hl\u00fck\u0259sizlik siyas\u0259ti \u00fczr\u0259 Ali N\u00fcmay\u0259nd\u0259si Federika Moqerini bu ilin noyabr\u0131n 27-d\u0259 Avropa Parlamentinin \u015f\u0259rq qon\u015fulu\u011funda inki\u015faf m\u00f6vzusunda ke\u00e7iril\u0259n m\u00fczakir\u0259l\u0259rind\u0259 \u00e7\u0131x\u0131\u015f\u00a0<a href=\"https:\/\/eeas.europa.eu\/headquarters\/headquarters-homepage\/71131\/speech-federica-mogherini-european-parliament-plenary-debate-eastern-neighbourhood_en%20?fbclid=IwAR0FzGwydhN83_sXvPEyKjkn1VsOHX9g0bdSkqAfLiSeAstm-5MsW1fFgFI\" target=\"_blank\" rel=\"noopener\">edib<\/a>.<\/p>\n<p><b>ARANTV.AZ<\/b>-\u0131n m\u0259lumat\u0131na g\u00f6r\u0259, Ali N\u00fcmay\u0259nd\u0259 son be\u015f\u00a0il \u0259rzind\u0259 \u015e\u0259rq T\u0259r\u0259fda\u015flar\u0131 il\u0259 i\u015fl\u0259m\u0259k imkan\u0131ndan b\u0259hs edib.<\/p>\n<p>O, 2014-c\u00fc ild\u0259 v\u0259zif\u0259y\u0259 g\u0259ldiyi zaman bu m\u0259s\u0259l\u0259nin A\u0130-nin xarici v\u0259 t\u0259hl\u00fck\u0259sizlik siyas\u0259ti g\u00fcnd\u0259liyinin \u0259n m\u00fch\u00fcm elementl\u0259rind\u0259n biri oldu\u011funu qeyd edib.<\/p>\n<div id=\"AdviadNativeVideo0\" class=\"AdviadNativeVideo\"><\/div>\n<p>F.Moqerini haz\u0131rda\u00a0A\u0130-nin \u015e\u0259rq T\u0259r\u0259fda\u015flar\u0131na daha da yax\u0131n oldu\u011funu vur\u011fulay\u0131b.<\/p>\n<p>\u015e\u0259rq T\u0259r\u0259fda\u015fl\u0131\u011f\u0131 \u00f6lk\u0259l\u0259ri il\u0259 m\u00fcnasib\u0259tl\u0259r haqq\u0131nda b\u0259hs ed\u0259n F.Moqerini, A\u0130-nin Az\u0259rbaycan il\u0259 yeni Sazi\u015fi yekunla\u015fd\u0131rmaq \u00fc\u00e7\u00fcn i\u015fi davam etdirdiyini bildirib.<\/p>\n<p>O, beyn\u0259lxalq standartlara uy\u011fun olaraq, insan h\u00fcquqlar\u0131ndan iqtisadiyyat\u0131n \u015fax\u0259l\u0259ndirilm\u0259sinin d\u0259st\u0259kl\u0259nm\u0259sin\u0259d\u0259k m\u00fcxt\u0259lif m\u0259s\u0259l\u0259l\u0259ri \u0259hat\u0259 ed\u0259n ambisiyal\u0131 sazi\u015fin arzu edildiyini vur\u011fulay\u0131b.<\/p>\n<p>A\u0130-nin Ali N\u00fcmay\u0259nd\u0259si Da\u011fl\u0131q Qaraba\u011f m\u00fcnaqi\u015f\u0259sinin s\u00fclh yolu il\u0259 h\u0259lli \u00fc\u00e7\u00fcn i\u015fin, Erm\u0259nistan v\u0259 Az\u0259rbaycan aras\u0131nda \u0259n y\u00fcks\u0259k s\u0259viyy\u0259d\u0259 dialoqun d\u0259st\u0259kl\u0259nm\u0259sinin v\u0259 t\u0259\u015fviq edilm\u0259sinin davam etdiril\u0259c\u0259yini bildirib.<\/p>\n<p>A\u0130-nin AT\u018fT-in Minsk Qrupunun h\u0259ms\u0259drl\u0259rinin vasit\u0259\u00e7ilik s\u0259yl\u0259rini v\u0259 t\u0259klifl\u0259rini, A\u0130-nin X\u00fcsusi N\u00fcmay\u0259nd\u0259sinin f\u0259aliyy\u0259ti vasit\u0259sil\u0259 daxil olmaqla, d\u0259st\u0259kl\u0259diyi vur\u011fulan\u0131b.<\/p>\n<p>Qeyd etm\u0259k laz\u0131md\u0131r ki, A\u0130-nin Avropa Xarici F\u0259aliyy\u0259t Xidm\u0259tinin r\u0259smi internet s\u0259hif\u0259sind\u0259 yerl\u0259\u015fdiril\u0259n bu \u00e7\u0131x\u0131\u015f\u0131n Az\u0259rbaycanla ba\u011fl\u0131, x\u00fcsusil\u0259 d\u0259 m\u00fcnaqi\u015f\u0259nin h\u0259llind\u0259n b\u0259hs ed\u0259n paraqraf\u0131na daxil edilmi\u015f \u201cAz\u0259rbaycan\u201d ke\u00e7idi oxucunu bu ilin aprel ay\u0131nda Br\u00fcsseld\u0259 ke\u00e7irilmi\u015f A\u0130-Az\u0259rbaycan \u018fm\u0259kda\u015fl\u0131q \u015euras\u0131n\u0131n 16-c\u0131 iclas\u0131n\u0131n m\u0259tbuat konfrans\u0131na istiqam\u0259tl\u0259ndirir.<\/p>\n<p>Xat\u0131rladaq ki, s\u00f6z\u00fcged\u0259n m\u0259tbuat konfrans\u0131 zaman\u0131 Ali N\u00fcmay\u0259nd\u0259 F.Moqerini Az\u0259rbaycan\u0131 A\u0130-nin \u00e7ox m\u00fch\u00fcm t\u0259r\u0259fda\u015f\u0131 adland\u0131r\u0131b. Az\u0259rbaycan\u0131n m\u00fcst\u0259qilliyi, suverenliyi v\u0259 \u0259razi b\u00fct\u00f6vl\u00fcy\u00fcn\u00fcn A\u0130 t\u0259r\u0259find\u0259n tam \u015f\u0259kild\u0259 d\u0259st\u0259kl\u0259ndiyini vur\u011fulay\u0131b.Oxu.Az<\/p>\n","protected":false},"excerpt":{"rendered":"<p>Avropa \u0130ttifaq\u0131n\u0131n (A\u0130) xarici v\u0259 t\u0259hl\u00fck\u0259sizlik siyas\u0259ti \u00fczr\u0259 Ali N\u00fcmay\u0259nd\u0259si Federika Moqerini bu ilin noyabr\u0131n 27-d\u0259 Avropa Parlamentinin \u015f\u0259rq qon\u015fulu\u011funda inki\u015faf m\u00f6vzusunda ke\u00e7iril\u0259n m\u00fczakir\u0259l\u0259rind\u0259 \u00e7\u0131x\u0131\u015f\u00a0edib. ARANTV.AZ-\u0131n m\u0259lumat\u0131na g\u00f6r\u0259, Ali N\u00fcmay\u0259nd\u0259 son be\u015f\u00a0il \u0259rzind\u0259 \u015e\u0259rq T\u0259r\u0259fda\u015flar\u0131 il\u0259 i\u015fl\u0259m\u0259k imkan\u0131ndan b\u0259hs edib. O, 2014-c\u00fc ild\u0259 v\u0259zif\u0259y\u0259 g\u0259ldiyi zaman bu m\u0259s\u0259l\u0259nin A\u0130-nin xarici v\u0259 t\u0259hl\u00fck\u0259sizlik siyas\u0259ti g\u00fcnd\u0259liyinin \u0259n m\u00fch\u00fcm elementl\u0259rind\u0259n biri oldu\u011funu qeyd edib. F.Moqerini haz\u0131rda\u00a0A\u0130-nin \u015e\u0259rq T\u0259r\u0259fda\u015flar\u0131na daha da yax\u0131n oldu\u011funu vur\u011fulay\u0131b. \u015e\u0259rq T\u0259r\u0259fda\u015fl\u0131\u011f\u0131 \u00f6lk\u0259l\u0259ri il\u0259 m\u00fcnasib\u0259tl\u0259r haqq\u0131nda b\u0259hs ed\u0259n F.Moqerini, A\u0130-nin Az\u0259rbaycan il\u0259 yeni Sazi\u015fi yekunla\u015fd\u0131rmaq \u00fc\u00e7\u00fcn i\u015fi davam etdirdiyini bildirib.&hellip;<\/p>\n","protected":false},"author":2,"featured_media":102525,"comment_status":"closed","ping_status":"closed","sticky":false,"template":"","format":"standard","meta":{"om_disable_all_campaigns":false,"_monsterinsights_skip_tracking":false,"_monsterinsights_sitenote_active":false,"_monsterinsights_sitenote_note":"","_monsterinsights_sitenote_category":0},"categories":[4],"tags":[],"aioseo_notices":[],"gutentor_comment":0,"rttpg_featured_image_url":{"full":["https:\/\/arantv.az\/wp-content\/uploads\/2019\/11\/federica_mogherini_031114.jpg",620,421,false],"landscape":["https:\/\/arantv.az\/wp-content\/uploads\/2019\/11\/federica_mogherini_031114.jpg",620,421,false],"portraits":["https:\/\/arantv.az\/wp-content\/uploads\/2019\/11\/federica_mogherini_031114.jpg",620,421,false],"thumbnail":["https:\/\/arantv.az\/wp-content\/uploads\/2019\/11\/federica_mogherini_031114-150x150.jpg",150,150,true],"medium":["https:\/\/arantv.az\/wp-content\/uploads\/2019\/11\/federica_mogherini_031114-300x204.jpg",300,204,true],"large":["https:\/\/arantv.az\/wp-content\/uploads\/2019\/11\/federica_mogherini_031114.jpg",620,421,false],"1536x1536":["https:\/\/arantv.az\/wp-content\/uploads\/2019\/11\/federica_mogherini_031114.jpg",620,421,false],"2048x2048":["https:\/\/arantv.az\/wp-content\/uploads\/2019\/11\/federica_mogherini_031114.jpg",620,421,false],"post-thumbnail":["https:\/\/arantv.az\/wp-content\/uploads\/2019\/11\/federica_mogherini_031114-240x172.jpg",240,172,true],"advps-thumb-one":["https:\/\/arantv.az\/wp-content\/uploads\/2019\/11\/federica_mogherini_031114.jpg",620,421,false]},"rttpg_author":{"display_name":"V\u00fcsal Rafiqo\u011flu","author_link":"https:\/\/arantv.az\/?author=2"},"rttpg_comment":0,"rttpg_category":"<a href=\"https:\/\/arantv.az\/?cat=4\" rel=\"category\">Siyas\u0259t<\/a>","rttpg_excerpt":"Avropa \u0130ttifaq\u0131n\u0131n (A\u0130) xarici v\u0259 t\u0259hl\u00fck\u0259sizlik siyas\u0259ti \u00fczr\u0259 Ali N\u00fcmay\u0259nd\u0259si Federika Moqerini bu ilin noyabr\u0131n 27-d\u0259 Avropa Parlamentinin \u015f\u0259rq qon\u015fulu\u011funda inki\u015faf m\u00f6vzusunda ke\u00e7iril\u0259n m\u00fczakir\u0259l\u0259rind\u0259 \u00e7\u0131x\u0131\u015f\u00a0edib. ARANTV.AZ-\u0131n m\u0259lumat\u0131na g\u00f6r\u0259, Ali N\u00fcmay\u0259nd\u0259 son be\u015f\u00a0il \u0259rzind\u0259 \u015e\u0259rq T\u0259r\u0259fda\u015flar\u0131 il\u0259 i\u015fl\u0259m\u0259k imkan\u0131ndan b\u0259hs edib. O, 2014-c\u00fc ild\u0259 v\u0259zif\u0259y\u0259 g\u0259ldiyi zaman bu m\u0259s\u0259l\u0259nin A\u0130-nin xarici v\u0259 t\u0259hl\u00fck\u0259sizlik siyas\u0259ti g\u00fcnd\u0259liyinin \u0259n&hellip;","_links":{"self":[{"href":"https:\/\/arantv.az\/index.php?rest_route=\/wp\/v2\/posts\/102524"}],"collection":[{"href":"https:\/\/arantv.az\/index.php?rest_route=\/wp\/v2\/posts"}],"about":[{"href":"https:\/\/arantv.az\/index.php?rest_route=\/wp\/v2\/types\/post"}],"author":[{"embeddable":true,"href":"https:\/\/arantv.az\/index.php?rest_route=\/wp\/v2\/users\/2"}],"replies":[{"embeddable":true,"href":"https:\/\/arantv.az\/index.php?rest_route=%2Fwp%2Fv2%2Fcomments&post=102524"}],"version-history":[{"count":0,"href":"https:\/\/arantv.az\/index.php?rest_route=\/wp\/v2\/posts\/102524\/revisions"}],"wp:featuredmedia":[{"embeddable":true,"href":"https:\/\/arantv.az\/index.php?rest_route=\/wp\/v2\/media\/102525"}],"wp:attachment":[{"href":"https:\/\/arantv.az\/index.php?rest_route=%2Fwp%2Fv2%2Fmedia&parent=102524"}],"wp:term":[{"taxonomy":"category","embeddable":true,"href":"https:\/\/arantv.az\/index.php?rest_route=%2Fwp%2Fv2%2Fcategories&post=102524"},{"taxonomy":"post_tag","embeddable":true,"href":"https:\/\/arantv.az\/index.php?rest_route=%2Fwp%2Fv2%2Ftags&post=102524"}],"curies":[{"name":"wp","href":"https:\/\/api.w.org\/{rel}","templated":true}]}}