{"id":102528,"date":"2019-11-30T12:59:08","date_gmt":"2019-11-30T09:59:08","guid":{"rendered":"http:\/\/arantv.az\/?p=102528"},"modified":"2019-11-30T12:59:08","modified_gmt":"2019-11-30T09:59:08","slug":"leyla-abdullayeva-pasinyanin-fikirl%c9%99rinin-daxili-auditoriyaya-yon%c9%99ldiyi-hec-bir-subh%c9%99-dogurmur","status":"publish","type":"post","link":"https:\/\/arantv.az\/?p=102528","title":{"rendered":"Leyla Abdullayeva: Pa\u015finyan\u0131n fikirl\u0259rinin daxili auditoriyaya y\u00f6n\u0259ldiyi he\u00e7 bir \u015f\u00fcbh\u0259 do\u011furmur"},"content":{"rendered":"<p>Xarici \u0130\u015fl\u0259r Nazirliyinin\u00a0M\u0259tbuat xidm\u0259ti idar\u0259sinin r\u0259isi Leyla Abdullayeva Erm\u0259nistan Ba\u015f naziri Nikol Pa\u015finyan\u0131n milli t\u0259hl\u00fck\u0259sizlik strategiyas\u0131 \u00fczr\u0259 iclasda \u00e7\u0131x\u0131\u015f\u0131 zaman\u0131 Erm\u0259nistan\u0131n strateji maraqlar\u0131na uy\u011fun olaraq m\u00fcnaqi\u015f\u0259nin h\u0259lli prosesind\u0259 \u00f6z m\u00f6vqeyini t\u0259qdim etm\u0259y\u0259 nail olmas\u0131 il\u0259 ba\u011fl\u0131 s\u0259sl\u0259ndirdiyi fikirl\u0259rin\u0259\u00a0m\u00fcnasib\u0259t bildirib.<\/p>\n<p>L.Abdullayeva bildirib ki, h\u0259mi\u015f\u0259ki kimi,\u00a0Erm\u0259nistan ba\u015f nazirini anlamaq \u00e7ox \u00e7\u0259tindir:<\/p>\n<div id=\"AdviadNativeVideo0\" class=\"AdviadNativeVideo\"><\/div>\n<p>\u201c\u018flb\u0259tt\u0259, Ba\u015f nazir N.Pa\u015finyan\u0131n bu fikirl\u0259rinin daxili auditoriyaya y\u00f6n\u0259ldiyi he\u00e7 bir \u015f\u00fcbh\u0259 do\u011furmur. Maraql\u0131d\u0131r, Erm\u0259nistan-Az\u0259rbaycan Da\u011fl\u0131q Qaraba\u011f m\u00fcnaqi\u015f\u0259sinin h\u0259lli prosesind\u0259 he\u00e7 bir ir\u0259lil\u0259yi\u015fin \u0259ld\u0259 olunmad\u0131\u011f\u0131 v\u0259 bel\u0259likl\u0259, g\u0259rginliyin h\u0259r an artmas\u0131 riskinin m\u00f6vcud oldu\u011fu bir halda N.Pa\u015finyan hans\u0131 strategiyadan dan\u0131\u015f\u0131r?<\/p>\n<p>\u018fg\u0259r Erm\u0259nistan\u0131n strateji maraqlar\u0131 m\u00fcnaqi\u015f\u0259nin h\u0259lli prosesin\u0259 z\u0259rb\u0259 vurmaqd\u0131rsa, o zaman Erm\u0259nistan r\u0259hb\u0259rliyi bunu a\u00e7\u0131q \u015f\u0259kild\u0259 b\u0259yan etm\u0259lidir ki, AT\u018fT-in Minsk Qrupunun h\u0259ms\u0259dr \u00f6lk\u0259l\u0259ri ba\u015fda olmaqla, beyn\u0259lxalq ictimaiyy\u0259t m\u00fcvafiq n\u0259tic\u0259 \u00e7\u0131xars\u0131n\u201d.<\/p>\n<p>\u201cErm\u0259nistan h\u00f6kum\u0259tinin r\u0259hb\u0259rinin n\u0259 dediyind\u0259n as\u0131l\u0131 olmayaraq, m\u00fcnaqi\u015f\u0259nin h\u0259lli il\u0259 ba\u011fl\u0131 BMT T\u015e-nin q\u0259tnam\u0259l\u0259rind\u0259, dig\u0259r t\u0259\u015fkilatlar\u0131n \u00e7oxsayl\u0131 q\u0259rarlar\u0131nda, el\u0259c\u0259 d\u0259, Minsk Qrupu h\u0259ms\u0259drl\u0259rinin b\u0259yanatlar\u0131nda ayd\u0131n \u015f\u0259kild\u0259 \u0259ks olunan m\u00f6vqe ondan ibar\u0259tdir ki, Az\u0259rbaycan\u0131n i\u015f\u011fal olunmu\u015f \u0259razil\u0259ri bo\u015fald\u0131lmal\u0131, az\u0259rbaycanl\u0131 m\u0259cburi k\u00f6\u00e7k\u00fcnl\u0259r is\u0259 oz evl\u0259rin\u0259 geri qay\u0131tmal\u0131d\u0131rlar\u201d, &#8211; dey\u0259 X\u0130N r\u0259smisi qeyd edib.<\/p>\n","protected":false},"excerpt":{"rendered":"<p>Xarici \u0130\u015fl\u0259r Nazirliyinin\u00a0M\u0259tbuat xidm\u0259ti idar\u0259sinin r\u0259isi Leyla Abdullayeva Erm\u0259nistan Ba\u015f naziri Nikol Pa\u015finyan\u0131n milli t\u0259hl\u00fck\u0259sizlik strategiyas\u0131 \u00fczr\u0259 iclasda \u00e7\u0131x\u0131\u015f\u0131 zaman\u0131 Erm\u0259nistan\u0131n strateji maraqlar\u0131na uy\u011fun olaraq m\u00fcnaqi\u015f\u0259nin h\u0259lli prosesind\u0259 \u00f6z m\u00f6vqeyini t\u0259qdim etm\u0259y\u0259 nail olmas\u0131 il\u0259 ba\u011fl\u0131 s\u0259sl\u0259ndirdiyi fikirl\u0259rin\u0259\u00a0m\u00fcnasib\u0259t bildirib. L.Abdullayeva bildirib ki, h\u0259mi\u015f\u0259ki kimi,\u00a0Erm\u0259nistan ba\u015f nazirini anlamaq \u00e7ox \u00e7\u0259tindir: \u201c\u018flb\u0259tt\u0259, Ba\u015f nazir N.Pa\u015finyan\u0131n bu fikirl\u0259rinin daxili auditoriyaya y\u00f6n\u0259ldiyi he\u00e7 bir \u015f\u00fcbh\u0259 do\u011furmur. Maraql\u0131d\u0131r, Erm\u0259nistan-Az\u0259rbaycan Da\u011fl\u0131q Qaraba\u011f m\u00fcnaqi\u015f\u0259sinin h\u0259lli prosesind\u0259 he\u00e7 bir ir\u0259lil\u0259yi\u015fin \u0259ld\u0259 olunmad\u0131\u011f\u0131 v\u0259 bel\u0259likl\u0259, g\u0259rginliyin h\u0259r an artmas\u0131 riskinin m\u00f6vcud oldu\u011fu bir halda N.Pa\u015finyan hans\u0131 strategiyadan dan\u0131\u015f\u0131r? \u018fg\u0259r&hellip;<\/p>\n","protected":false},"author":2,"featured_media":102529,"comment_status":"closed","ping_status":"closed","sticky":false,"template":"","format":"standard","meta":{"om_disable_all_campaigns":false,"_monsterinsights_skip_tracking":false,"_monsterinsights_sitenote_active":false,"_monsterinsights_sitenote_note":"","_monsterinsights_sitenote_category":0},"categories":[4],"tags":[],"aioseo_notices":[],"gutentor_comment":0,"rttpg_featured_image_url":{"full":["https:\/\/arantv.az\/wp-content\/uploads\/2019\/11\/xin-leyla.jpg",620,412,false],"landscape":["https:\/\/arantv.az\/wp-content\/uploads\/2019\/11\/xin-leyla.jpg",620,412,false],"portraits":["https:\/\/arantv.az\/wp-content\/uploads\/2019\/11\/xin-leyla.jpg",620,412,false],"thumbnail":["https:\/\/arantv.az\/wp-content\/uploads\/2019\/11\/xin-leyla-150x150.jpg",150,150,true],"medium":["https:\/\/arantv.az\/wp-content\/uploads\/2019\/11\/xin-leyla-300x199.jpg",300,199,true],"large":["https:\/\/arantv.az\/wp-content\/uploads\/2019\/11\/xin-leyla.jpg",620,412,false],"1536x1536":["https:\/\/arantv.az\/wp-content\/uploads\/2019\/11\/xin-leyla.jpg",620,412,false],"2048x2048":["https:\/\/arantv.az\/wp-content\/uploads\/2019\/11\/xin-leyla.jpg",620,412,false],"post-thumbnail":["https:\/\/arantv.az\/wp-content\/uploads\/2019\/11\/xin-leyla-240x172.jpg",240,172,true],"advps-thumb-one":["https:\/\/arantv.az\/wp-content\/uploads\/2019\/11\/xin-leyla.jpg",620,412,false]},"rttpg_author":{"display_name":"V\u00fcsal Rafiqo\u011flu","author_link":"https:\/\/arantv.az\/?author=2"},"rttpg_comment":0,"rttpg_category":"<a href=\"https:\/\/arantv.az\/?cat=4\" rel=\"category\">Siyas\u0259t<\/a>","rttpg_excerpt":"Xarici \u0130\u015fl\u0259r Nazirliyinin\u00a0M\u0259tbuat xidm\u0259ti idar\u0259sinin r\u0259isi Leyla Abdullayeva Erm\u0259nistan Ba\u015f naziri Nikol Pa\u015finyan\u0131n milli t\u0259hl\u00fck\u0259sizlik strategiyas\u0131 \u00fczr\u0259 iclasda \u00e7\u0131x\u0131\u015f\u0131 zaman\u0131 Erm\u0259nistan\u0131n strateji maraqlar\u0131na uy\u011fun olaraq m\u00fcnaqi\u015f\u0259nin h\u0259lli prosesind\u0259 \u00f6z m\u00f6vqeyini t\u0259qdim etm\u0259y\u0259 nail olmas\u0131 il\u0259 ba\u011fl\u0131 s\u0259sl\u0259ndirdiyi fikirl\u0259rin\u0259\u00a0m\u00fcnasib\u0259t bildirib. L.Abdullayeva bildirib ki, h\u0259mi\u015f\u0259ki kimi,\u00a0Erm\u0259nistan ba\u015f nazirini anlamaq \u00e7ox \u00e7\u0259tindir: \u201c\u018flb\u0259tt\u0259, Ba\u015f nazir N.Pa\u015finyan\u0131n bu fikirl\u0259rinin&hellip;","_links":{"self":[{"href":"https:\/\/arantv.az\/index.php?rest_route=\/wp\/v2\/posts\/102528"}],"collection":[{"href":"https:\/\/arantv.az\/index.php?rest_route=\/wp\/v2\/posts"}],"about":[{"href":"https:\/\/arantv.az\/index.php?rest_route=\/wp\/v2\/types\/post"}],"author":[{"embeddable":true,"href":"https:\/\/arantv.az\/index.php?rest_route=\/wp\/v2\/users\/2"}],"replies":[{"embeddable":true,"href":"https:\/\/arantv.az\/index.php?rest_route=%2Fwp%2Fv2%2Fcomments&post=102528"}],"version-history":[{"count":0,"href":"https:\/\/arantv.az\/index.php?rest_route=\/wp\/v2\/posts\/102528\/revisions"}],"wp:featuredmedia":[{"embeddable":true,"href":"https:\/\/arantv.az\/index.php?rest_route=\/wp\/v2\/media\/102529"}],"wp:attachment":[{"href":"https:\/\/arantv.az\/index.php?rest_route=%2Fwp%2Fv2%2Fmedia&parent=102528"}],"wp:term":[{"taxonomy":"category","embeddable":true,"href":"https:\/\/arantv.az\/index.php?rest_route=%2Fwp%2Fv2%2Fcategories&post=102528"},{"taxonomy":"post_tag","embeddable":true,"href":"https:\/\/arantv.az\/index.php?rest_route=%2Fwp%2Fv2%2Ftags&post=102528"}],"curies":[{"name":"wp","href":"https:\/\/api.w.org\/{rel}","templated":true}]}}