{"id":102532,"date":"2019-11-30T13:02:37","date_gmt":"2019-11-30T10:02:37","guid":{"rendered":"http:\/\/arantv.az\/?p=102532"},"modified":"2019-11-30T13:02:37","modified_gmt":"2019-11-30T10:02:37","slug":"vilay%c9%99t-eyvazovdan-yeni-t%c9%99yinat-16","status":"publish","type":"post","link":"https:\/\/arantv.az\/?p=102532","title":{"rendered":"Vilay\u0259t Eyvazovdan yeni &#8211; T\u018fY\u0130NAT"},"content":{"rendered":"<p>Daxili i\u015fl\u0259r orqanlar\u0131nda n\u00f6vb\u0259ti kadr d\u0259yi\u015fikliyi olub.<\/p>\n<p><b>ARANTV.AZ<\/b>-\u0131n m\u0259lumat\u0131na g\u00f6r\u0259, bu bar\u0259d\u0259 m\u00fcvafiq \u0259mri Daxili \u0130\u015fl\u0259r naziri, general-polkovnik Vilay\u0259t Eyvazov imzalay\u0131b.<\/p>\n<p>\u018fmr\u0259 \u0259sas\u0259n, polkovnik-leytenant Sahib \u0130sk\u0259nd\u0259rov D\u0130N-in Maddi-Texniki T\u0259minat Ba\u015f \u0130dar\u0259sin\u0259 bilavasit\u0259 tabe olan Avtomobil T\u0259s\u0259rr\u00fcfat\u0131na r\u0259is t\u0259yin edilib.<\/p>\n<p>O, bundan \u0259vv\u0259l Avtomobil T\u0259s\u0259rr\u00fcfat\u0131n\u0131n r\u0259is m\u00fcavini v\u0259zif\u0259sind\u0259 \u00e7al\u0131\u015f\u0131b.<\/p>\n<p>eyd ed\u0259k ki, bir m\u00fcdd\u0259t \u0259vv\u0259l D\u0130N-in Maddi-Texniki T\u0259minat Ba\u015f \u0130dar\u0259sinin r\u0259is m\u00fcavini, polis polkovniki \u018fkb\u0259r \u018fkb\u0259rov xidm\u0259td\u0259 olman\u0131n son ya\u015f h\u0259ddi il\u0259 \u0259laq\u0259dar t\u0259qa\u00fcd\u0259 g\u00f6nd\u0259rilib.<\/p>\n<p>D\u0130N-in Avtomobil t\u0259s\u0259rr\u00fcfat\u0131n\u0131n r\u0259isi, polis polkovniki El\u00e7in Al\u0131yev Maddi-Texniki T\u0259minat Ba\u015f \u0130dar\u0259sinin r\u0259is m\u00fcavini t\u0259yin olunub.Oxu.Az<\/p>\n","protected":false},"excerpt":{"rendered":"<p>Daxili i\u015fl\u0259r orqanlar\u0131nda n\u00f6vb\u0259ti kadr d\u0259yi\u015fikliyi olub. ARANTV.AZ-\u0131n m\u0259lumat\u0131na g\u00f6r\u0259, bu bar\u0259d\u0259 m\u00fcvafiq \u0259mri Daxili \u0130\u015fl\u0259r naziri, general-polkovnik Vilay\u0259t Eyvazov imzalay\u0131b. \u018fmr\u0259 \u0259sas\u0259n, polkovnik-leytenant Sahib \u0130sk\u0259nd\u0259rov D\u0130N-in Maddi-Texniki T\u0259minat Ba\u015f \u0130dar\u0259sin\u0259 bilavasit\u0259 tabe olan Avtomobil T\u0259s\u0259rr\u00fcfat\u0131na r\u0259is t\u0259yin edilib. O, bundan \u0259vv\u0259l Avtomobil T\u0259s\u0259rr\u00fcfat\u0131n\u0131n r\u0259is m\u00fcavini v\u0259zif\u0259sind\u0259 \u00e7al\u0131\u015f\u0131b. eyd ed\u0259k ki, bir m\u00fcdd\u0259t \u0259vv\u0259l D\u0130N-in Maddi-Texniki T\u0259minat Ba\u015f \u0130dar\u0259sinin r\u0259is m\u00fcavini, polis polkovniki \u018fkb\u0259r \u018fkb\u0259rov xidm\u0259td\u0259 olman\u0131n son ya\u015f h\u0259ddi il\u0259 \u0259laq\u0259dar t\u0259qa\u00fcd\u0259 g\u00f6nd\u0259rilib. D\u0130N-in Avtomobil t\u0259s\u0259rr\u00fcfat\u0131n\u0131n r\u0259isi, polis polkovniki El\u00e7in Al\u0131yev Maddi-Texniki T\u0259minat Ba\u015f \u0130dar\u0259sinin r\u0259is m\u00fcavini t\u0259yin olunub.Oxu.Az<\/p>\n","protected":false},"author":2,"featured_media":102533,"comment_status":"closed","ping_status":"closed","sticky":false,"template":"","format":"standard","meta":{"om_disable_all_campaigns":false,"_monsterinsights_skip_tracking":false,"_monsterinsights_sitenote_active":false,"_monsterinsights_sitenote_note":"","_monsterinsights_sitenote_category":0},"categories":[1],"tags":[],"aioseo_notices":[],"gutentor_comment":0,"rttpg_featured_image_url":{"full":["https:\/\/arantv.az\/wp-content\/uploads\/2019\/11\/vidis.jpg",620,439,false],"landscape":["https:\/\/arantv.az\/wp-content\/uploads\/2019\/11\/vidis.jpg",620,439,false],"portraits":["https:\/\/arantv.az\/wp-content\/uploads\/2019\/11\/vidis.jpg",620,439,false],"thumbnail":["https:\/\/arantv.az\/wp-content\/uploads\/2019\/11\/vidis-150x150.jpg",150,150,true],"medium":["https:\/\/arantv.az\/wp-content\/uploads\/2019\/11\/vidis-300x212.jpg",300,212,true],"large":["https:\/\/arantv.az\/wp-content\/uploads\/2019\/11\/vidis.jpg",620,439,false],"1536x1536":["https:\/\/arantv.az\/wp-content\/uploads\/2019\/11\/vidis.jpg",620,439,false],"2048x2048":["https:\/\/arantv.az\/wp-content\/uploads\/2019\/11\/vidis.jpg",620,439,false],"post-thumbnail":["https:\/\/arantv.az\/wp-content\/uploads\/2019\/11\/vidis-240x172.jpg",240,172,true],"advps-thumb-one":["https:\/\/arantv.az\/wp-content\/uploads\/2019\/11\/vidis.jpg",620,439,false]},"rttpg_author":{"display_name":"V\u00fcsal Rafiqo\u011flu","author_link":"https:\/\/arantv.az\/?author=2"},"rttpg_comment":0,"rttpg_category":"<a href=\"https:\/\/arantv.az\/?cat=1\" rel=\"category\">C\u0259miyy\u0259t<\/a>","rttpg_excerpt":"Daxili i\u015fl\u0259r orqanlar\u0131nda n\u00f6vb\u0259ti kadr d\u0259yi\u015fikliyi olub. ARANTV.AZ-\u0131n m\u0259lumat\u0131na g\u00f6r\u0259, bu bar\u0259d\u0259 m\u00fcvafiq \u0259mri Daxili \u0130\u015fl\u0259r naziri, general-polkovnik Vilay\u0259t Eyvazov imzalay\u0131b. \u018fmr\u0259 \u0259sas\u0259n, polkovnik-leytenant Sahib \u0130sk\u0259nd\u0259rov D\u0130N-in Maddi-Texniki T\u0259minat Ba\u015f \u0130dar\u0259sin\u0259 bilavasit\u0259 tabe olan Avtomobil T\u0259s\u0259rr\u00fcfat\u0131na r\u0259is t\u0259yin edilib. O, bundan \u0259vv\u0259l Avtomobil T\u0259s\u0259rr\u00fcfat\u0131n\u0131n r\u0259is m\u00fcavini v\u0259zif\u0259sind\u0259 \u00e7al\u0131\u015f\u0131b. eyd ed\u0259k ki, bir m\u00fcdd\u0259t \u0259vv\u0259l D\u0130N-in&hellip;","_links":{"self":[{"href":"https:\/\/arantv.az\/index.php?rest_route=\/wp\/v2\/posts\/102532"}],"collection":[{"href":"https:\/\/arantv.az\/index.php?rest_route=\/wp\/v2\/posts"}],"about":[{"href":"https:\/\/arantv.az\/index.php?rest_route=\/wp\/v2\/types\/post"}],"author":[{"embeddable":true,"href":"https:\/\/arantv.az\/index.php?rest_route=\/wp\/v2\/users\/2"}],"replies":[{"embeddable":true,"href":"https:\/\/arantv.az\/index.php?rest_route=%2Fwp%2Fv2%2Fcomments&post=102532"}],"version-history":[{"count":0,"href":"https:\/\/arantv.az\/index.php?rest_route=\/wp\/v2\/posts\/102532\/revisions"}],"wp:featuredmedia":[{"embeddable":true,"href":"https:\/\/arantv.az\/index.php?rest_route=\/wp\/v2\/media\/102533"}],"wp:attachment":[{"href":"https:\/\/arantv.az\/index.php?rest_route=%2Fwp%2Fv2%2Fmedia&parent=102532"}],"wp:term":[{"taxonomy":"category","embeddable":true,"href":"https:\/\/arantv.az\/index.php?rest_route=%2Fwp%2Fv2%2Fcategories&post=102532"},{"taxonomy":"post_tag","embeddable":true,"href":"https:\/\/arantv.az\/index.php?rest_route=%2Fwp%2Fv2%2Ftags&post=102532"}],"curies":[{"name":"wp","href":"https:\/\/api.w.org\/{rel}","templated":true}]}}