{"id":102536,"date":"2019-11-30T13:08:58","date_gmt":"2019-11-30T10:08:58","guid":{"rendered":"http:\/\/arantv.az\/?p=102536"},"modified":"2019-11-30T13:08:58","modified_gmt":"2019-11-30T10:08:58","slug":"prezidentin-islahat-strategiyasi-idar%c9%99etm%c9%99-daha-da-effektivl%c9%99sdirilir-s%c9%99rh","status":"publish","type":"post","link":"https:\/\/arantv.az\/?p=102536","title":{"rendered":"Prezidentin islahat strategiyas\u0131: \u0130dar\u0259etm\u0259 daha da effektivl\u0259\u015fdirilir &#8211; \u015e\u018fRH"},"content":{"rendered":"<p>Az\u0259rbaycanda d\u00f6vl\u0259t idar\u0259etm\u0259si t\u0259kmill\u0259\u015fdirilir, beyn\u0259lxalq \u00e7a\u011f\u0131r\u0131\u015flar\u0131n t\u0259l\u0259b v\u0259 t\u0259klifl\u0259ri kontekstind\u0259 yeni model\u0259 ke\u00e7id prosesi s\u00fcr\u0259tl\u0259nir.<\/p>\n<p>Buna g\u00f6r\u0259 d\u0259\u00a0Az\u0259rbaycan Prezidenti \u0130lham \u018fliyev \u00f6lk\u0259d\u0259 sosial rifah\u0131 y\u00fcks\u0259ltm\u0259k, t\u0259hl\u00fck\u0259sizliyi, sabitliyi g\u00fccl\u0259ndirm\u0259k, idar\u0259etm\u0259ni daha da effektiv v\u0259ziyy\u0259t\u0259 g\u0259tirm\u0259k \u00fc\u00e7\u00fcn islahatlar\u0131 d\u0259rinl\u0259\u015fdirir.<\/p>\n<p>Prezidentin r\u0259hb\u0259rliyi il\u0259 islahatlar geni\u015f sferan\u0131 \u0259hat\u0259 edir, \u00f6z\u00fcn\u00fc do\u011frultmayan qurum v\u0259 v\u0259zif\u0259li \u015f\u0259xsl\u0259r \u201c\u0259l\u0259nir\u201d, onlar\u0131n yerin\u0259 is\u0259 daha \u00e7evik, prosesl\u0259ri daha do\u011fru qiym\u0259tl\u0259ndirib operativ t\u0259dbirl\u0259r g\u00f6r\u0259 bil\u0259n kadrlar g\u0259tirilir.<\/p>\n<p>Bununla da struktur v\u0259 kadr islahatlar\u0131n\u0131n \u0259hat\u0259 dair\u0259si geni\u015fl\u0259nir. Bu reformlar paralelliyi \u00f6z\u00fcnd\u0259 ehtiva edir &#8211; m\u0259hk\u0259m\u0259 sistemi, icra hakimiyy\u0259ti sistemi yenil\u0259nir.<\/p>\n<p>Noyabr\u0131n 29-da is\u0259 Prezident \u0130lham \u018fliyevin h\u0259yata ke\u00e7irdiyi yeni t\u0259yinatlar struktur v\u0259 kadr islahatlar\u0131n\u0131n yeni m\u0259rh\u0259l\u0259si oldu.<\/p>\n<p>\u00d6lk\u0259 ba\u015f\u00e7\u0131s\u0131n\u0131n s\u0259r\u0259ncam\u0131 il\u0259 Prezident Administrasiyas\u0131n\u0131n yeni strukturu\u00a0<a href=\"https:\/\/president.az\/administration\/structure\" target=\"_blank\" rel=\"noopener\">t\u0259sdiql\u0259nib<\/a>. Bel\u0259 ki, Prezident Administrasiyas\u0131n\u0131n i\u015finin t\u0259kmill\u0259\u015fdirilm\u0259si v\u0259 qar\u015f\u0131ya qoyulan v\u0259zif\u0259l\u0259rd\u0259n ir\u0259li g\u0259l\u0259r\u0259k strukturun t\u0259rkibi yenid\u0259n formala\u015fd\u0131r\u0131l\u0131b.<\/p>\n<p>D\u00f6vl\u0259t ba\u015f\u00e7\u0131s\u0131n\u0131n m\u00fcvafiq s\u0259r\u0259ncamlar\u0131 il\u0259 Prezidentin yeni k\u00f6m\u0259k\u00e7il\u0259ri v\u0259 Prezident Administrasiyas\u0131n\u0131n \u015f\u00f6b\u0259 m\u00fcdirl\u0259ri t\u0259yin olunub.<\/p>\n<p>\u0130slahat dal\u011fas\u0131n\u0131n \u00f6lk\u0259d\u0259 siyasi idar\u0259etm\u0259nin \u0259sas r\u0131\u00e7aq\u0131 olan Prezident Administrasiyas\u0131na \u00e7atmas\u0131 icra hakimiyy\u0259tinin keyfiyy\u0259tc\u0259 yeni m\u0259rh\u0259l\u0259y\u0259 q\u0259d\u0259m qoymas\u0131n\u0131n ba\u015flan\u011f\u0131c\u0131d\u0131r.<\/p>\n<p>Hakimiyy\u0259tin icraedici qolu il\u0259 qanunverici qanad\u0131 aras\u0131nda koordinasiyan\u0131n g\u00fccl\u0259ndirilm\u0259si, Milli M\u0259clisin d\u00f6vl\u0259t idar\u0259etm\u0259sind\u0259 effektiv v\u0259 \u00e7evik i\u015ftirak\u0131 da \u00f6n\u0259mlidir.<\/p>\n<p>Bu bax\u0131mdan, islahatlar strategiyas\u0131n\u0131n tam sistemli xarakter almas\u0131 v\u0259 \u00fcmumi inki\u015faf\u0131n tempin\u0259 uy\u011fun olmas\u0131 \u00fc\u00e7\u00fcn parlamentin d\u0259 t\u0259rkibinin d\u0259yi\u015fdirilm\u0259si z\u0259rur\u0259t\u0259 \u00e7evrilib.<\/p>\n<p>Ona g\u00f6r\u0259dir ki, Yeni Az\u0259rbaycan Partiyas\u0131n\u0131n (YAP) Siyasi \u015euras\u0131 islahatlar\u0131n qanunverici hakimiyy\u0259t\u0259 d\u0259 g\u0259tirilm\u0259si \u00fc\u00e7\u00fcn YAP-\u0131 t\u0259msil ed\u0259n deputat korpusuna parlamentin burax\u0131lmas\u0131 xahi\u015fi il\u0259 Prezident\u0259 m\u00fcraci\u0259t etm\u0259sini t\u00f6vsiy\u0259 edib.<\/p>\n<p>YAP-\u0131n s\u0259dr m\u00fcavini \u2013 icra katibi, Ba\u015f nazirin m\u00fcavini \u018fli \u018fhm\u0259dov noyabr\u0131n 28-d\u0131 ke\u00e7irdiyi m\u0259tbuat konfrasn\u0131nda deyib ki, bununla da h\u0259m \u00f6lk\u0259nin daha da inki\u015faf etdirilm\u0259si imkanlar\u0131 \u0259ld\u0259 olunacaq, h\u0259m d\u0259 Az\u0259rbaycan\u0131n parlament v\u0259 siyasi tarixind\u0259 yeni bir \u0259n\u0259n\u0259nin ba\u015flan\u011f\u0131c\u0131\u00a0qoyulacaq.<\/p>\n<p>Qeyd ed\u0259k ki, Milli M\u0259clisin dekabr\u0131n 2-d\u0259 ke\u00e7iril\u0259c\u0259k plenar iclas\u0131nda parlamentin burax\u0131lmas\u0131 m\u0259s\u0259l\u0259sin\u0259 bax\u0131lacaq.<\/p>\n","protected":false},"excerpt":{"rendered":"<p>Az\u0259rbaycanda d\u00f6vl\u0259t idar\u0259etm\u0259si t\u0259kmill\u0259\u015fdirilir, beyn\u0259lxalq \u00e7a\u011f\u0131r\u0131\u015flar\u0131n t\u0259l\u0259b v\u0259 t\u0259klifl\u0259ri kontekstind\u0259 yeni model\u0259 ke\u00e7id prosesi s\u00fcr\u0259tl\u0259nir. Buna g\u00f6r\u0259 d\u0259\u00a0Az\u0259rbaycan Prezidenti \u0130lham \u018fliyev \u00f6lk\u0259d\u0259 sosial rifah\u0131 y\u00fcks\u0259ltm\u0259k, t\u0259hl\u00fck\u0259sizliyi, sabitliyi g\u00fccl\u0259ndirm\u0259k, idar\u0259etm\u0259ni daha da effektiv v\u0259ziyy\u0259t\u0259 g\u0259tirm\u0259k \u00fc\u00e7\u00fcn islahatlar\u0131 d\u0259rinl\u0259\u015fdirir. Prezidentin r\u0259hb\u0259rliyi il\u0259 islahatlar geni\u015f sferan\u0131 \u0259hat\u0259 edir, \u00f6z\u00fcn\u00fc do\u011frultmayan qurum v\u0259 v\u0259zif\u0259li \u015f\u0259xsl\u0259r \u201c\u0259l\u0259nir\u201d, onlar\u0131n yerin\u0259 is\u0259 daha \u00e7evik, prosesl\u0259ri daha do\u011fru qiym\u0259tl\u0259ndirib operativ t\u0259dbirl\u0259r g\u00f6r\u0259 bil\u0259n kadrlar g\u0259tirilir. Bununla da struktur v\u0259 kadr islahatlar\u0131n\u0131n \u0259hat\u0259 dair\u0259si geni\u015fl\u0259nir. Bu reformlar paralelliyi \u00f6z\u00fcnd\u0259 ehtiva edir &#8211; m\u0259hk\u0259m\u0259 sistemi, icra hakimiyy\u0259ti sistemi yenil\u0259nir. Noyabr\u0131n&hellip;<\/p>\n","protected":false},"author":2,"featured_media":102537,"comment_status":"closed","ping_status":"closed","sticky":false,"template":"","format":"standard","meta":{"om_disable_all_campaigns":false,"_monsterinsights_skip_tracking":false,"_monsterinsights_sitenote_active":false,"_monsterinsights_sitenote_note":"","_monsterinsights_sitenote_category":0},"categories":[4],"tags":[],"aioseo_notices":[],"gutentor_comment":0,"rttpg_featured_image_url":{"full":["https:\/\/arantv.az\/wp-content\/uploads\/2019\/11\/79a3308b157487049665125323010651493.jpg",620,343,false],"landscape":["https:\/\/arantv.az\/wp-content\/uploads\/2019\/11\/79a3308b157487049665125323010651493.jpg",620,343,false],"portraits":["https:\/\/arantv.az\/wp-content\/uploads\/2019\/11\/79a3308b157487049665125323010651493.jpg",620,343,false],"thumbnail":["https:\/\/arantv.az\/wp-content\/uploads\/2019\/11\/79a3308b157487049665125323010651493-150x150.jpg",150,150,true],"medium":["https:\/\/arantv.az\/wp-content\/uploads\/2019\/11\/79a3308b157487049665125323010651493-300x166.jpg",300,166,true],"large":["https:\/\/arantv.az\/wp-content\/uploads\/2019\/11\/79a3308b157487049665125323010651493.jpg",620,343,false],"1536x1536":["https:\/\/arantv.az\/wp-content\/uploads\/2019\/11\/79a3308b157487049665125323010651493.jpg",620,343,false],"2048x2048":["https:\/\/arantv.az\/wp-content\/uploads\/2019\/11\/79a3308b157487049665125323010651493.jpg",620,343,false],"post-thumbnail":["https:\/\/arantv.az\/wp-content\/uploads\/2019\/11\/79a3308b157487049665125323010651493-240x172.jpg",240,172,true],"advps-thumb-one":["https:\/\/arantv.az\/wp-content\/uploads\/2019\/11\/79a3308b157487049665125323010651493.jpg",620,343,false]},"rttpg_author":{"display_name":"V\u00fcsal Rafiqo\u011flu","author_link":"https:\/\/arantv.az\/?author=2"},"rttpg_comment":0,"rttpg_category":"<a href=\"https:\/\/arantv.az\/?cat=4\" rel=\"category\">Siyas\u0259t<\/a>","rttpg_excerpt":"Az\u0259rbaycanda d\u00f6vl\u0259t idar\u0259etm\u0259si t\u0259kmill\u0259\u015fdirilir, beyn\u0259lxalq \u00e7a\u011f\u0131r\u0131\u015flar\u0131n t\u0259l\u0259b v\u0259 t\u0259klifl\u0259ri kontekstind\u0259 yeni model\u0259 ke\u00e7id prosesi s\u00fcr\u0259tl\u0259nir. Buna g\u00f6r\u0259 d\u0259\u00a0Az\u0259rbaycan Prezidenti \u0130lham \u018fliyev \u00f6lk\u0259d\u0259 sosial rifah\u0131 y\u00fcks\u0259ltm\u0259k, t\u0259hl\u00fck\u0259sizliyi, sabitliyi g\u00fccl\u0259ndirm\u0259k, idar\u0259etm\u0259ni daha da effektiv v\u0259ziyy\u0259t\u0259 g\u0259tirm\u0259k \u00fc\u00e7\u00fcn islahatlar\u0131 d\u0259rinl\u0259\u015fdirir. Prezidentin r\u0259hb\u0259rliyi il\u0259 islahatlar geni\u015f sferan\u0131 \u0259hat\u0259 edir, \u00f6z\u00fcn\u00fc do\u011frultmayan qurum v\u0259 v\u0259zif\u0259li \u015f\u0259xsl\u0259r \u201c\u0259l\u0259nir\u201d, onlar\u0131n yerin\u0259 is\u0259&hellip;","_links":{"self":[{"href":"https:\/\/arantv.az\/index.php?rest_route=\/wp\/v2\/posts\/102536"}],"collection":[{"href":"https:\/\/arantv.az\/index.php?rest_route=\/wp\/v2\/posts"}],"about":[{"href":"https:\/\/arantv.az\/index.php?rest_route=\/wp\/v2\/types\/post"}],"author":[{"embeddable":true,"href":"https:\/\/arantv.az\/index.php?rest_route=\/wp\/v2\/users\/2"}],"replies":[{"embeddable":true,"href":"https:\/\/arantv.az\/index.php?rest_route=%2Fwp%2Fv2%2Fcomments&post=102536"}],"version-history":[{"count":0,"href":"https:\/\/arantv.az\/index.php?rest_route=\/wp\/v2\/posts\/102536\/revisions"}],"wp:featuredmedia":[{"embeddable":true,"href":"https:\/\/arantv.az\/index.php?rest_route=\/wp\/v2\/media\/102537"}],"wp:attachment":[{"href":"https:\/\/arantv.az\/index.php?rest_route=%2Fwp%2Fv2%2Fmedia&parent=102536"}],"wp:term":[{"taxonomy":"category","embeddable":true,"href":"https:\/\/arantv.az\/index.php?rest_route=%2Fwp%2Fv2%2Fcategories&post=102536"},{"taxonomy":"post_tag","embeddable":true,"href":"https:\/\/arantv.az\/index.php?rest_route=%2Fwp%2Fv2%2Ftags&post=102536"}],"curies":[{"name":"wp","href":"https:\/\/api.w.org\/{rel}","templated":true}]}}