{"id":102549,"date":"2019-11-30T13:16:27","date_gmt":"2019-11-30T10:16:27","guid":{"rendered":"http:\/\/arantv.az\/?p=102549"},"modified":"2019-11-30T13:16:27","modified_gmt":"2019-11-30T10:16:27","slug":"az%c9%99rbaycanda-11-gun-is-olmayacaq","status":"publish","type":"post","link":"https:\/\/arantv.az\/?p=102549","title":{"rendered":"Az\u0259rbaycanda 11 G\u00dcN \u0130\u015e OLMAYACAQ"},"content":{"rendered":"<p><strong>Dekabr\u0131n 23-\u00fc Az\u0259rbaycanda qeyri-i\u015f g\u00fcn\u00fcd\u00fcr.<\/strong><\/p>\n<p><b>ARANTV.AZ<\/b>-\u0131n x\u0259b\u0259rin\u0259 g\u00f6r\u0259, h\u0259min g\u00fcn \u00f6lk\u0259d\u0259 b\u0259l\u0259diyy\u0259 se\u00e7kil\u0259ri ke\u00e7irildiyind\u0259n, Se\u00e7ki M\u0259c\u0259ll\u0259sinin 8.2-ci madd\u0259sin\u0259 \u0259sas\u0259n, dekabr\u0131n 23-\u00fc Az\u0259rbaycan \u0259razisind\u0259 i\u015f g\u00fcn\u00fc hesab olunmur.<\/p>\n<p>Bundan ba\u015fqa, dekabr\u0131n 31-i D\u00fcnya Az\u0259rbaycanl\u0131lar\u0131n\u0131n H\u0259mr\u0259yliyi G\u00fcn\u00fc d\u0259 qeyri-i\u015f g\u00fcn\u00fcd\u00fcr.<\/p>\n<p>Eyni zamanda ay\u0131n 9 g\u00fcn (1, 7, 8, 14, 15, 21, 22, 28, 29 dekabr) \u015f\u0259nb\u0259 v\u0259 bazar g\u00fcnl\u0259rin\u0259 t\u0259sad\u00fcf etdiyind\u0259n ay \u0259rzind\u0259 11 g\u00fcn qeyri-i\u015f g\u00fcn\u00fc olacaq.Publika.az<\/p>\n","protected":false},"excerpt":{"rendered":"<p>Dekabr\u0131n 23-\u00fc Az\u0259rbaycanda qeyri-i\u015f g\u00fcn\u00fcd\u00fcr. ARANTV.AZ-\u0131n x\u0259b\u0259rin\u0259 g\u00f6r\u0259, h\u0259min g\u00fcn \u00f6lk\u0259d\u0259 b\u0259l\u0259diyy\u0259 se\u00e7kil\u0259ri ke\u00e7irildiyind\u0259n, Se\u00e7ki M\u0259c\u0259ll\u0259sinin 8.2-ci madd\u0259sin\u0259 \u0259sas\u0259n, dekabr\u0131n 23-\u00fc Az\u0259rbaycan \u0259razisind\u0259 i\u015f g\u00fcn\u00fc hesab olunmur. Bundan ba\u015fqa, dekabr\u0131n 31-i D\u00fcnya Az\u0259rbaycanl\u0131lar\u0131n\u0131n H\u0259mr\u0259yliyi G\u00fcn\u00fc d\u0259 qeyri-i\u015f g\u00fcn\u00fcd\u00fcr. Eyni zamanda ay\u0131n 9 g\u00fcn (1, 7, 8, 14, 15, 21, 22, 28, 29 dekabr) \u015f\u0259nb\u0259 v\u0259 bazar g\u00fcnl\u0259rin\u0259 t\u0259sad\u00fcf etdiyind\u0259n ay \u0259rzind\u0259 11 g\u00fcn qeyri-i\u015f g\u00fcn\u00fc olacaq.Publika.az<\/p>\n","protected":false},"author":2,"featured_media":102550,"comment_status":"closed","ping_status":"closed","sticky":false,"template":"","format":"standard","meta":{"om_disable_all_campaigns":false,"_monsterinsights_skip_tracking":false,"_monsterinsights_sitenote_active":false,"_monsterinsights_sitenote_note":"","_monsterinsights_sitenote_category":0},"categories":[1],"tags":[],"aioseo_notices":[],"gutentor_comment":0,"rttpg_featured_image_url":{"full":["https:\/\/arantv.az\/wp-content\/uploads\/2019\/11\/kalendar_esas_55.jpg",800,450,false],"landscape":["https:\/\/arantv.az\/wp-content\/uploads\/2019\/11\/kalendar_esas_55.jpg",800,450,false],"portraits":["https:\/\/arantv.az\/wp-content\/uploads\/2019\/11\/kalendar_esas_55.jpg",800,450,false],"thumbnail":["https:\/\/arantv.az\/wp-content\/uploads\/2019\/11\/kalendar_esas_55-150x150.jpg",150,150,true],"medium":["https:\/\/arantv.az\/wp-content\/uploads\/2019\/11\/kalendar_esas_55-300x169.jpg",300,169,true],"large":["https:\/\/arantv.az\/wp-content\/uploads\/2019\/11\/kalendar_esas_55.jpg",640,360,false],"1536x1536":["https:\/\/arantv.az\/wp-content\/uploads\/2019\/11\/kalendar_esas_55.jpg",800,450,false],"2048x2048":["https:\/\/arantv.az\/wp-content\/uploads\/2019\/11\/kalendar_esas_55.jpg",800,450,false],"post-thumbnail":["https:\/\/arantv.az\/wp-content\/uploads\/2019\/11\/kalendar_esas_55-240x172.jpg",240,172,true],"advps-thumb-one":["https:\/\/arantv.az\/wp-content\/uploads\/2019\/11\/kalendar_esas_55.jpg",800,450,false]},"rttpg_author":{"display_name":"V\u00fcsal Rafiqo\u011flu","author_link":"https:\/\/arantv.az\/?author=2"},"rttpg_comment":0,"rttpg_category":"<a href=\"https:\/\/arantv.az\/?cat=1\" rel=\"category\">C\u0259miyy\u0259t<\/a>","rttpg_excerpt":"Dekabr\u0131n 23-\u00fc Az\u0259rbaycanda qeyri-i\u015f g\u00fcn\u00fcd\u00fcr. ARANTV.AZ-\u0131n x\u0259b\u0259rin\u0259 g\u00f6r\u0259, h\u0259min g\u00fcn \u00f6lk\u0259d\u0259 b\u0259l\u0259diyy\u0259 se\u00e7kil\u0259ri ke\u00e7irildiyind\u0259n, Se\u00e7ki M\u0259c\u0259ll\u0259sinin 8.2-ci madd\u0259sin\u0259 \u0259sas\u0259n, dekabr\u0131n 23-\u00fc Az\u0259rbaycan \u0259razisind\u0259 i\u015f g\u00fcn\u00fc hesab olunmur. Bundan ba\u015fqa, dekabr\u0131n 31-i D\u00fcnya Az\u0259rbaycanl\u0131lar\u0131n\u0131n H\u0259mr\u0259yliyi G\u00fcn\u00fc d\u0259 qeyri-i\u015f g\u00fcn\u00fcd\u00fcr. Eyni zamanda ay\u0131n 9 g\u00fcn (1, 7, 8, 14, 15, 21, 22, 28, 29 dekabr) \u015f\u0259nb\u0259 v\u0259&hellip;","_links":{"self":[{"href":"https:\/\/arantv.az\/index.php?rest_route=\/wp\/v2\/posts\/102549"}],"collection":[{"href":"https:\/\/arantv.az\/index.php?rest_route=\/wp\/v2\/posts"}],"about":[{"href":"https:\/\/arantv.az\/index.php?rest_route=\/wp\/v2\/types\/post"}],"author":[{"embeddable":true,"href":"https:\/\/arantv.az\/index.php?rest_route=\/wp\/v2\/users\/2"}],"replies":[{"embeddable":true,"href":"https:\/\/arantv.az\/index.php?rest_route=%2Fwp%2Fv2%2Fcomments&post=102549"}],"version-history":[{"count":0,"href":"https:\/\/arantv.az\/index.php?rest_route=\/wp\/v2\/posts\/102549\/revisions"}],"wp:featuredmedia":[{"embeddable":true,"href":"https:\/\/arantv.az\/index.php?rest_route=\/wp\/v2\/media\/102550"}],"wp:attachment":[{"href":"https:\/\/arantv.az\/index.php?rest_route=%2Fwp%2Fv2%2Fmedia&parent=102549"}],"wp:term":[{"taxonomy":"category","embeddable":true,"href":"https:\/\/arantv.az\/index.php?rest_route=%2Fwp%2Fv2%2Fcategories&post=102549"},{"taxonomy":"post_tag","embeddable":true,"href":"https:\/\/arantv.az\/index.php?rest_route=%2Fwp%2Fv2%2Ftags&post=102549"}],"curies":[{"name":"wp","href":"https:\/\/api.w.org\/{rel}","templated":true}]}}