{"id":102553,"date":"2019-11-30T13:19:12","date_gmt":"2019-11-30T10:19:12","guid":{"rendered":"http:\/\/arantv.az\/?p=102553"},"modified":"2019-11-30T13:19:12","modified_gmt":"2019-11-30T10:19:12","slug":"2-ovladini-t%c9%99k-qoyub-qapini-cold%c9%99n-bagladi-qayitdiqda-az%c9%99rbaycandaki-olay-hamini-soka-salacaq","status":"publish","type":"post","link":"https:\/\/arantv.az\/?p=102553","title":{"rendered":"2 \u00f6vlad\u0131n\u0131 t\u0259k qoyub qap\u0131n\u0131 \u00e7\u00f6ld\u0259n ba\u011flad\u0131, qay\u0131td\u0131qda&#8230; &#8211; Az\u0259rbaycandak\u0131 olay HAMINI \u015eOKA SALACAQ"},"content":{"rendered":"<p><strong>Suraxan\u0131 rayonu, B\u00fclb\u00fcl\u0259 q\u0259s\u0259b\u0259si, A\u015furb\u0259yovlar k\u00fc\u00e7\u0259si 8 sayl\u0131 \u00fcnvanda yerl\u0259\u015f\u0259n ya\u015fay\u0131\u015f binas\u0131n\u0131n 25-ci m\u0259nzilind\u0259 yan\u011f\u0131n ba\u015f verm\u0259si il\u0259 ba\u011fl\u0131 Az\u0259rbaycan Respublikas\u0131n\u0131n F\u00f6vq\u0259lad\u0259 Hallar Nazirliyi v\u0259 Ba\u015f Prokurorlu\u011fun M\u0259tbuat xidm\u0259tl\u0259ri birg\u0259 m\u0259lumat yay\u0131b.<\/strong><\/p>\n<p><b>ARANTV.AZ\u00a0\u00a0<\/b>x\u0259b\u0259r verir ki, noyabr\u0131n 29-da saat 19 rad\u0259l\u0259rind\u0259 paytaxt\u0131n Suraxan\u0131 rayonu, B\u00fclb\u00fcl\u0259 q\u0259s\u0259b\u0259si, A\u015furb\u0259yovlar k\u00fc\u00e7\u0259si 8 sayl\u0131 \u00fcnvanda yerl\u0259\u015f\u0259n ya\u015fay\u0131\u015f binas\u0131n\u0131n 25-ci m\u0259nzilind\u0259 yan\u011f\u0131n ba\u015f verm\u0259si n\u0259tic\u0259sind\u0259 2014-c\u00fc il t\u0259v\u0259ll\u00fcdl\u00fc Ruqayy\u0259 \u018flizad\u0259 v\u0259 2016-c\u0131 il t\u0259v\u0259ll\u00fcdl\u00fc \u0130smay\u0131l \u018flizad\u0259nin t\u00fcst\u00fcd\u0259n bo\u011fularaq v\u0259fat etm\u0259l\u0259ri fakt\u0131 il\u0259 ba\u011fl\u0131 m\u0259lumat daxil olub.<\/p>\n<p>D\u0259rhal F\u00f6vq\u0259lad\u0259 Hallar Nazirliyinin canl\u0131 q\u00fcvv\u0259 v\u0259 texnikas\u0131 t\u0259cili olaraq hadis\u0259 yerin\u0259 c\u0259lb edilm\u0259kl\u0259 yan\u011f\u0131n\u0131n qar\u015f\u0131s\u0131 al\u0131n\u0131b, onun geni\u015fl\u0259nm\u0259sin\u0259 v\u0259 binan\u0131n dig\u0259r m\u0259nzill\u0259rin\u0259 ke\u00e7m\u0259sin\u0259 imkan verilm\u0259yib.<\/p>\n<p>Hadis\u0259 yerin\u0259 polis, prokurorluq, F\u00f6vq\u0259lad\u0259 Hallar Nazirliyinin \u0259m\u0259kda\u015flar\u0131, \u018fdliyy\u0259 Nazirliyinin M\u0259hk\u0259m\u0259 Ekspertizas\u0131 M\u0259rk\u0259zinin eksperti v\u0259 hal \u015fahidl\u0259rinin i\u015ftiraklar\u0131 il\u0259 bax\u0131\u015f ke\u00e7irilib.<\/p>\n<p>Faktla ba\u011fl\u0131 Bak\u0131 \u015f\u0259h\u0259r prokurorlu\u011funda Cinay\u0259t M\u0259c\u0259ll\u0259sinin 314.3-c\u00fc (s\u0259hl\u0259nkarl\u0131q, ehtiyats\u0131zl\u0131qdan iki v\u0259 daha \u00e7ox \u015f\u0259xsin \u00f6l\u00fcm\u00fcn\u0259 s\u0259b\u0259b olduqda) madd\u0259si il\u0259 cinay\u0259t i\u015fi ba\u015flan\u0131l\u0131b.<\/p>\n<p>\u0130\u015f \u00fczr\u0259 m\u0259hk\u0259m\u0259-tibb, m\u0259hk\u0259m\u0259-yan\u011f\u0131n v\u0259 texnoloji partlay\u0131\u015flar\u0131n t\u0259dqiqi ekspertizalar\u0131 t\u0259yin olunub, \u015fahidl\u0259r dindirilib v\u0259 dig\u0259r z\u0259ruri prosessual h\u0259r\u0259k\u0259tl\u0259r yerin\u0259 yetirilib.<\/p>\n<p>\u0130lkin istintaqla m\u00fc\u0259yy\u0259n edilib ki, h\u0259min evd\u0259 2 ild\u0259n art\u0131q m\u00fcdd\u0259td\u0259 h\u0259yat yolda\u015f\u0131 il\u0259 kiray\u0259d\u0259 ya\u015fayan 1993-c\u00fc ild\u0259 B\u0259rd\u0259 rayonunda anadan olmu\u015f K\u00f6n\u00fcl \u018fliyeva \u00f6vladlar\u0131 &#8211; Ruqayy\u0259 v\u0259 Anar \u018flizad\u0259ni m\u0259nzild\u0259 t\u0259k qoyaraq qap\u0131n\u0131 \u00e7\u00f6ld\u0259n ba\u011flay\u0131b saat 18 rad\u0259l\u0259rind\u0259 ma\u011fazaya getmi\u015f v\u0259 ev\u0259 qay\u0131daraq qap\u0131n\u0131 a\u00e7ark\u0259n qat\u0131 t\u00fcst\u00fc oldu\u011funu g\u00f6r\u00fcb. Azya\u015fl\u0131lar qon\u015fular\u0131n k\u00f6m\u0259yi il\u0259 \u00e7\u0131xar\u0131ld\u0131qdan sonra yan\u011f\u0131n ba\u015f verib v\u0259 d\u0259rhal x\u0259st\u0259xanaya apar\u0131lmalar\u0131na baxmayaraq h\u0259r ikisi d\u00fcnyas\u0131n\u0131 d\u0259yi\u015fib.<\/p>\n<p>Haz\u0131rda cinay\u0259t i\u015fi \u00fczr\u0259 z\u0259ruri istintaq t\u0259dbirl\u0259ri davam etdirilir.<\/p>\n<p>***<\/p>\n<p><strong>2019.11.29<\/strong><\/p>\n<p><strong>22:38<\/strong><\/p>\n<p><strong>Bak\u0131 \u015f\u0259h\u0259rinin Suraxan\u0131 rayonunda ikim\u0259rt\u0259b\u0259li kommunal tipli ya\u015fay\u0131\u015f binas\u0131n\u0131n ikinci m\u0259rt\u0259b\u0259sind\u0259 \u00fcmumi sah\u0259si 40 m\u00b2 olan 2 otaql\u0131 m\u0259nzilin 1 ota\u011f\u0131n\u0131n yanar konstruksiyalar\u0131 v\u0259 i\u00e7\u0259risind\u0259ki \u0259\u015fyalar 15 m\u00b2 sah\u0259d\u0259 yan\u0131b.<\/strong><\/p>\n<p><strong><a href=\"https:\/\/publika.az\/\" target=\"_blank\" rel=\"noopener\">Publika.az<\/a>\u00a0<\/strong>F\u00f6vq\u0259lad\u0259 Hallar Nazirliyin\u0259 istinad\u0259n x\u0259b\u0259r verir ki, yan\u011f\u0131ns\u00f6nd\u00fcr\u0259nl\u0259r hadis\u0259 yerin\u0259 \u00e7atana kimi iki azya\u015fl\u0131 t\u00fcst\u00fcd\u0259n bo\u011fulmu\u015f halda x\u0259st\u0259xanaya apar\u0131l\u0131b. X\u0259st\u0259xanadan veril\u0259n m\u0259lumata \u0259sas\u0259n, azya\u015fl\u0131lar yolda v\u0259fat edib.<\/p>\n<p>M\u0259nzilin qalan hiss\u0259si yan\u011f\u0131ndan m\u00fchafiz\u0259 olunub. Yan\u011f\u0131n yan\u011f\u0131ndan m\u00fchafiz\u0259 b\u00f6lm\u0259l\u0259ri t\u0259r\u0259find\u0259n s\u00f6nd\u00fcr\u00fcl\u00fcb.<\/p>\n","protected":false},"excerpt":{"rendered":"<p>Suraxan\u0131 rayonu, B\u00fclb\u00fcl\u0259 q\u0259s\u0259b\u0259si, A\u015furb\u0259yovlar k\u00fc\u00e7\u0259si 8 sayl\u0131 \u00fcnvanda yerl\u0259\u015f\u0259n ya\u015fay\u0131\u015f binas\u0131n\u0131n 25-ci m\u0259nzilind\u0259 yan\u011f\u0131n ba\u015f verm\u0259si il\u0259 ba\u011fl\u0131 Az\u0259rbaycan Respublikas\u0131n\u0131n F\u00f6vq\u0259lad\u0259 Hallar Nazirliyi v\u0259 Ba\u015f Prokurorlu\u011fun M\u0259tbuat xidm\u0259tl\u0259ri birg\u0259 m\u0259lumat yay\u0131b. ARANTV.AZ\u00a0\u00a0x\u0259b\u0259r verir ki, noyabr\u0131n 29-da saat 19 rad\u0259l\u0259rind\u0259 paytaxt\u0131n Suraxan\u0131 rayonu, B\u00fclb\u00fcl\u0259 q\u0259s\u0259b\u0259si, A\u015furb\u0259yovlar k\u00fc\u00e7\u0259si 8 sayl\u0131 \u00fcnvanda yerl\u0259\u015f\u0259n ya\u015fay\u0131\u015f binas\u0131n\u0131n 25-ci m\u0259nzilind\u0259 yan\u011f\u0131n ba\u015f verm\u0259si n\u0259tic\u0259sind\u0259 2014-c\u00fc il t\u0259v\u0259ll\u00fcdl\u00fc Ruqayy\u0259 \u018flizad\u0259 v\u0259 2016-c\u0131 il t\u0259v\u0259ll\u00fcdl\u00fc \u0130smay\u0131l \u018flizad\u0259nin t\u00fcst\u00fcd\u0259n bo\u011fularaq v\u0259fat etm\u0259l\u0259ri fakt\u0131 il\u0259 ba\u011fl\u0131 m\u0259lumat daxil olub. D\u0259rhal F\u00f6vq\u0259lad\u0259 Hallar Nazirliyinin canl\u0131 q\u00fcvv\u0259 v\u0259 texnikas\u0131 t\u0259cili olaraq&hellip;<\/p>\n","protected":false},"author":2,"featured_media":102554,"comment_status":"closed","ping_status":"closed","sticky":false,"template":"","format":"standard","meta":{"om_disable_all_campaigns":false,"_monsterinsights_skip_tracking":false,"_monsterinsights_sitenote_active":false,"_monsterinsights_sitenote_note":"","_monsterinsights_sitenote_category":0},"categories":[5],"tags":[],"aioseo_notices":[],"gutentor_comment":0,"rttpg_featured_image_url":{"full":["https:\/\/arantv.az\/wp-content\/uploads\/2019\/11\/meyit-7.jpg",800,450,false],"landscape":["https:\/\/arantv.az\/wp-content\/uploads\/2019\/11\/meyit-7.jpg",800,450,false],"portraits":["https:\/\/arantv.az\/wp-content\/uploads\/2019\/11\/meyit-7.jpg",800,450,false],"thumbnail":["https:\/\/arantv.az\/wp-content\/uploads\/2019\/11\/meyit-7-150x150.jpg",150,150,true],"medium":["https:\/\/arantv.az\/wp-content\/uploads\/2019\/11\/meyit-7-300x169.jpg",300,169,true],"large":["https:\/\/arantv.az\/wp-content\/uploads\/2019\/11\/meyit-7.jpg",640,360,false],"1536x1536":["https:\/\/arantv.az\/wp-content\/uploads\/2019\/11\/meyit-7.jpg",800,450,false],"2048x2048":["https:\/\/arantv.az\/wp-content\/uploads\/2019\/11\/meyit-7.jpg",800,450,false],"post-thumbnail":["https:\/\/arantv.az\/wp-content\/uploads\/2019\/11\/meyit-7-240x172.jpg",240,172,true],"advps-thumb-one":["https:\/\/arantv.az\/wp-content\/uploads\/2019\/11\/meyit-7.jpg",800,450,false]},"rttpg_author":{"display_name":"V\u00fcsal Rafiqo\u011flu","author_link":"https:\/\/arantv.az\/?author=2"},"rttpg_comment":0,"rttpg_category":"<a href=\"https:\/\/arantv.az\/?cat=5\" rel=\"category\">Hadis\u0259<\/a>","rttpg_excerpt":"Suraxan\u0131 rayonu, B\u00fclb\u00fcl\u0259 q\u0259s\u0259b\u0259si, A\u015furb\u0259yovlar k\u00fc\u00e7\u0259si 8 sayl\u0131 \u00fcnvanda yerl\u0259\u015f\u0259n ya\u015fay\u0131\u015f binas\u0131n\u0131n 25-ci m\u0259nzilind\u0259 yan\u011f\u0131n ba\u015f verm\u0259si il\u0259 ba\u011fl\u0131 Az\u0259rbaycan Respublikas\u0131n\u0131n F\u00f6vq\u0259lad\u0259 Hallar Nazirliyi v\u0259 Ba\u015f Prokurorlu\u011fun M\u0259tbuat xidm\u0259tl\u0259ri birg\u0259 m\u0259lumat yay\u0131b. ARANTV.AZ\u00a0\u00a0x\u0259b\u0259r verir ki, noyabr\u0131n 29-da saat 19 rad\u0259l\u0259rind\u0259 paytaxt\u0131n Suraxan\u0131 rayonu, B\u00fclb\u00fcl\u0259 q\u0259s\u0259b\u0259si, A\u015furb\u0259yovlar k\u00fc\u00e7\u0259si 8 sayl\u0131 \u00fcnvanda yerl\u0259\u015f\u0259n ya\u015fay\u0131\u015f binas\u0131n\u0131n 25-ci m\u0259nzilind\u0259&hellip;","_links":{"self":[{"href":"https:\/\/arantv.az\/index.php?rest_route=\/wp\/v2\/posts\/102553"}],"collection":[{"href":"https:\/\/arantv.az\/index.php?rest_route=\/wp\/v2\/posts"}],"about":[{"href":"https:\/\/arantv.az\/index.php?rest_route=\/wp\/v2\/types\/post"}],"author":[{"embeddable":true,"href":"https:\/\/arantv.az\/index.php?rest_route=\/wp\/v2\/users\/2"}],"replies":[{"embeddable":true,"href":"https:\/\/arantv.az\/index.php?rest_route=%2Fwp%2Fv2%2Fcomments&post=102553"}],"version-history":[{"count":0,"href":"https:\/\/arantv.az\/index.php?rest_route=\/wp\/v2\/posts\/102553\/revisions"}],"wp:featuredmedia":[{"embeddable":true,"href":"https:\/\/arantv.az\/index.php?rest_route=\/wp\/v2\/media\/102554"}],"wp:attachment":[{"href":"https:\/\/arantv.az\/index.php?rest_route=%2Fwp%2Fv2%2Fmedia&parent=102553"}],"wp:term":[{"taxonomy":"category","embeddable":true,"href":"https:\/\/arantv.az\/index.php?rest_route=%2Fwp%2Fv2%2Fcategories&post=102553"},{"taxonomy":"post_tag","embeddable":true,"href":"https:\/\/arantv.az\/index.php?rest_route=%2Fwp%2Fv2%2Ftags&post=102553"}],"curies":[{"name":"wp","href":"https:\/\/api.w.org\/{rel}","templated":true}]}}