{"id":102557,"date":"2019-11-30T13:22:08","date_gmt":"2019-11-30T10:22:08","guid":{"rendered":"http:\/\/arantv.az\/?p=102557"},"modified":"2019-11-30T13:22:08","modified_gmt":"2019-11-30T10:22:08","slug":"az%c9%99rbaycanda-d%c9%99hs%c9%99tli-q%c9%99zada-ol%c9%99nl%c9%99r-masindan-bel%c9%99-cixarildi-video","status":"publish","type":"post","link":"https:\/\/arantv.az\/?p=102557","title":{"rendered":"Az\u0259rbaycanda d\u0259h\u015f\u0259tli q\u0259zada \u00f6l\u0259nl\u0259r ma\u015f\u0131ndan bel\u0259 \u00e7\u0131xar\u0131ld\u0131 &#8211; V\u0130DEO"},"content":{"rendered":"<p>D\u00fcn\u0259n Bak\u0131-Sumqay\u0131t yolunda iki n\u0259f\u0259rin \u00f6l\u00fcm\u00fc il\u0259 n\u0259tic\u0259l\u0259n\u0259n q\u0259zan\u0131n detallar\u0131 m\u0259lum olub.<\/p>\n<p><b>ARANTV.AZ\u00a0<\/b>\u00a0&#8220;Qafqazinfo&#8221;ya istinad\u0259n x\u0259b\u0259r verir ki, saat 15:50 rad\u0259l\u0259rind\u0259 1993-c\u00fc il t\u0259v\u0259ll\u00fcdl\u00fc A\u011farza A\u011fayev idar\u0259 etdiyi &#8220;Khazar SD&#8221; markal\u0131 90 PZ 116 n\u00f6mr\u0259li avtomobill\u0259 Qubaya ged\u0259rk\u0259n qar\u015f\u0131s\u0131nda ged\u0259n 1984-c\u00fc il t\u0259v\u0259ll\u00fcdl\u00fc Elman Rzayevin idar\u0259 etdiyi &#8220;Mercedes Benz-190&#8221; markal\u0131 10 MR 766 n\u00f6mr\u0259li ma\u015f\u0131n\u0131 arxadan vurub.<\/p>\n<p>Toqqu\u015fma n\u0259tic\u0259sind\u0259 A.A\u011fayevin ma\u015f\u0131n\u0131 idar\u0259etm\u0259ni itir\u0259r\u0259k yolun sa\u011f\u0131na \u00e7\u0131x\u0131b v\u0259 beton mane\u0259y\u0259 \u00e7\u0131rp\u0131l\u0131b.<\/p>\n<p>N\u0259tic\u0259d\u0259 s\u00fcr\u00fcc\u00fc A\u011farza A\u011fayev v\u0259 s\u0259rni\u015fini, 1994-c\u00fc il t\u0259v\u0259ll\u00fcdl\u00fc R\u0259\u015fad H\u0259s\u0259nov hadis\u0259 yerind\u0259 \u00f6l\u00fcbl\u0259r.<\/p>\n<p>Faktla ba\u011fl\u0131 ara\u015fd\u0131rma apar\u0131l\u0131r.<\/p>\n<div class=\"embed-responsive embed-responsive-16by9\"><iframe loading=\"lazy\" id=\"nmqembedid\" class=\"embed-responsive-item\" title=\"video player\" src=\"https:\/\/izle.az\/embed\/qyyx9S2xTPLIDcg0iIwEAA~~\" width=\"600\" height=\"340\" frameborder=\"0\" scrolling=\"no\" allowfullscreen=\"allowfullscreen\" data-mce-fragment=\"1\"><\/iframe><\/div>\n<div class=\"datespan clearfix\"><\/div>\n","protected":false},"excerpt":{"rendered":"<p>D\u00fcn\u0259n Bak\u0131-Sumqay\u0131t yolunda iki n\u0259f\u0259rin \u00f6l\u00fcm\u00fc il\u0259 n\u0259tic\u0259l\u0259n\u0259n q\u0259zan\u0131n detallar\u0131 m\u0259lum olub. ARANTV.AZ\u00a0\u00a0&#8220;Qafqazinfo&#8221;ya istinad\u0259n x\u0259b\u0259r verir ki, saat 15:50 rad\u0259l\u0259rind\u0259 1993-c\u00fc il t\u0259v\u0259ll\u00fcdl\u00fc A\u011farza A\u011fayev idar\u0259 etdiyi &#8220;Khazar SD&#8221; markal\u0131 90 PZ 116 n\u00f6mr\u0259li avtomobill\u0259 Qubaya ged\u0259rk\u0259n qar\u015f\u0131s\u0131nda ged\u0259n 1984-c\u00fc il t\u0259v\u0259ll\u00fcdl\u00fc Elman Rzayevin idar\u0259 etdiyi &#8220;Mercedes Benz-190&#8221; markal\u0131 10 MR 766 n\u00f6mr\u0259li ma\u015f\u0131n\u0131 arxadan vurub. Toqqu\u015fma n\u0259tic\u0259sind\u0259 A.A\u011fayevin ma\u015f\u0131n\u0131 idar\u0259etm\u0259ni itir\u0259r\u0259k yolun sa\u011f\u0131na \u00e7\u0131x\u0131b v\u0259 beton mane\u0259y\u0259 \u00e7\u0131rp\u0131l\u0131b. N\u0259tic\u0259d\u0259 s\u00fcr\u00fcc\u00fc A\u011farza A\u011fayev v\u0259 s\u0259rni\u015fini, 1994-c\u00fc il t\u0259v\u0259ll\u00fcdl\u00fc R\u0259\u015fad H\u0259s\u0259nov hadis\u0259 yerind\u0259 \u00f6l\u00fcbl\u0259r. Faktla ba\u011fl\u0131 ara\u015fd\u0131rma apar\u0131l\u0131r.<\/p>\n","protected":false},"author":2,"featured_media":102558,"comment_status":"closed","ping_status":"closed","sticky":false,"template":"","format":"standard","meta":{"om_disable_all_campaigns":false,"_monsterinsights_skip_tracking":false,"_monsterinsights_sitenote_active":false,"_monsterinsights_sitenote_note":"","_monsterinsights_sitenote_category":0},"categories":[5],"tags":[],"aioseo_notices":[],"gutentor_comment":0,"rttpg_featured_image_url":{"full":["https:\/\/arantv.az\/wp-content\/uploads\/2019\/11\/1575107641.ttt_.jpg",549,366,false],"landscape":["https:\/\/arantv.az\/wp-content\/uploads\/2019\/11\/1575107641.ttt_.jpg",549,366,false],"portraits":["https:\/\/arantv.az\/wp-content\/uploads\/2019\/11\/1575107641.ttt_.jpg",549,366,false],"thumbnail":["https:\/\/arantv.az\/wp-content\/uploads\/2019\/11\/1575107641.ttt_-150x150.jpg",150,150,true],"medium":["https:\/\/arantv.az\/wp-content\/uploads\/2019\/11\/1575107641.ttt_-300x200.jpg",300,200,true],"large":["https:\/\/arantv.az\/wp-content\/uploads\/2019\/11\/1575107641.ttt_.jpg",549,366,false],"1536x1536":["https:\/\/arantv.az\/wp-content\/uploads\/2019\/11\/1575107641.ttt_.jpg",549,366,false],"2048x2048":["https:\/\/arantv.az\/wp-content\/uploads\/2019\/11\/1575107641.ttt_.jpg",549,366,false],"post-thumbnail":["https:\/\/arantv.az\/wp-content\/uploads\/2019\/11\/1575107641.ttt_-240x172.jpg",240,172,true],"advps-thumb-one":["https:\/\/arantv.az\/wp-content\/uploads\/2019\/11\/1575107641.ttt_.jpg",549,366,false]},"rttpg_author":{"display_name":"V\u00fcsal Rafiqo\u011flu","author_link":"https:\/\/arantv.az\/?author=2"},"rttpg_comment":0,"rttpg_category":"<a href=\"https:\/\/arantv.az\/?cat=5\" rel=\"category\">Hadis\u0259<\/a>","rttpg_excerpt":"D\u00fcn\u0259n Bak\u0131-Sumqay\u0131t yolunda iki n\u0259f\u0259rin \u00f6l\u00fcm\u00fc il\u0259 n\u0259tic\u0259l\u0259n\u0259n q\u0259zan\u0131n detallar\u0131 m\u0259lum olub. ARANTV.AZ\u00a0\u00a0&#8220;Qafqazinfo&#8221;ya istinad\u0259n x\u0259b\u0259r verir ki, saat 15:50 rad\u0259l\u0259rind\u0259 1993-c\u00fc il t\u0259v\u0259ll\u00fcdl\u00fc A\u011farza A\u011fayev idar\u0259 etdiyi &#8220;Khazar SD&#8221; markal\u0131 90 PZ 116 n\u00f6mr\u0259li avtomobill\u0259 Qubaya ged\u0259rk\u0259n qar\u015f\u0131s\u0131nda ged\u0259n 1984-c\u00fc il t\u0259v\u0259ll\u00fcdl\u00fc Elman Rzayevin idar\u0259 etdiyi &#8220;Mercedes Benz-190&#8221; markal\u0131 10 MR 766 n\u00f6mr\u0259li ma\u015f\u0131n\u0131 arxadan&hellip;","_links":{"self":[{"href":"https:\/\/arantv.az\/index.php?rest_route=\/wp\/v2\/posts\/102557"}],"collection":[{"href":"https:\/\/arantv.az\/index.php?rest_route=\/wp\/v2\/posts"}],"about":[{"href":"https:\/\/arantv.az\/index.php?rest_route=\/wp\/v2\/types\/post"}],"author":[{"embeddable":true,"href":"https:\/\/arantv.az\/index.php?rest_route=\/wp\/v2\/users\/2"}],"replies":[{"embeddable":true,"href":"https:\/\/arantv.az\/index.php?rest_route=%2Fwp%2Fv2%2Fcomments&post=102557"}],"version-history":[{"count":0,"href":"https:\/\/arantv.az\/index.php?rest_route=\/wp\/v2\/posts\/102557\/revisions"}],"wp:featuredmedia":[{"embeddable":true,"href":"https:\/\/arantv.az\/index.php?rest_route=\/wp\/v2\/media\/102558"}],"wp:attachment":[{"href":"https:\/\/arantv.az\/index.php?rest_route=%2Fwp%2Fv2%2Fmedia&parent=102557"}],"wp:term":[{"taxonomy":"category","embeddable":true,"href":"https:\/\/arantv.az\/index.php?rest_route=%2Fwp%2Fv2%2Fcategories&post=102557"},{"taxonomy":"post_tag","embeddable":true,"href":"https:\/\/arantv.az\/index.php?rest_route=%2Fwp%2Fv2%2Ftags&post=102557"}],"curies":[{"name":"wp","href":"https:\/\/api.w.org\/{rel}","templated":true}]}}