{"id":102569,"date":"2019-11-30T14:17:12","date_gmt":"2019-11-30T11:17:12","guid":{"rendered":"http:\/\/arantv.az\/?p=102569"},"modified":"2019-11-30T14:17:12","modified_gmt":"2019-11-30T11:17:12","slug":"g%c9%99nc%c9%99d%c9%99-iki-qadin-d%c9%99m-qazindan-z%c9%99h%c9%99rl%c9%99ndi","status":"publish","type":"post","link":"https:\/\/arantv.az\/?p=102569","title":{"rendered":"G\u0259nc\u0259d\u0259 iki qad\u0131n d\u0259m qaz\u0131ndan z\u0259h\u0259rl\u0259ndi"},"content":{"rendered":"<p><strong>G\u0259nc\u0259d\u0259 iki qad\u0131n d\u0259m qaz\u0131ndan z\u0259h\u0259rl\u0259nib.<\/strong><\/p>\n<p><strong>ARANTV.AZ<\/strong> APA-ya istinad\u0259n x\u0259b\u0259r verir ki, \u015f\u0259h\u0259rin \u018fl\u0259kb\u0259r Seyfi k\u00fc\u00e7\u0259sind\u0259 ya\u015fayan 1983-c\u00fc il t\u0259v\u0259ll\u00fcdl\u00fc\u00a0 X\u0259yal\u0259 Verdiyeva v\u0259 1957-ci il t\u0259v\u0259ll\u00fcld\u00fc Elmira Bayramova z\u0259h\u0259rl\u0259nm\u0259 diaqnozu il\u0259 x\u0259st\u0259xanaya yerl\u0259\u015fdirilibl\u0259r. Onlar\u0131n v\u0259ziyy\u0259tinin orta-a\u011f\u0131r oldu\u011fu bildirilir.<\/p>\n<p>Faktla\u00a0 ba\u011fl\u0131 ara\u015fd\u0131rma apar\u0131l\u0131r.<\/p>\n","protected":false},"excerpt":{"rendered":"<p>G\u0259nc\u0259d\u0259 iki qad\u0131n d\u0259m qaz\u0131ndan z\u0259h\u0259rl\u0259nib. ARANTV.AZ APA-ya istinad\u0259n x\u0259b\u0259r verir ki, \u015f\u0259h\u0259rin \u018fl\u0259kb\u0259r Seyfi k\u00fc\u00e7\u0259sind\u0259 ya\u015fayan 1983-c\u00fc il t\u0259v\u0259ll\u00fcdl\u00fc\u00a0 X\u0259yal\u0259 Verdiyeva v\u0259 1957-ci il t\u0259v\u0259ll\u00fcld\u00fc Elmira Bayramova z\u0259h\u0259rl\u0259nm\u0259 diaqnozu il\u0259 x\u0259st\u0259xanaya yerl\u0259\u015fdirilibl\u0259r. Onlar\u0131n v\u0259ziyy\u0259tinin orta-a\u011f\u0131r oldu\u011fu bildirilir. Faktla\u00a0 ba\u011fl\u0131 ara\u015fd\u0131rma apar\u0131l\u0131r.<\/p>\n","protected":false},"author":2,"featured_media":102570,"comment_status":"closed","ping_status":"closed","sticky":false,"template":"","format":"standard","meta":{"om_disable_all_campaigns":false,"_monsterinsights_skip_tracking":false,"_monsterinsights_sitenote_active":false,"_monsterinsights_sitenote_note":"","_monsterinsights_sitenote_category":0},"categories":[5],"tags":[],"aioseo_notices":[],"gutentor_comment":0,"rttpg_featured_image_url":{"full":["https:\/\/arantv.az\/wp-content\/uploads\/2019\/11\/xestexana_0016666-4.jpg",482,361,false],"landscape":["https:\/\/arantv.az\/wp-content\/uploads\/2019\/11\/xestexana_0016666-4.jpg",482,361,false],"portraits":["https:\/\/arantv.az\/wp-content\/uploads\/2019\/11\/xestexana_0016666-4.jpg",482,361,false],"thumbnail":["https:\/\/arantv.az\/wp-content\/uploads\/2019\/11\/xestexana_0016666-4-150x150.jpg",150,150,true],"medium":["https:\/\/arantv.az\/wp-content\/uploads\/2019\/11\/xestexana_0016666-4-300x225.jpg",300,225,true],"large":["https:\/\/arantv.az\/wp-content\/uploads\/2019\/11\/xestexana_0016666-4.jpg",482,361,false],"1536x1536":["https:\/\/arantv.az\/wp-content\/uploads\/2019\/11\/xestexana_0016666-4.jpg",482,361,false],"2048x2048":["https:\/\/arantv.az\/wp-content\/uploads\/2019\/11\/xestexana_0016666-4.jpg",482,361,false],"post-thumbnail":["https:\/\/arantv.az\/wp-content\/uploads\/2019\/11\/xestexana_0016666-4-240x172.jpg",240,172,true],"advps-thumb-one":["https:\/\/arantv.az\/wp-content\/uploads\/2019\/11\/xestexana_0016666-4.jpg",482,361,false]},"rttpg_author":{"display_name":"V\u00fcsal Rafiqo\u011flu","author_link":"https:\/\/arantv.az\/?author=2"},"rttpg_comment":0,"rttpg_category":"<a href=\"https:\/\/arantv.az\/?cat=5\" rel=\"category\">Hadis\u0259<\/a>","rttpg_excerpt":"G\u0259nc\u0259d\u0259 iki qad\u0131n d\u0259m qaz\u0131ndan z\u0259h\u0259rl\u0259nib. ARANTV.AZ APA-ya istinad\u0259n x\u0259b\u0259r verir ki, \u015f\u0259h\u0259rin \u018fl\u0259kb\u0259r Seyfi k\u00fc\u00e7\u0259sind\u0259 ya\u015fayan 1983-c\u00fc il t\u0259v\u0259ll\u00fcdl\u00fc\u00a0 X\u0259yal\u0259 Verdiyeva v\u0259 1957-ci il t\u0259v\u0259ll\u00fcld\u00fc Elmira Bayramova z\u0259h\u0259rl\u0259nm\u0259 diaqnozu il\u0259 x\u0259st\u0259xanaya yerl\u0259\u015fdirilibl\u0259r. Onlar\u0131n v\u0259ziyy\u0259tinin orta-a\u011f\u0131r oldu\u011fu bildirilir. Faktla\u00a0 ba\u011fl\u0131 ara\u015fd\u0131rma apar\u0131l\u0131r.","_links":{"self":[{"href":"https:\/\/arantv.az\/index.php?rest_route=\/wp\/v2\/posts\/102569"}],"collection":[{"href":"https:\/\/arantv.az\/index.php?rest_route=\/wp\/v2\/posts"}],"about":[{"href":"https:\/\/arantv.az\/index.php?rest_route=\/wp\/v2\/types\/post"}],"author":[{"embeddable":true,"href":"https:\/\/arantv.az\/index.php?rest_route=\/wp\/v2\/users\/2"}],"replies":[{"embeddable":true,"href":"https:\/\/arantv.az\/index.php?rest_route=%2Fwp%2Fv2%2Fcomments&post=102569"}],"version-history":[{"count":0,"href":"https:\/\/arantv.az\/index.php?rest_route=\/wp\/v2\/posts\/102569\/revisions"}],"wp:featuredmedia":[{"embeddable":true,"href":"https:\/\/arantv.az\/index.php?rest_route=\/wp\/v2\/media\/102570"}],"wp:attachment":[{"href":"https:\/\/arantv.az\/index.php?rest_route=%2Fwp%2Fv2%2Fmedia&parent=102569"}],"wp:term":[{"taxonomy":"category","embeddable":true,"href":"https:\/\/arantv.az\/index.php?rest_route=%2Fwp%2Fv2%2Fcategories&post=102569"},{"taxonomy":"post_tag","embeddable":true,"href":"https:\/\/arantv.az\/index.php?rest_route=%2Fwp%2Fv2%2Ftags&post=102569"}],"curies":[{"name":"wp","href":"https:\/\/api.w.org\/{rel}","templated":true}]}}