{"id":102573,"date":"2019-11-30T14:19:59","date_gmt":"2019-11-30T11:19:59","guid":{"rendered":"http:\/\/arantv.az\/?p=102573"},"modified":"2019-11-30T14:19:59","modified_gmt":"2019-11-30T11:19:59","slug":"tanap-avropaya-baglanir-canli","status":"publish","type":"post","link":"https:\/\/arantv.az\/?p=102573","title":{"rendered":"TANAP Avropaya ba\u011flan\u0131r &#8211; CANLI"},"content":{"rendered":"<article class=\"news\">\n<div class=\"news-inner\">\n<p>Trans Anadolu Qaz Boru X\u0259ttinin (TANAP) Avropaya ba\u011flanmas\u0131 T\u00fcrkiy\u0259nin \u0130spala rayonunda t\u0259\u015fkil olunan m\u0259rasiml\u0259\u00a0<a href=\"https:\/\/haberglobal.com.tr\/ekonomi\/tanap-avrupa-ya-baglaniyor-16259\" target=\"_blank\" rel=\"noopener\">ger\u00e7\u0259kl\u0259\u015fdiril\u0259c\u0259k<\/a>.<\/p>\n<p><b>ARANTV.AZ\u00a0<\/b> x\u0259b\u0259r verir ki, rayonun Sar\u0131ca\u0259li k\u0259ndind\u0259 yerl\u0259\u015f\u0259n TANAP MS4 \u00d6l\u00e7\u00fcm Stansiyas\u0131nda ba\u015flayacaq m\u0259rasim\u0259 Az\u0259rbaycan Prezidenti \u0130lham \u018fliyev v\u0259 T\u00fcrkiy\u0259nin d\u00f6vl\u0259t ba\u015f\u00e7\u0131s\u0131 R\u0259c\u0259b Tayyib \u018frdo\u011fan\u0131n qat\u0131lmas\u0131 g\u00f6zl\u0259nilir.<\/p>\n<p>Bundan ba\u015fqa, m\u0259rasim\u0259 T\u00fcrkiy\u0259nin Enerji v\u0259 T\u0259bii Qaynaqlar naziri Fatih D\u00f6nm\u0259z v\u0259 \u0259laq\u0259dar \u00f6lk\u0259l\u0259rin energetika nazirl\u0259ri qat\u0131lacaq.<\/p>\n<p>Yeddi milyard dollar investisiya yat\u0131r\u0131lm\u0131\u015f TANAP sabah Yunan\u0131stan s\u0259rh\u0259dind\u0259ki Trans Adriatik Boru X\u0259tti (TAP) vasit\u0259sil\u0259 Avropaya ba\u011flanacaq. Avropa qismind\u0259n is\u0259 TAP \u00fcz\u0259rind\u0259n qaz n\u0259qlin\u0259 ba\u015flan\u0131lacaq.Oxu.Az<\/p>\n<\/div>\n<div>\n<article class=\"news\">\n<div class=\"news-inner\">\n<p>&nbsp;<\/p>\n<div><iframe loading=\"lazy\" src=\"https:\/\/www.dailymotion.com\/embed\/video\/x7omwe2\" width=\"480\" height=\"270\" frameborder=\"0\" allowfullscreen=\"allowfullscreen\"><\/iframe><\/div>\n<div><iframe loading=\"lazy\" src=\"https:\/\/player.baku.tv\/embed\/11465\" width=\"560\" height=\"315\" frameborder=\"0\" allowfullscreen=\"allowfullscreen\"><\/iframe><\/div>\n<\/div>\n<\/article>\n<h2 class=\"news-share-title\"><\/h2>\n<\/div>\n<\/article>\n","protected":false},"excerpt":{"rendered":"<p>Trans Anadolu Qaz Boru X\u0259ttinin (TANAP) Avropaya ba\u011flanmas\u0131 T\u00fcrkiy\u0259nin \u0130spala rayonunda t\u0259\u015fkil olunan m\u0259rasiml\u0259\u00a0ger\u00e7\u0259kl\u0259\u015fdiril\u0259c\u0259k. ARANTV.AZ\u00a0 x\u0259b\u0259r verir ki, rayonun Sar\u0131ca\u0259li k\u0259ndind\u0259 yerl\u0259\u015f\u0259n TANAP MS4 \u00d6l\u00e7\u00fcm Stansiyas\u0131nda ba\u015flayacaq m\u0259rasim\u0259 Az\u0259rbaycan Prezidenti \u0130lham \u018fliyev v\u0259 T\u00fcrkiy\u0259nin d\u00f6vl\u0259t ba\u015f\u00e7\u0131s\u0131 R\u0259c\u0259b Tayyib \u018frdo\u011fan\u0131n qat\u0131lmas\u0131 g\u00f6zl\u0259nilir. Bundan ba\u015fqa, m\u0259rasim\u0259 T\u00fcrkiy\u0259nin Enerji v\u0259 T\u0259bii Qaynaqlar naziri Fatih D\u00f6nm\u0259z v\u0259 \u0259laq\u0259dar \u00f6lk\u0259l\u0259rin energetika nazirl\u0259ri qat\u0131lacaq. Yeddi milyard dollar investisiya yat\u0131r\u0131lm\u0131\u015f TANAP sabah Yunan\u0131stan s\u0259rh\u0259dind\u0259ki Trans Adriatik Boru X\u0259tti (TAP) vasit\u0259sil\u0259 Avropaya ba\u011flanacaq. Avropa qismind\u0259n is\u0259 TAP \u00fcz\u0259rind\u0259n qaz n\u0259qlin\u0259 ba\u015flan\u0131lacaq.Oxu.Az &nbsp;<\/p>\n","protected":false},"author":2,"featured_media":102574,"comment_status":"closed","ping_status":"closed","sticky":false,"template":"","format":"standard","meta":{"om_disable_all_campaigns":false,"_monsterinsights_skip_tracking":false,"_monsterinsights_sitenote_active":false,"_monsterinsights_sitenote_note":"","_monsterinsights_sitenote_category":0},"categories":[19],"tags":[],"aioseo_notices":[],"gutentor_comment":0,"rttpg_featured_image_url":{"full":["https:\/\/arantv.az\/wp-content\/uploads\/2019\/11\/tanap-1.jpg",620,349,false],"landscape":["https:\/\/arantv.az\/wp-content\/uploads\/2019\/11\/tanap-1.jpg",620,349,false],"portraits":["https:\/\/arantv.az\/wp-content\/uploads\/2019\/11\/tanap-1.jpg",620,349,false],"thumbnail":["https:\/\/arantv.az\/wp-content\/uploads\/2019\/11\/tanap-1-150x150.jpg",150,150,true],"medium":["https:\/\/arantv.az\/wp-content\/uploads\/2019\/11\/tanap-1-300x169.jpg",300,169,true],"large":["https:\/\/arantv.az\/wp-content\/uploads\/2019\/11\/tanap-1.jpg",620,349,false],"1536x1536":["https:\/\/arantv.az\/wp-content\/uploads\/2019\/11\/tanap-1.jpg",620,349,false],"2048x2048":["https:\/\/arantv.az\/wp-content\/uploads\/2019\/11\/tanap-1.jpg",620,349,false],"post-thumbnail":["https:\/\/arantv.az\/wp-content\/uploads\/2019\/11\/tanap-1-240x172.jpg",240,172,true],"advps-thumb-one":["https:\/\/arantv.az\/wp-content\/uploads\/2019\/11\/tanap-1.jpg",620,349,false]},"rttpg_author":{"display_name":"V\u00fcsal Rafiqo\u011flu","author_link":"https:\/\/arantv.az\/?author=2"},"rttpg_comment":0,"rttpg_category":"<a href=\"https:\/\/arantv.az\/?cat=19\" rel=\"category\">G\u00fcnd\u0259m<\/a>","rttpg_excerpt":"Trans Anadolu Qaz Boru X\u0259ttinin (TANAP) Avropaya ba\u011flanmas\u0131 T\u00fcrkiy\u0259nin \u0130spala rayonunda t\u0259\u015fkil olunan m\u0259rasiml\u0259\u00a0ger\u00e7\u0259kl\u0259\u015fdiril\u0259c\u0259k. ARANTV.AZ\u00a0 x\u0259b\u0259r verir ki, rayonun Sar\u0131ca\u0259li k\u0259ndind\u0259 yerl\u0259\u015f\u0259n TANAP MS4 \u00d6l\u00e7\u00fcm Stansiyas\u0131nda ba\u015flayacaq m\u0259rasim\u0259 Az\u0259rbaycan Prezidenti \u0130lham \u018fliyev v\u0259 T\u00fcrkiy\u0259nin d\u00f6vl\u0259t ba\u015f\u00e7\u0131s\u0131 R\u0259c\u0259b Tayyib \u018frdo\u011fan\u0131n qat\u0131lmas\u0131 g\u00f6zl\u0259nilir. Bundan ba\u015fqa, m\u0259rasim\u0259 T\u00fcrkiy\u0259nin Enerji v\u0259 T\u0259bii Qaynaqlar naziri Fatih D\u00f6nm\u0259z v\u0259 \u0259laq\u0259dar \u00f6lk\u0259l\u0259rin&hellip;","_links":{"self":[{"href":"https:\/\/arantv.az\/index.php?rest_route=\/wp\/v2\/posts\/102573"}],"collection":[{"href":"https:\/\/arantv.az\/index.php?rest_route=\/wp\/v2\/posts"}],"about":[{"href":"https:\/\/arantv.az\/index.php?rest_route=\/wp\/v2\/types\/post"}],"author":[{"embeddable":true,"href":"https:\/\/arantv.az\/index.php?rest_route=\/wp\/v2\/users\/2"}],"replies":[{"embeddable":true,"href":"https:\/\/arantv.az\/index.php?rest_route=%2Fwp%2Fv2%2Fcomments&post=102573"}],"version-history":[{"count":0,"href":"https:\/\/arantv.az\/index.php?rest_route=\/wp\/v2\/posts\/102573\/revisions"}],"wp:featuredmedia":[{"embeddable":true,"href":"https:\/\/arantv.az\/index.php?rest_route=\/wp\/v2\/media\/102574"}],"wp:attachment":[{"href":"https:\/\/arantv.az\/index.php?rest_route=%2Fwp%2Fv2%2Fmedia&parent=102573"}],"wp:term":[{"taxonomy":"category","embeddable":true,"href":"https:\/\/arantv.az\/index.php?rest_route=%2Fwp%2Fv2%2Fcategories&post=102573"},{"taxonomy":"post_tag","embeddable":true,"href":"https:\/\/arantv.az\/index.php?rest_route=%2Fwp%2Fv2%2Ftags&post=102573"}],"curies":[{"name":"wp","href":"https:\/\/api.w.org\/{rel}","templated":true}]}}