{"id":102581,"date":"2019-11-30T14:27:18","date_gmt":"2019-11-30T11:27:18","guid":{"rendered":"http:\/\/arantv.az\/?p=102581"},"modified":"2019-11-30T14:27:18","modified_gmt":"2019-11-30T11:27:18","slug":"professor-x%c9%99b%c9%99rdarliq-etdi-bir-kasa-qatiq-v%c9%99-bir-alma","status":"publish","type":"post","link":"https:\/\/arantv.az\/?p=102581","title":{"rendered":"Professor x\u0259b\u0259rdarl\u0131q etdi &#8211; Bir kasa qat\u0131q v\u0259 bir alma&#8230;"},"content":{"rendered":"<p><strong>Trakya Universitetinin Qida M\u00fch\u0259ndisliyi professoru Hac\u0131 G\u00fcle\u00e7 \u201cPrebiotikl\u0259r: Sa\u011flaml\u0131\u011f\u0131m\u0131za t\u0259siri, \u0130stehsal\u0131 v\u0259 Biotexnoloji T\u0259dqiqatlar&#8221; adl\u0131 konfransda probiotik v\u0259 prebiotik konsepsiyalar\u0131n qar\u0131\u015fd\u0131r\u0131ld\u0131\u011f\u0131n\u0131 s\u00f6yl\u0259yib.<\/strong><\/p>\n<p><strong>ARANTV.AZ\u00a0<\/strong> verir ki, professor bir kasa qat\u0131qdan sonra bir \u0259d\u0259d alma yem\u0259yi m\u0259sl\u0259h\u0259t g\u00f6r\u00fcb:<\/p>\n<p>\u201cProbiotikl\u0259r kefir v\u0259 s\u00fcd m\u0259hsullar\u0131nda canl\u0131 orqanizmdir, onlar\u0131 qidaland\u0131ran t\u0259bii \u0259lav\u0259l\u0259rdir. Probiotik v\u0259 prebiotik balans\u0131n\u0131 d\u00fczg\u00fcn qidalanma il\u0259 t\u0259min ed\u0259 bil\u0259rik. M\u0259s\u0259l\u0259n, bir kasa qat\u0131qdan sonra m\u00fctl\u0259q bir alma yem\u0259k laz\u0131md\u0131r. Alma, ya\u015f\u0131l t\u0259r\u0259v\u0259zl\u0259r, \u00e7u\u011fundur v\u0259 yer almas\u0131 il\u0259 b\u0259d\u0259nimiz\u0259 faydal\u0131 olan probiotikl\u0259r v\u0259 prebiotikl\u0259r q\u0259bul ed\u0259 bil\u0259rik\u201d.<\/p>\n<p>Ar\u0131qlamaq v\u0259 ya \u00e7\u0259kini stabil saxlamaq \u00fc\u00e7\u00fcn b\u0259z\u0259n p\u0259hrizl\u0259rd\u0259 yaln\u0131z s\u00fcd m\u0259hsullar\u0131na yer verilm\u0259sin\u0259 m\u00fct\u0259x\u0259ssis bel\u0259 m\u00fcnasib\u0259t bildirib:<\/p>\n<p>\u201cBu zaman probiotik mikroorqanizmi ba\u011f\u0131rsaqlarda \u00f6l\u00fcr. He\u00e7 bir fayda g\u00f6rm\u00fcr\u00fck. Yaln\u0131z probiotik kifay\u0259t deyil. Probiotikl\u0259r v\u0259 prebiotikl\u0259rin birlikd\u0259 istifad\u0259si b\u00f6y\u00fck rol oynay\u0131r. Ar\u0131qlamaq \u00fc\u00e7\u00fcn d\u00fczg\u00fcn qidalan\u0131n. D\u00fczg\u00fcn qidalanma say\u0259sind\u0259 h\u0259m \u00e7\u0259kini n\u0259zar\u0259td\u0259 saxlamaq, h\u0259m d\u0259 ar\u0131qlamaq m\u00fcmk\u00fcnd\u00fcr\u201d.Publika.az<\/p>\n","protected":false},"excerpt":{"rendered":"<p>Trakya Universitetinin Qida M\u00fch\u0259ndisliyi professoru Hac\u0131 G\u00fcle\u00e7 \u201cPrebiotikl\u0259r: Sa\u011flaml\u0131\u011f\u0131m\u0131za t\u0259siri, \u0130stehsal\u0131 v\u0259 Biotexnoloji T\u0259dqiqatlar&#8221; adl\u0131 konfransda probiotik v\u0259 prebiotik konsepsiyalar\u0131n qar\u0131\u015fd\u0131r\u0131ld\u0131\u011f\u0131n\u0131 s\u00f6yl\u0259yib. ARANTV.AZ\u00a0 verir ki, professor bir kasa qat\u0131qdan sonra bir \u0259d\u0259d alma yem\u0259yi m\u0259sl\u0259h\u0259t g\u00f6r\u00fcb: \u201cProbiotikl\u0259r kefir v\u0259 s\u00fcd m\u0259hsullar\u0131nda canl\u0131 orqanizmdir, onlar\u0131 qidaland\u0131ran t\u0259bii \u0259lav\u0259l\u0259rdir. Probiotik v\u0259 prebiotik balans\u0131n\u0131 d\u00fczg\u00fcn qidalanma il\u0259 t\u0259min ed\u0259 bil\u0259rik. M\u0259s\u0259l\u0259n, bir kasa qat\u0131qdan sonra m\u00fctl\u0259q bir alma yem\u0259k laz\u0131md\u0131r. Alma, ya\u015f\u0131l t\u0259r\u0259v\u0259zl\u0259r, \u00e7u\u011fundur v\u0259 yer almas\u0131 il\u0259 b\u0259d\u0259nimiz\u0259 faydal\u0131 olan probiotikl\u0259r v\u0259 prebiotikl\u0259r q\u0259bul ed\u0259 bil\u0259rik\u201d. Ar\u0131qlamaq v\u0259 ya \u00e7\u0259kini stabil saxlamaq&hellip;<\/p>\n","protected":false},"author":2,"featured_media":102582,"comment_status":"closed","ping_status":"closed","sticky":false,"template":"","format":"standard","meta":{"om_disable_all_campaigns":false,"_monsterinsights_skip_tracking":false,"_monsterinsights_sitenote_active":false,"_monsterinsights_sitenote_note":"","_monsterinsights_sitenote_category":0},"categories":[1],"tags":[],"aioseo_notices":[],"gutentor_comment":0,"rttpg_featured_image_url":{"full":["https:\/\/arantv.az\/wp-content\/uploads\/2019\/11\/5de01765ae298b3a84f5fa09.jpg",800,450,false],"landscape":["https:\/\/arantv.az\/wp-content\/uploads\/2019\/11\/5de01765ae298b3a84f5fa09.jpg",800,450,false],"portraits":["https:\/\/arantv.az\/wp-content\/uploads\/2019\/11\/5de01765ae298b3a84f5fa09.jpg",800,450,false],"thumbnail":["https:\/\/arantv.az\/wp-content\/uploads\/2019\/11\/5de01765ae298b3a84f5fa09-150x150.jpg",150,150,true],"medium":["https:\/\/arantv.az\/wp-content\/uploads\/2019\/11\/5de01765ae298b3a84f5fa09-300x169.jpg",300,169,true],"large":["https:\/\/arantv.az\/wp-content\/uploads\/2019\/11\/5de01765ae298b3a84f5fa09.jpg",640,360,false],"1536x1536":["https:\/\/arantv.az\/wp-content\/uploads\/2019\/11\/5de01765ae298b3a84f5fa09.jpg",800,450,false],"2048x2048":["https:\/\/arantv.az\/wp-content\/uploads\/2019\/11\/5de01765ae298b3a84f5fa09.jpg",800,450,false],"post-thumbnail":["https:\/\/arantv.az\/wp-content\/uploads\/2019\/11\/5de01765ae298b3a84f5fa09-240x172.jpg",240,172,true],"advps-thumb-one":["https:\/\/arantv.az\/wp-content\/uploads\/2019\/11\/5de01765ae298b3a84f5fa09.jpg",800,450,false]},"rttpg_author":{"display_name":"V\u00fcsal Rafiqo\u011flu","author_link":"https:\/\/arantv.az\/?author=2"},"rttpg_comment":0,"rttpg_category":"<a href=\"https:\/\/arantv.az\/?cat=1\" rel=\"category\">C\u0259miyy\u0259t<\/a>","rttpg_excerpt":"Trakya Universitetinin Qida M\u00fch\u0259ndisliyi professoru Hac\u0131 G\u00fcle\u00e7 \u201cPrebiotikl\u0259r: Sa\u011flaml\u0131\u011f\u0131m\u0131za t\u0259siri, \u0130stehsal\u0131 v\u0259 Biotexnoloji T\u0259dqiqatlar&#8221; adl\u0131 konfransda probiotik v\u0259 prebiotik konsepsiyalar\u0131n qar\u0131\u015fd\u0131r\u0131ld\u0131\u011f\u0131n\u0131 s\u00f6yl\u0259yib. ARANTV.AZ\u00a0 verir ki, professor bir kasa qat\u0131qdan sonra bir \u0259d\u0259d alma yem\u0259yi m\u0259sl\u0259h\u0259t g\u00f6r\u00fcb: \u201cProbiotikl\u0259r kefir v\u0259 s\u00fcd m\u0259hsullar\u0131nda canl\u0131 orqanizmdir, onlar\u0131 qidaland\u0131ran t\u0259bii \u0259lav\u0259l\u0259rdir. Probiotik v\u0259 prebiotik balans\u0131n\u0131 d\u00fczg\u00fcn qidalanma il\u0259 t\u0259min&hellip;","_links":{"self":[{"href":"https:\/\/arantv.az\/index.php?rest_route=\/wp\/v2\/posts\/102581"}],"collection":[{"href":"https:\/\/arantv.az\/index.php?rest_route=\/wp\/v2\/posts"}],"about":[{"href":"https:\/\/arantv.az\/index.php?rest_route=\/wp\/v2\/types\/post"}],"author":[{"embeddable":true,"href":"https:\/\/arantv.az\/index.php?rest_route=\/wp\/v2\/users\/2"}],"replies":[{"embeddable":true,"href":"https:\/\/arantv.az\/index.php?rest_route=%2Fwp%2Fv2%2Fcomments&post=102581"}],"version-history":[{"count":0,"href":"https:\/\/arantv.az\/index.php?rest_route=\/wp\/v2\/posts\/102581\/revisions"}],"wp:featuredmedia":[{"embeddable":true,"href":"https:\/\/arantv.az\/index.php?rest_route=\/wp\/v2\/media\/102582"}],"wp:attachment":[{"href":"https:\/\/arantv.az\/index.php?rest_route=%2Fwp%2Fv2%2Fmedia&parent=102581"}],"wp:term":[{"taxonomy":"category","embeddable":true,"href":"https:\/\/arantv.az\/index.php?rest_route=%2Fwp%2Fv2%2Fcategories&post=102581"},{"taxonomy":"post_tag","embeddable":true,"href":"https:\/\/arantv.az\/index.php?rest_route=%2Fwp%2Fv2%2Ftags&post=102581"}],"curies":[{"name":"wp","href":"https:\/\/api.w.org\/{rel}","templated":true}]}}