{"id":102585,"date":"2019-11-30T14:30:35","date_gmt":"2019-11-30T11:30:35","guid":{"rendered":"http:\/\/arantv.az\/?p=102585"},"modified":"2019-11-30T14:30:35","modified_gmt":"2019-11-30T11:30:35","slug":"m%c9%99zahir-p%c9%99nahov-b%c9%99l%c9%99diyy%c9%99-seckil%c9%99rind%c9%99-13-siyasi-partiya-istirak-edir","status":"publish","type":"post","link":"https:\/\/arantv.az\/?p=102585","title":{"rendered":"M\u0259zahir P\u0259nahov: &#8220;B\u0259l\u0259diyy\u0259 se\u00e7kil\u0259rind\u0259 13 siyasi partiya i\u015ftirak edir&#8221;"},"content":{"rendered":"<blockquote><p><em><strong>Bu il ke\u00e7iril\u0259c\u0259k b\u0259l\u0259diyy\u0259 se\u00e7kil\u0259rind\u0259 13 siyasi partiya i\u015ftirak edir.<\/strong><\/em><\/p><\/blockquote>\n<p><strong>ARANTV.AZ<\/strong>\u00a0\u00a0<a href=\"https:\/\/az.trend.az\/\" target=\"_blank\" rel=\"noopener\">Trend<\/a>-\u0259 istinad\u0259n x\u0259b\u0259r verir ki, bunu M\u0259rk\u0259zi Se\u00e7ki Komissiyas\u0131n\u0131n s\u0259dri (MSK) M\u0259zahir P\u0259nahov deyib.<\/p>\n<p>Onun s\u00f6zl\u0259rin\u0259 g\u00f6r\u0259, prosesd\u0259 h\u0259min siyasi partiyalar\u0131n namiz\u0259dl\u0259ri qeydiyyata al\u0131n\u0131b:<\/p>\n<p>&#8220;Se\u00e7kil\u0259r\u0259 qat\u0131lan v\u0259 qeyd\u0259 al\u0131nan namiz\u0259dl\u0259rin t\u0259xmin\u0259n \u00fc\u00e7d\u0259 biri siyasi partiyalar\u0131n namiz\u0259dl\u0259ridir. Se\u00e7kil\u0259rd\u0259 siyasi partiyalar\u0131n f\u0259all\u0131\u011f\u0131 bizi sevindirir. Hesab edir\u0259m ki, bu \u00e7ox yax\u015f\u0131 g\u00f6st\u0259ricidir&#8221;.<\/p>\n","protected":false},"excerpt":{"rendered":"<p>Bu il ke\u00e7iril\u0259c\u0259k b\u0259l\u0259diyy\u0259 se\u00e7kil\u0259rind\u0259 13 siyasi partiya i\u015ftirak edir. ARANTV.AZ\u00a0\u00a0Trend-\u0259 istinad\u0259n x\u0259b\u0259r verir ki, bunu M\u0259rk\u0259zi Se\u00e7ki Komissiyas\u0131n\u0131n s\u0259dri (MSK) M\u0259zahir P\u0259nahov deyib. Onun s\u00f6zl\u0259rin\u0259 g\u00f6r\u0259, prosesd\u0259 h\u0259min siyasi partiyalar\u0131n namiz\u0259dl\u0259ri qeydiyyata al\u0131n\u0131b: &#8220;Se\u00e7kil\u0259r\u0259 qat\u0131lan v\u0259 qeyd\u0259 al\u0131nan namiz\u0259dl\u0259rin t\u0259xmin\u0259n \u00fc\u00e7d\u0259 biri siyasi partiyalar\u0131n namiz\u0259dl\u0259ridir. Se\u00e7kil\u0259rd\u0259 siyasi partiyalar\u0131n f\u0259all\u0131\u011f\u0131 bizi sevindirir. Hesab edir\u0259m ki, bu \u00e7ox yax\u015f\u0131 g\u00f6st\u0259ricidir&#8221;.<\/p>\n","protected":false},"author":2,"featured_media":102586,"comment_status":"closed","ping_status":"closed","sticky":false,"template":"","format":"standard","meta":{"om_disable_all_campaigns":false,"_monsterinsights_skip_tracking":false,"_monsterinsights_sitenote_active":false,"_monsterinsights_sitenote_note":"","_monsterinsights_sitenote_category":0},"categories":[1],"tags":[],"aioseo_notices":[],"gutentor_comment":0,"rttpg_featured_image_url":{"full":["https:\/\/arantv.az\/wp-content\/uploads\/2019\/11\/mezahir_penahov_012.jpg",800,600,false],"landscape":["https:\/\/arantv.az\/wp-content\/uploads\/2019\/11\/mezahir_penahov_012.jpg",800,600,false],"portraits":["https:\/\/arantv.az\/wp-content\/uploads\/2019\/11\/mezahir_penahov_012.jpg",800,600,false],"thumbnail":["https:\/\/arantv.az\/wp-content\/uploads\/2019\/11\/mezahir_penahov_012-150x150.jpg",150,150,true],"medium":["https:\/\/arantv.az\/wp-content\/uploads\/2019\/11\/mezahir_penahov_012-300x225.jpg",300,225,true],"large":["https:\/\/arantv.az\/wp-content\/uploads\/2019\/11\/mezahir_penahov_012.jpg",640,480,false],"1536x1536":["https:\/\/arantv.az\/wp-content\/uploads\/2019\/11\/mezahir_penahov_012.jpg",800,600,false],"2048x2048":["https:\/\/arantv.az\/wp-content\/uploads\/2019\/11\/mezahir_penahov_012.jpg",800,600,false],"post-thumbnail":["https:\/\/arantv.az\/wp-content\/uploads\/2019\/11\/mezahir_penahov_012-240x172.jpg",240,172,true],"advps-thumb-one":["https:\/\/arantv.az\/wp-content\/uploads\/2019\/11\/mezahir_penahov_012.jpg",800,600,false]},"rttpg_author":{"display_name":"V\u00fcsal Rafiqo\u011flu","author_link":"https:\/\/arantv.az\/?author=2"},"rttpg_comment":0,"rttpg_category":"<a href=\"https:\/\/arantv.az\/?cat=1\" rel=\"category\">C\u0259miyy\u0259t<\/a>","rttpg_excerpt":"Bu il ke\u00e7iril\u0259c\u0259k b\u0259l\u0259diyy\u0259 se\u00e7kil\u0259rind\u0259 13 siyasi partiya i\u015ftirak edir. ARANTV.AZ\u00a0\u00a0Trend-\u0259 istinad\u0259n x\u0259b\u0259r verir ki, bunu M\u0259rk\u0259zi Se\u00e7ki Komissiyas\u0131n\u0131n s\u0259dri (MSK) M\u0259zahir P\u0259nahov deyib. Onun s\u00f6zl\u0259rin\u0259 g\u00f6r\u0259, prosesd\u0259 h\u0259min siyasi partiyalar\u0131n namiz\u0259dl\u0259ri qeydiyyata al\u0131n\u0131b: &#8220;Se\u00e7kil\u0259r\u0259 qat\u0131lan v\u0259 qeyd\u0259 al\u0131nan namiz\u0259dl\u0259rin t\u0259xmin\u0259n \u00fc\u00e7d\u0259 biri siyasi partiyalar\u0131n namiz\u0259dl\u0259ridir. Se\u00e7kil\u0259rd\u0259 siyasi partiyalar\u0131n f\u0259all\u0131\u011f\u0131 bizi sevindirir. Hesab edir\u0259m ki,&hellip;","_links":{"self":[{"href":"https:\/\/arantv.az\/index.php?rest_route=\/wp\/v2\/posts\/102585"}],"collection":[{"href":"https:\/\/arantv.az\/index.php?rest_route=\/wp\/v2\/posts"}],"about":[{"href":"https:\/\/arantv.az\/index.php?rest_route=\/wp\/v2\/types\/post"}],"author":[{"embeddable":true,"href":"https:\/\/arantv.az\/index.php?rest_route=\/wp\/v2\/users\/2"}],"replies":[{"embeddable":true,"href":"https:\/\/arantv.az\/index.php?rest_route=%2Fwp%2Fv2%2Fcomments&post=102585"}],"version-history":[{"count":0,"href":"https:\/\/arantv.az\/index.php?rest_route=\/wp\/v2\/posts\/102585\/revisions"}],"wp:featuredmedia":[{"embeddable":true,"href":"https:\/\/arantv.az\/index.php?rest_route=\/wp\/v2\/media\/102586"}],"wp:attachment":[{"href":"https:\/\/arantv.az\/index.php?rest_route=%2Fwp%2Fv2%2Fmedia&parent=102585"}],"wp:term":[{"taxonomy":"category","embeddable":true,"href":"https:\/\/arantv.az\/index.php?rest_route=%2Fwp%2Fv2%2Fcategories&post=102585"},{"taxonomy":"post_tag","embeddable":true,"href":"https:\/\/arantv.az\/index.php?rest_route=%2Fwp%2Fv2%2Ftags&post=102585"}],"curies":[{"name":"wp","href":"https:\/\/api.w.org\/{rel}","templated":true}]}}