{"id":102591,"date":"2019-11-30T14:42:20","date_gmt":"2019-11-30T11:42:20","guid":{"rendered":"http:\/\/arantv.az\/?p=102591"},"modified":"2019-11-30T14:42:20","modified_gmt":"2019-11-30T11:42:20","slug":"bibiheyb%c9%99td%c9%99-cok%c9%99n-yolun-b%c9%99rpasi-bir-nec%c9%99-ay-c%c9%99k%c9%99c%c9%99k-aayda","status":"publish","type":"post","link":"https:\/\/arantv.az\/?p=102591","title":{"rendered":"Bibiheyb\u0259td\u0259 \u00e7\u00f6k\u0259n yolun b\u0259rpas\u0131 bir ne\u00e7\u0259 ay \u00e7\u0259k\u0259c\u0259k &#8211; AAYDA"},"content":{"rendered":"<blockquote><p><em><strong>Bak\u0131n\u0131n S\u0259bail rayonunun Bibiheyb\u0259t q\u0259s\u0259b\u0259sind\u0259 ba\u015f ver\u0259n s\u00fcr\u00fc\u015fm\u0259 zaman\u0131 \u00e7\u00f6k\u0259n yolun b\u0259rpas\u0131 \u00fc\u00e7\u00fcn laz\u0131mi t\u0259dbirl\u0259r davam etdirilir.<\/strong><\/em><\/p><\/blockquote>\n<p><strong>ARANTV.AZ<\/strong> bildirir ki, bunu\u00a0<a href=\"http:\/\/az.trend.az\/\" target=\"_blank\" rel=\"noopener\">Trend<\/a>-\u0259 Az\u0259rbaycan Avtomobil Yollar\u0131 D\u00f6vl\u0259t Agentliyinin M\u0259tbuat xidm\u0259tinin r\u0259hb\u0259ri Anar N\u0259c\u0259fli deyib.<\/p>\n<p>Onun s\u00f6zl\u0259rin\u0259 g\u00f6r\u0259, n\u0259qliyyat\u0131n intensiv h\u0259r\u0259k\u0259t etdiyi bu yolun b\u0259rpas\u0131 bir ne\u00e7\u0259 ay davam ed\u0259c\u0259k: &#8220;Haz\u0131rda yolun b\u0259rpa i\u015fl\u0259ri il\u0259 yana\u015f\u0131 geoloji k\u0259\u015ffiyyat i\u015fl\u0259ri d\u0259 apar\u0131l\u0131r v\u0259 bu g\u0259l\u0259c\u0259kd\u0259 ba\u015f ver\u0259c\u0259k hadis\u0259l\u0259rin qar\u015f\u0131s\u0131n\u0131 almaq m\u0259qs\u0259di da\u015f\u0131y\u0131r. Haz\u0131rda h\u0259min \u0259razid\u0259 torpaq qat\u0131 \u00e7\u00f6k\u0259r\u0259k, a\u015fa\u011f\u0131da &#8220;Bay\u0131l buxtas\u0131&#8221; k\u00fc\u00e7\u0259sini ba\u011flay\u0131b. H\u0259min k\u00fc\u00e7\u0259nin a\u00e7\u0131lmas\u0131 \u00fc\u00e7\u00fcn t\u0259dbirl\u0259r g\u00f6r\u00fcl\u00fcr.<\/p>\n<p>Bundan ba\u015fqa da\u011f yamac\u0131n\u0131n a\u011f\u0131rl\u0131\u011f\u0131n\u0131 y\u00fcng\u00fcll\u0259\u015fdirm\u0259k \u00fc\u00e7\u00fcn h\u0259min hiss\u0259d\u0259n torpaq qat\u0131 \u0259razid\u0259n k\u0259nara da\u015f\u0131n\u0131r. Apar\u0131lan k\u0259\u015ffiyyat i\u015fl\u0259ri n\u0259tic\u0259sind\u0259 h\u0259min torpaqda, yerin alt\u0131nda ged\u0259n prosesl\u0259r m\u00fc\u0259yy\u0259nl\u0259\u015fdirilir. Ondan sonra is\u0259 geoloji k\u0259\u015ffiyyat i\u015fl\u0259ri n\u0259tic\u0259sind\u0259 bu kimi hadis\u0259l\u0259rin g\u0259l\u0259c\u0259kd\u0259 ba\u015f verm\u0259m\u0259si n\u0259tic\u0259sind\u0259 hans\u0131 geoloji t\u0259dbirl\u0259rin g\u00f6r\u00fclm\u0259si il\u0259 ba\u011fl\u0131 r\u0259y haz\u0131rlanacaq. H\u0259min r\u0259y\u0259 \u0259sas\u0259n layih\u0259 haz\u0131rlan\u0131b b\u0259rpa i\u015fl\u0259rin\u0259 start veril\u0259c\u0259k. Yoldak\u0131 intensiv h\u0259r\u0259k\u0259t v\u0259 Bak\u0131n\u0131n \u0259sas giri\u015fl\u0259rind\u0259n biri oldu\u011fu n\u0259z\u0259r\u0259 al\u0131naraq bu prosesin tez bir zamanda h\u0259yata ke\u00e7irilm\u0259si n\u0259z\u0259rd\u0259 tutulur. Lakin buna baxmayaraq, q\u0131sa m\u00fcdd\u0259t \u0259rzind\u0259 orada bu kimi i\u015fl\u0259ri tam olaraq ba\u015fa \u00e7atd\u0131rmaq m\u00fcmk\u00fcn deyil. Bu proses bir ne\u00e7\u0259 ay davam ed\u0259c\u0259k, ancaq bir i\u015f dig\u0259rin\u0259 mane olmadan h\u0259yata ke\u00e7iril\u0259c\u0259k&#8221;.<\/p>\n<div><\/div>\n<p>A.N\u0259c\u0259fli deyib ki, geoloji k\u0259\u015ffiyyat i\u015fl\u0259ri zaman\u0131 yol \u00e7\u00f6k\u00fcnt\u00fcs\u00fcn\u00fcn hans\u0131 s\u0259b\u0259bd\u0259n ba\u015f verm\u0259si d\u0259 tam d\u0259qiqliyi il\u0259 ayd\u0131nla\u015fd\u0131r\u0131lacaq.<\/p>\n","protected":false},"excerpt":{"rendered":"<p>Bak\u0131n\u0131n S\u0259bail rayonunun Bibiheyb\u0259t q\u0259s\u0259b\u0259sind\u0259 ba\u015f ver\u0259n s\u00fcr\u00fc\u015fm\u0259 zaman\u0131 \u00e7\u00f6k\u0259n yolun b\u0259rpas\u0131 \u00fc\u00e7\u00fcn laz\u0131mi t\u0259dbirl\u0259r davam etdirilir. ARANTV.AZ bildirir ki, bunu\u00a0Trend-\u0259 Az\u0259rbaycan Avtomobil Yollar\u0131 D\u00f6vl\u0259t Agentliyinin M\u0259tbuat xidm\u0259tinin r\u0259hb\u0259ri Anar N\u0259c\u0259fli deyib. Onun s\u00f6zl\u0259rin\u0259 g\u00f6r\u0259, n\u0259qliyyat\u0131n intensiv h\u0259r\u0259k\u0259t etdiyi bu yolun b\u0259rpas\u0131 bir ne\u00e7\u0259 ay davam ed\u0259c\u0259k: &#8220;Haz\u0131rda yolun b\u0259rpa i\u015fl\u0259ri il\u0259 yana\u015f\u0131 geoloji k\u0259\u015ffiyyat i\u015fl\u0259ri d\u0259 apar\u0131l\u0131r v\u0259 bu g\u0259l\u0259c\u0259kd\u0259 ba\u015f ver\u0259c\u0259k hadis\u0259l\u0259rin qar\u015f\u0131s\u0131n\u0131 almaq m\u0259qs\u0259di da\u015f\u0131y\u0131r. Haz\u0131rda h\u0259min \u0259razid\u0259 torpaq qat\u0131 \u00e7\u00f6k\u0259r\u0259k, a\u015fa\u011f\u0131da &#8220;Bay\u0131l buxtas\u0131&#8221; k\u00fc\u00e7\u0259sini ba\u011flay\u0131b. H\u0259min k\u00fc\u00e7\u0259nin a\u00e7\u0131lmas\u0131 \u00fc\u00e7\u00fcn t\u0259dbirl\u0259r g\u00f6r\u00fcl\u00fcr. Bundan ba\u015fqa da\u011f yamac\u0131n\u0131n a\u011f\u0131rl\u0131\u011f\u0131n\u0131&hellip;<\/p>\n","protected":false},"author":2,"featured_media":102592,"comment_status":"closed","ping_status":"closed","sticky":false,"template":"","format":"standard","meta":{"om_disable_all_campaigns":false,"_monsterinsights_skip_tracking":false,"_monsterinsights_sitenote_active":false,"_monsterinsights_sitenote_note":"","_monsterinsights_sitenote_category":0},"categories":[1],"tags":[],"aioseo_notices":[],"gutentor_comment":0,"rttpg_featured_image_url":{"full":["https:\/\/arantv.az\/wp-content\/uploads\/2019\/11\/806678.jpg",463,347,false],"landscape":["https:\/\/arantv.az\/wp-content\/uploads\/2019\/11\/806678.jpg",463,347,false],"portraits":["https:\/\/arantv.az\/wp-content\/uploads\/2019\/11\/806678.jpg",463,347,false],"thumbnail":["https:\/\/arantv.az\/wp-content\/uploads\/2019\/11\/806678-150x150.jpg",150,150,true],"medium":["https:\/\/arantv.az\/wp-content\/uploads\/2019\/11\/806678-300x225.jpg",300,225,true],"large":["https:\/\/arantv.az\/wp-content\/uploads\/2019\/11\/806678.jpg",463,347,false],"1536x1536":["https:\/\/arantv.az\/wp-content\/uploads\/2019\/11\/806678.jpg",463,347,false],"2048x2048":["https:\/\/arantv.az\/wp-content\/uploads\/2019\/11\/806678.jpg",463,347,false],"post-thumbnail":["https:\/\/arantv.az\/wp-content\/uploads\/2019\/11\/806678-240x172.jpg",240,172,true],"advps-thumb-one":["https:\/\/arantv.az\/wp-content\/uploads\/2019\/11\/806678.jpg",463,347,false]},"rttpg_author":{"display_name":"V\u00fcsal Rafiqo\u011flu","author_link":"https:\/\/arantv.az\/?author=2"},"rttpg_comment":0,"rttpg_category":"<a href=\"https:\/\/arantv.az\/?cat=1\" rel=\"category\">C\u0259miyy\u0259t<\/a>","rttpg_excerpt":"Bak\u0131n\u0131n S\u0259bail rayonunun Bibiheyb\u0259t q\u0259s\u0259b\u0259sind\u0259 ba\u015f ver\u0259n s\u00fcr\u00fc\u015fm\u0259 zaman\u0131 \u00e7\u00f6k\u0259n yolun b\u0259rpas\u0131 \u00fc\u00e7\u00fcn laz\u0131mi t\u0259dbirl\u0259r davam etdirilir. ARANTV.AZ bildirir ki, bunu\u00a0Trend-\u0259 Az\u0259rbaycan Avtomobil Yollar\u0131 D\u00f6vl\u0259t Agentliyinin M\u0259tbuat xidm\u0259tinin r\u0259hb\u0259ri Anar N\u0259c\u0259fli deyib. Onun s\u00f6zl\u0259rin\u0259 g\u00f6r\u0259, n\u0259qliyyat\u0131n intensiv h\u0259r\u0259k\u0259t etdiyi bu yolun b\u0259rpas\u0131 bir ne\u00e7\u0259 ay davam ed\u0259c\u0259k: &#8220;Haz\u0131rda yolun b\u0259rpa i\u015fl\u0259ri il\u0259 yana\u015f\u0131 geoloji k\u0259\u015ffiyyat&hellip;","_links":{"self":[{"href":"https:\/\/arantv.az\/index.php?rest_route=\/wp\/v2\/posts\/102591"}],"collection":[{"href":"https:\/\/arantv.az\/index.php?rest_route=\/wp\/v2\/posts"}],"about":[{"href":"https:\/\/arantv.az\/index.php?rest_route=\/wp\/v2\/types\/post"}],"author":[{"embeddable":true,"href":"https:\/\/arantv.az\/index.php?rest_route=\/wp\/v2\/users\/2"}],"replies":[{"embeddable":true,"href":"https:\/\/arantv.az\/index.php?rest_route=%2Fwp%2Fv2%2Fcomments&post=102591"}],"version-history":[{"count":0,"href":"https:\/\/arantv.az\/index.php?rest_route=\/wp\/v2\/posts\/102591\/revisions"}],"wp:featuredmedia":[{"embeddable":true,"href":"https:\/\/arantv.az\/index.php?rest_route=\/wp\/v2\/media\/102592"}],"wp:attachment":[{"href":"https:\/\/arantv.az\/index.php?rest_route=%2Fwp%2Fv2%2Fmedia&parent=102591"}],"wp:term":[{"taxonomy":"category","embeddable":true,"href":"https:\/\/arantv.az\/index.php?rest_route=%2Fwp%2Fv2%2Fcategories&post=102591"},{"taxonomy":"post_tag","embeddable":true,"href":"https:\/\/arantv.az\/index.php?rest_route=%2Fwp%2Fv2%2Ftags&post=102591"}],"curies":[{"name":"wp","href":"https:\/\/api.w.org\/{rel}","templated":true}]}}