{"id":102595,"date":"2019-11-30T14:53:44","date_gmt":"2019-11-30T11:53:44","guid":{"rendered":"http:\/\/arantv.az\/?p=102595"},"modified":"2019-11-30T14:53:44","modified_gmt":"2019-11-30T11:53:44","slug":"ilham-%c9%99liyev-v%c9%99-r%c9%99c%c9%99b-tayyib-%c9%99rdogan-tanap-in-avropaya-baglanmasi-m%c9%99rasimind%c9%99-canli","status":"publish","type":"post","link":"https:\/\/arantv.az\/?p=102595","title":{"rendered":"\u0130lham \u018fliyev v\u0259 R\u0259c\u0259b Tayyib \u018frdo\u011fan TANAP-\u0131n Avropaya ba\u011flanmas\u0131 m\u0259rasimind\u0259 &#8211; CANLI"},"content":{"rendered":"<article class=\"news\">\n<div class=\"news-inner\">\n<p>TANAP-\u0131n Avropaya ba\u011flanmas\u0131 m\u0259rasimi ba\u015flamaq \u00fczr\u0259dir.<\/p>\n<p><b>ARANTV.AZ\u00a0<\/b> x\u0259b\u0259r verir ki, m\u0259rasim\u0259 qat\u0131lmaq \u00fc\u00e7\u00fcn Az\u0259rbaycan Prezidenti \u0130lham \u018fliyev v\u0259 T\u00fcrkiy\u0259 Prezidenti R\u0259c\u0259b Tayyib \u018frdo\u011fan art\u0131q \u018fdirn\u0259nin \u0130psala rayonundad\u0131rlar.<\/p>\n<p>Bununla yana\u015f\u0131, Az\u0259rbaycan Respublikas\u0131 D\u00f6vl\u0259t Neft \u015eirk\u0259tinin (SOCAR) Prezidenti R\u00f6vn\u0259q Abdullayev d\u0259 m\u0259rasim\u0259 qat\u0131lmaq \u00fc\u00e7\u00fcn \u018fdirn\u0259d\u0259dir.\u00a0Oxu.Az<\/p>\n<div><iframe loading=\"lazy\" src=\"https:\/\/www.dailymotion.com\/embed\/video\/x7df5ih\" width=\"480\" height=\"270\" frameborder=\"0\" allowfullscreen=\"allowfullscreen\" data-mce-fragment=\"1\"><\/iframe><\/div>\n<div>\n<div><iframe loading=\"lazy\" src=\"https:\/\/player.baku.tv\/embed\/11466\" width=\"560\" height=\"315\" frameborder=\"0\" allowfullscreen=\"allowfullscreen\" data-mce-fragment=\"1\"><\/iframe><\/div>\n<\/div>\n<\/div>\n<\/article>\n<h2 class=\"news-share-title\">B<\/h2>\n","protected":false},"excerpt":{"rendered":"<p>TANAP-\u0131n Avropaya ba\u011flanmas\u0131 m\u0259rasimi ba\u015flamaq \u00fczr\u0259dir. ARANTV.AZ\u00a0 x\u0259b\u0259r verir ki, m\u0259rasim\u0259 qat\u0131lmaq \u00fc\u00e7\u00fcn Az\u0259rbaycan Prezidenti \u0130lham \u018fliyev v\u0259 T\u00fcrkiy\u0259 Prezidenti R\u0259c\u0259b Tayyib \u018frdo\u011fan art\u0131q \u018fdirn\u0259nin \u0130psala rayonundad\u0131rlar. Bununla yana\u015f\u0131, Az\u0259rbaycan Respublikas\u0131 D\u00f6vl\u0259t Neft \u015eirk\u0259tinin (SOCAR) Prezidenti R\u00f6vn\u0259q Abdullayev d\u0259 m\u0259rasim\u0259 qat\u0131lmaq \u00fc\u00e7\u00fcn \u018fdirn\u0259d\u0259dir.\u00a0Oxu.Az B<\/p>\n","protected":false},"author":2,"featured_media":102596,"comment_status":"closed","ping_status":"closed","sticky":false,"template":"","format":"standard","meta":{"om_disable_all_campaigns":false,"_monsterinsights_skip_tracking":false,"_monsterinsights_sitenote_active":false,"_monsterinsights_sitenote_note":"","_monsterinsights_sitenote_category":0},"categories":[19],"tags":[],"aioseo_notices":[],"gutentor_comment":0,"rttpg_featured_image_url":{"full":["https:\/\/arantv.az\/wp-content\/uploads\/2019\/11\/prezidentl\u00c9_r.jpg",591,427,false],"landscape":["https:\/\/arantv.az\/wp-content\/uploads\/2019\/11\/prezidentl\u00c9_r.jpg",591,427,false],"portraits":["https:\/\/arantv.az\/wp-content\/uploads\/2019\/11\/prezidentl\u00c9_r.jpg",591,427,false],"thumbnail":["https:\/\/arantv.az\/wp-content\/uploads\/2019\/11\/prezidentl\u00c9_r-150x150.jpg",150,150,true],"medium":["https:\/\/arantv.az\/wp-content\/uploads\/2019\/11\/prezidentl\u00c9_r-300x217.jpg",300,217,true],"large":["https:\/\/arantv.az\/wp-content\/uploads\/2019\/11\/prezidentl\u00c9_r.jpg",591,427,false],"1536x1536":["https:\/\/arantv.az\/wp-content\/uploads\/2019\/11\/prezidentl\u00c9_r.jpg",591,427,false],"2048x2048":["https:\/\/arantv.az\/wp-content\/uploads\/2019\/11\/prezidentl\u00c9_r.jpg",591,427,false],"post-thumbnail":["https:\/\/arantv.az\/wp-content\/uploads\/2019\/11\/prezidentl\u00c9_r-240x172.jpg",240,172,true],"advps-thumb-one":["https:\/\/arantv.az\/wp-content\/uploads\/2019\/11\/prezidentl\u00c9_r.jpg",591,427,false]},"rttpg_author":{"display_name":"V\u00fcsal Rafiqo\u011flu","author_link":"https:\/\/arantv.az\/?author=2"},"rttpg_comment":0,"rttpg_category":"<a href=\"https:\/\/arantv.az\/?cat=19\" rel=\"category\">G\u00fcnd\u0259m<\/a>","rttpg_excerpt":"TANAP-\u0131n Avropaya ba\u011flanmas\u0131 m\u0259rasimi ba\u015flamaq \u00fczr\u0259dir. ARANTV.AZ\u00a0 x\u0259b\u0259r verir ki, m\u0259rasim\u0259 qat\u0131lmaq \u00fc\u00e7\u00fcn Az\u0259rbaycan Prezidenti \u0130lham \u018fliyev v\u0259 T\u00fcrkiy\u0259 Prezidenti R\u0259c\u0259b Tayyib \u018frdo\u011fan art\u0131q \u018fdirn\u0259nin \u0130psala rayonundad\u0131rlar. Bununla yana\u015f\u0131, Az\u0259rbaycan Respublikas\u0131 D\u00f6vl\u0259t Neft \u015eirk\u0259tinin (SOCAR) Prezidenti R\u00f6vn\u0259q Abdullayev d\u0259 m\u0259rasim\u0259 qat\u0131lmaq \u00fc\u00e7\u00fcn \u018fdirn\u0259d\u0259dir.\u00a0Oxu.Az B","_links":{"self":[{"href":"https:\/\/arantv.az\/index.php?rest_route=\/wp\/v2\/posts\/102595"}],"collection":[{"href":"https:\/\/arantv.az\/index.php?rest_route=\/wp\/v2\/posts"}],"about":[{"href":"https:\/\/arantv.az\/index.php?rest_route=\/wp\/v2\/types\/post"}],"author":[{"embeddable":true,"href":"https:\/\/arantv.az\/index.php?rest_route=\/wp\/v2\/users\/2"}],"replies":[{"embeddable":true,"href":"https:\/\/arantv.az\/index.php?rest_route=%2Fwp%2Fv2%2Fcomments&post=102595"}],"version-history":[{"count":0,"href":"https:\/\/arantv.az\/index.php?rest_route=\/wp\/v2\/posts\/102595\/revisions"}],"wp:featuredmedia":[{"embeddable":true,"href":"https:\/\/arantv.az\/index.php?rest_route=\/wp\/v2\/media\/102596"}],"wp:attachment":[{"href":"https:\/\/arantv.az\/index.php?rest_route=%2Fwp%2Fv2%2Fmedia&parent=102595"}],"wp:term":[{"taxonomy":"category","embeddable":true,"href":"https:\/\/arantv.az\/index.php?rest_route=%2Fwp%2Fv2%2Fcategories&post=102595"},{"taxonomy":"post_tag","embeddable":true,"href":"https:\/\/arantv.az\/index.php?rest_route=%2Fwp%2Fv2%2Ftags&post=102595"}],"curies":[{"name":"wp","href":"https:\/\/api.w.org\/{rel}","templated":true}]}}