{"id":102603,"date":"2019-11-30T14:57:00","date_gmt":"2019-11-30T11:57:00","guid":{"rendered":"http:\/\/arantv.az\/?p=102603"},"modified":"2019-11-30T14:57:00","modified_gmt":"2019-11-30T11:57:00","slug":"az%c9%99rbaycanda-yuks%c9%99k-v%c9%99zif%c9%99li-m%c9%99mur-isd%c9%99n-cixarildi","status":"publish","type":"post","link":"https:\/\/arantv.az\/?p=102603","title":{"rendered":"Az\u0259rbaycanda y\u00fcks\u0259k v\u0259zif\u0259li M\u018fMUR \u0130\u015eD\u018fN \u00c7IXARILDI"},"content":{"rendered":"<p><strong>Nax\u00e7\u0131van Muxtar Respublikas\u0131 D\u00f6vl\u0259t Sosial M\u00fcdafi\u0259 Fondu s\u0259drinin m\u00fcavini i\u015fd\u0259n \u00e7\u0131xar\u0131l\u0131b.<\/strong><\/p>\n<p><b>ARANTV.AZ\u00a0\u00a0<\/b>x\u0259b\u0259r verir ki, bununla ba\u011fl\u0131 Nax\u00e7\u0131van Muxtar Respublikas\u0131 Ali M\u0259clisinin s\u0259dri Vasif Tal\u0131bov s\u0259r\u0259ncam imzalay\u0131b.<\/p>\n<p>S\u0259r\u0259ncamla 2017-ci ild\u0259n bu v\u0259zif\u0259d\u0259 \u00e7al\u0131\u015fan V\u00fcsal \u015e\u0259ms\u0259ddin o\u011flu Sevdimal\u0131yev Nax\u00e7\u0131van Muxtar Respublikas\u0131 D\u00f6vl\u0259t Sosial M\u00fcdafi\u0259 Fondu s\u0259drinin m\u00fcavini v\u0259zif\u0259sind\u0259n azad edilib.Publika.az<\/p>\n","protected":false},"excerpt":{"rendered":"<p>Nax\u00e7\u0131van Muxtar Respublikas\u0131 D\u00f6vl\u0259t Sosial M\u00fcdafi\u0259 Fondu s\u0259drinin m\u00fcavini i\u015fd\u0259n \u00e7\u0131xar\u0131l\u0131b. ARANTV.AZ\u00a0\u00a0x\u0259b\u0259r verir ki, bununla ba\u011fl\u0131 Nax\u00e7\u0131van Muxtar Respublikas\u0131 Ali M\u0259clisinin s\u0259dri Vasif Tal\u0131bov s\u0259r\u0259ncam imzalay\u0131b. S\u0259r\u0259ncamla 2017-ci ild\u0259n bu v\u0259zif\u0259d\u0259 \u00e7al\u0131\u015fan V\u00fcsal \u015e\u0259ms\u0259ddin o\u011flu Sevdimal\u0131yev Nax\u00e7\u0131van Muxtar Respublikas\u0131 D\u00f6vl\u0259t Sosial M\u00fcdafi\u0259 Fondu s\u0259drinin m\u00fcavini v\u0259zif\u0259sind\u0259n azad edilib.Publika.az<\/p>\n","protected":false},"author":2,"featured_media":102604,"comment_status":"closed","ping_status":"closed","sticky":false,"template":"","format":"standard","meta":{"om_disable_all_campaigns":false,"_monsterinsights_skip_tracking":false,"_monsterinsights_sitenote_active":false,"_monsterinsights_sitenote_note":"","_monsterinsights_sitenote_category":0},"categories":[19],"tags":[],"aioseo_notices":[],"gutentor_comment":0,"rttpg_featured_image_url":{"full":["https:\/\/arantv.az\/wp-content\/uploads\/2019\/11\/kreslo.jpg",800,450,false],"landscape":["https:\/\/arantv.az\/wp-content\/uploads\/2019\/11\/kreslo.jpg",800,450,false],"portraits":["https:\/\/arantv.az\/wp-content\/uploads\/2019\/11\/kreslo.jpg",800,450,false],"thumbnail":["https:\/\/arantv.az\/wp-content\/uploads\/2019\/11\/kreslo-150x150.jpg",150,150,true],"medium":["https:\/\/arantv.az\/wp-content\/uploads\/2019\/11\/kreslo-300x169.jpg",300,169,true],"large":["https:\/\/arantv.az\/wp-content\/uploads\/2019\/11\/kreslo.jpg",640,360,false],"1536x1536":["https:\/\/arantv.az\/wp-content\/uploads\/2019\/11\/kreslo.jpg",800,450,false],"2048x2048":["https:\/\/arantv.az\/wp-content\/uploads\/2019\/11\/kreslo.jpg",800,450,false],"post-thumbnail":["https:\/\/arantv.az\/wp-content\/uploads\/2019\/11\/kreslo-240x172.jpg",240,172,true],"advps-thumb-one":["https:\/\/arantv.az\/wp-content\/uploads\/2019\/11\/kreslo.jpg",800,450,false]},"rttpg_author":{"display_name":"V\u00fcsal Rafiqo\u011flu","author_link":"https:\/\/arantv.az\/?author=2"},"rttpg_comment":0,"rttpg_category":"<a href=\"https:\/\/arantv.az\/?cat=19\" rel=\"category\">G\u00fcnd\u0259m<\/a>","rttpg_excerpt":"Nax\u00e7\u0131van Muxtar Respublikas\u0131 D\u00f6vl\u0259t Sosial M\u00fcdafi\u0259 Fondu s\u0259drinin m\u00fcavini i\u015fd\u0259n \u00e7\u0131xar\u0131l\u0131b. ARANTV.AZ\u00a0\u00a0x\u0259b\u0259r verir ki, bununla ba\u011fl\u0131 Nax\u00e7\u0131van Muxtar Respublikas\u0131 Ali M\u0259clisinin s\u0259dri Vasif Tal\u0131bov s\u0259r\u0259ncam imzalay\u0131b. S\u0259r\u0259ncamla 2017-ci ild\u0259n bu v\u0259zif\u0259d\u0259 \u00e7al\u0131\u015fan V\u00fcsal \u015e\u0259ms\u0259ddin o\u011flu Sevdimal\u0131yev Nax\u00e7\u0131van Muxtar Respublikas\u0131 D\u00f6vl\u0259t Sosial M\u00fcdafi\u0259 Fondu s\u0259drinin m\u00fcavini v\u0259zif\u0259sind\u0259n azad edilib.Publika.az","_links":{"self":[{"href":"https:\/\/arantv.az\/index.php?rest_route=\/wp\/v2\/posts\/102603"}],"collection":[{"href":"https:\/\/arantv.az\/index.php?rest_route=\/wp\/v2\/posts"}],"about":[{"href":"https:\/\/arantv.az\/index.php?rest_route=\/wp\/v2\/types\/post"}],"author":[{"embeddable":true,"href":"https:\/\/arantv.az\/index.php?rest_route=\/wp\/v2\/users\/2"}],"replies":[{"embeddable":true,"href":"https:\/\/arantv.az\/index.php?rest_route=%2Fwp%2Fv2%2Fcomments&post=102603"}],"version-history":[{"count":0,"href":"https:\/\/arantv.az\/index.php?rest_route=\/wp\/v2\/posts\/102603\/revisions"}],"wp:featuredmedia":[{"embeddable":true,"href":"https:\/\/arantv.az\/index.php?rest_route=\/wp\/v2\/media\/102604"}],"wp:attachment":[{"href":"https:\/\/arantv.az\/index.php?rest_route=%2Fwp%2Fv2%2Fmedia&parent=102603"}],"wp:term":[{"taxonomy":"category","embeddable":true,"href":"https:\/\/arantv.az\/index.php?rest_route=%2Fwp%2Fv2%2Fcategories&post=102603"},{"taxonomy":"post_tag","embeddable":true,"href":"https:\/\/arantv.az\/index.php?rest_route=%2Fwp%2Fv2%2Ftags&post=102603"}],"curies":[{"name":"wp","href":"https:\/\/api.w.org\/{rel}","templated":true}]}}