{"id":102611,"date":"2019-11-30T15:32:59","date_gmt":"2019-11-30T12:32:59","guid":{"rendered":"http:\/\/arantv.az\/?p=102611"},"modified":"2019-11-30T15:32:59","modified_gmt":"2019-11-30T12:32:59","slug":"az%c9%99rbaycan-prezidenti-b%c9%99%c9%99-d%c9%99n-olan-h%c9%99mkarini-t%c9%99brik-edib","status":"publish","type":"post","link":"https:\/\/arantv.az\/?p=102611","title":{"rendered":"Az\u0259rbaycan Prezidenti B\u018f\u018f-d\u0259n olan h\u0259mkar\u0131n\u0131 t\u0259brik edib"},"content":{"rendered":"<p><strong>Az\u0259rbaycan Prezidenti \u0130lham \u018fliyev Birl\u0259\u015fmi\u015f \u018fr\u0259b \u018fmirlikl\u0259rinin Prezidenti \u015eeyx X\u0259lif\u0259 bin Zayed Al N\u0259hyana t\u0259brik m\u0259ktubu \u00fcnvanlay\u0131b.<\/strong><\/p>\n<p><strong>ARANTV.AZ<\/strong>\u00a0\u00a0<a href=\"http:\/\/azertag.az\/\" target=\"_blank\" rel=\"noopener\">AZ\u018fRTAC<\/a>-a istinad\u0259n bildirir ki, t\u0259brikd\u0259 deyilir: &#8220;\u018flah\u0259zr\u0259t,<\/p>\n<p>Birl\u0259\u015fmi\u015f \u018fr\u0259b \u018fmirlikl\u0259rinin milli bayram\u0131 &#8211; M\u00fcst\u0259qillik G\u00fcn\u00fc m\u00fcnasib\u0259til\u0259 Siz\u0259 v\u0259 Sizin siman\u0131zda b\u00fct\u00fcn xalq\u0131n\u0131za \u00f6z ad\u0131mdan v\u0259 Az\u0259rbaycan xalq\u0131 ad\u0131ndan \u0259n s\u0259mimi t\u0259brikl\u0259rimi yetirm\u0259kd\u0259n m\u0259mnunluq duyuram.<\/p>\n<p>Bel\u0259 bir xo\u015f g\u00fcnd\u0259 Siz\u0259 m\u00f6hk\u0259m cansa\u011fl\u0131\u011f\u0131 v\u0259 xo\u015fb\u0259xtlik, Birl\u0259\u015fmi\u015f \u018fr\u0259b \u018fmirlikl\u0259rinin dost xalq\u0131na daim s\u00fclh v\u0259 rifah dil\u0259yir\u0259m&#8221;.<\/p>\n","protected":false},"excerpt":{"rendered":"<p>Az\u0259rbaycan Prezidenti \u0130lham \u018fliyev Birl\u0259\u015fmi\u015f \u018fr\u0259b \u018fmirlikl\u0259rinin Prezidenti \u015eeyx X\u0259lif\u0259 bin Zayed Al N\u0259hyana t\u0259brik m\u0259ktubu \u00fcnvanlay\u0131b. ARANTV.AZ\u00a0\u00a0AZ\u018fRTAC-a istinad\u0259n bildirir ki, t\u0259brikd\u0259 deyilir: &#8220;\u018flah\u0259zr\u0259t, Birl\u0259\u015fmi\u015f \u018fr\u0259b \u018fmirlikl\u0259rinin milli bayram\u0131 &#8211; M\u00fcst\u0259qillik G\u00fcn\u00fc m\u00fcnasib\u0259til\u0259 Siz\u0259 v\u0259 Sizin siman\u0131zda b\u00fct\u00fcn xalq\u0131n\u0131za \u00f6z ad\u0131mdan v\u0259 Az\u0259rbaycan xalq\u0131 ad\u0131ndan \u0259n s\u0259mimi t\u0259brikl\u0259rimi yetirm\u0259kd\u0259n m\u0259mnunluq duyuram. Bel\u0259 bir xo\u015f g\u00fcnd\u0259 Siz\u0259 m\u00f6hk\u0259m cansa\u011fl\u0131\u011f\u0131 v\u0259 xo\u015fb\u0259xtlik, Birl\u0259\u015fmi\u015f \u018fr\u0259b \u018fmirlikl\u0259rinin dost xalq\u0131na daim s\u00fclh v\u0259 rifah dil\u0259yir\u0259m&#8221;.<\/p>\n","protected":false},"author":2,"featured_media":102612,"comment_status":"closed","ping_status":"closed","sticky":false,"template":"","format":"standard","meta":{"om_disable_all_campaigns":false,"_monsterinsights_skip_tracking":false,"_monsterinsights_sitenote_active":false,"_monsterinsights_sitenote_note":"","_monsterinsights_sitenote_category":0},"categories":[4],"tags":[],"aioseo_notices":[],"gutentor_comment":0,"rttpg_featured_image_url":{"full":["https:\/\/arantv.az\/wp-content\/uploads\/2019\/11\/2018_ilham_aliyev_01-9.jpg",1200,900,false],"landscape":["https:\/\/arantv.az\/wp-content\/uploads\/2019\/11\/2018_ilham_aliyev_01-9.jpg",1200,900,false],"portraits":["https:\/\/arantv.az\/wp-content\/uploads\/2019\/11\/2018_ilham_aliyev_01-9.jpg",1200,900,false],"thumbnail":["https:\/\/arantv.az\/wp-content\/uploads\/2019\/11\/2018_ilham_aliyev_01-9-150x150.jpg",150,150,true],"medium":["https:\/\/arantv.az\/wp-content\/uploads\/2019\/11\/2018_ilham_aliyev_01-9-300x225.jpg",300,225,true],"large":["https:\/\/arantv.az\/wp-content\/uploads\/2019\/11\/2018_ilham_aliyev_01-9-1024x768.jpg",640,480,true],"1536x1536":["https:\/\/arantv.az\/wp-content\/uploads\/2019\/11\/2018_ilham_aliyev_01-9.jpg",1200,900,false],"2048x2048":["https:\/\/arantv.az\/wp-content\/uploads\/2019\/11\/2018_ilham_aliyev_01-9.jpg",1200,900,false],"post-thumbnail":["https:\/\/arantv.az\/wp-content\/uploads\/2019\/11\/2018_ilham_aliyev_01-9-240x172.jpg",240,172,true],"advps-thumb-one":["https:\/\/arantv.az\/wp-content\/uploads\/2019\/11\/2018_ilham_aliyev_01-9-1200x620.jpg",1200,620,true]},"rttpg_author":{"display_name":"V\u00fcsal Rafiqo\u011flu","author_link":"https:\/\/arantv.az\/?author=2"},"rttpg_comment":0,"rttpg_category":"<a href=\"https:\/\/arantv.az\/?cat=4\" rel=\"category\">Siyas\u0259t<\/a>","rttpg_excerpt":"Az\u0259rbaycan Prezidenti \u0130lham \u018fliyev Birl\u0259\u015fmi\u015f \u018fr\u0259b \u018fmirlikl\u0259rinin Prezidenti \u015eeyx X\u0259lif\u0259 bin Zayed Al N\u0259hyana t\u0259brik m\u0259ktubu \u00fcnvanlay\u0131b. ARANTV.AZ\u00a0\u00a0AZ\u018fRTAC-a istinad\u0259n bildirir ki, t\u0259brikd\u0259 deyilir: &#8220;\u018flah\u0259zr\u0259t, Birl\u0259\u015fmi\u015f \u018fr\u0259b \u018fmirlikl\u0259rinin milli bayram\u0131 &#8211; M\u00fcst\u0259qillik G\u00fcn\u00fc m\u00fcnasib\u0259til\u0259 Siz\u0259 v\u0259 Sizin siman\u0131zda b\u00fct\u00fcn xalq\u0131n\u0131za \u00f6z ad\u0131mdan v\u0259 Az\u0259rbaycan xalq\u0131 ad\u0131ndan \u0259n s\u0259mimi t\u0259brikl\u0259rimi yetirm\u0259kd\u0259n m\u0259mnunluq duyuram. Bel\u0259 bir xo\u015f g\u00fcnd\u0259&hellip;","_links":{"self":[{"href":"https:\/\/arantv.az\/index.php?rest_route=\/wp\/v2\/posts\/102611"}],"collection":[{"href":"https:\/\/arantv.az\/index.php?rest_route=\/wp\/v2\/posts"}],"about":[{"href":"https:\/\/arantv.az\/index.php?rest_route=\/wp\/v2\/types\/post"}],"author":[{"embeddable":true,"href":"https:\/\/arantv.az\/index.php?rest_route=\/wp\/v2\/users\/2"}],"replies":[{"embeddable":true,"href":"https:\/\/arantv.az\/index.php?rest_route=%2Fwp%2Fv2%2Fcomments&post=102611"}],"version-history":[{"count":0,"href":"https:\/\/arantv.az\/index.php?rest_route=\/wp\/v2\/posts\/102611\/revisions"}],"wp:featuredmedia":[{"embeddable":true,"href":"https:\/\/arantv.az\/index.php?rest_route=\/wp\/v2\/media\/102612"}],"wp:attachment":[{"href":"https:\/\/arantv.az\/index.php?rest_route=%2Fwp%2Fv2%2Fmedia&parent=102611"}],"wp:term":[{"taxonomy":"category","embeddable":true,"href":"https:\/\/arantv.az\/index.php?rest_route=%2Fwp%2Fv2%2Fcategories&post=102611"},{"taxonomy":"post_tag","embeddable":true,"href":"https:\/\/arantv.az\/index.php?rest_route=%2Fwp%2Fv2%2Ftags&post=102611"}],"curies":[{"name":"wp","href":"https:\/\/api.w.org\/{rel}","templated":true}]}}