{"id":102627,"date":"2019-11-30T15:46:51","date_gmt":"2019-11-30T12:46:51","guid":{"rendered":"http:\/\/arantv.az\/?p=102627"},"modified":"2019-11-30T15:46:51","modified_gmt":"2019-11-30T12:46:51","slug":"nazir-tanap-turkiy%c9%99-v%c9%99-avropanin-enerji-t%c9%99hluk%c9%99sizliyi-ucun-cox-muhum-layih%c9%99dir","status":"publish","type":"post","link":"https:\/\/arantv.az\/?p=102627","title":{"rendered":"Nazir: &#8220;TANAP T\u00fcrkiy\u0259 v\u0259 Avropan\u0131n enerji t\u0259hl\u00fck\u0259sizliyi \u00fc\u00e7\u00fcn \u00e7ox m\u00fch\u00fcm layih\u0259dir&#8221;"},"content":{"rendered":"<blockquote><p><em><strong>Trans-Anadolu qaz k\u0259m\u0259ri (TANAP) T\u00fcrkiy\u0259 v\u0259 Avropan\u0131n enerji t\u0259hl\u00fck\u0259sizliyi \u00fc\u00e7\u00fcn \u00e7ox m\u00fch\u00fcm layih\u0259dir.<\/strong><\/em><\/p><\/blockquote>\n<p><strong>ARANTV.AZ<\/strong>\u00a0\u00a0<a href=\"http:\/\/az.trend.az\/\" target=\"_blank\" rel=\"noopener\">Trend<\/a>-\u0259 istinad\u0259n bildirir ki, bunu T\u00fcrkiy\u0259nin Energetika v\u0259 T\u0259bii Ehtiyatlar naziri Fatih D\u00f6nm\u0259z Trans-Anadolu boru k\u0259m\u0259rinin ikinci sah\u0259sinin (M\u0259rh\u0259l\u0259-2) a\u00e7\u0131l\u0131\u015f\u0131 m\u00fcnasib\u0259til\u0259 deyib.<\/p>\n<p>Nazir bildirib: &#8220;Bu layih\u0259 T\u00fcrkiy\u0259 v\u0259 Az\u0259rbaycan xalqlar\u0131 aras\u0131nda qarda\u015fl\u0131q m\u00fcnasib\u0259tl\u0259rinin daha bir g\u00f6st\u0259ricisidir. Bu layih\u0259 enerji sah\u0259sind\u0259 &#8220;ip\u0259k yolu&#8221; olmaqla T\u00fcrkiy\u0259ni regionun enerji hab\u0131na \u00e7evirir&#8221;.<\/p>\n<p>F.D\u00f6nm\u0259z \u0259lav\u0259 edib ki, TANAP enerji sah\u0259sind\u0259 ba\u015fqa layih\u0259l\u0259r\u0259 d\u0259 m\u00fcsb\u0259t t\u0259sir ed\u0259c\u0259k v\u0259 T\u00fcrkiy\u0259 ba\u015fqa \u00f6lk\u0259l\u0259rl\u0259 birg\u0259 layih\u0259l\u0259rin realla\u015fd\u0131r\u0131lmas\u0131n\u0131n t\u0259r\u0259fdar\u0131d\u0131r.<\/p>\n<p>TANAP-\u0131n &#8220;T\u00fcrk ax\u0131n\u0131&#8221; il\u0259 r\u0259qab\u0259t aparmas\u0131 imkanlar\u0131na g\u0259linc\u0259, nazir vur\u011fulay\u0131b ki, bu iki layih\u0259 r\u0259qib deyil, bir-birini tamamlay\u0131r.<\/p>\n<p>Qeyd ed\u0259k ki, X\u0259z\u0259rin Az\u0259rbaycan sektorundak\u0131 &#8220;\u015eahd\u0259niz-2&#8221; yata\u011f\u0131ndan \u00e7\u0131xar\u0131lan qaz\u0131 T\u00fcrkiy\u0259y\u0259 v\u0259 bu \u00f6lk\u0259d\u0259n Avropaya n\u0259ql ed\u0259c\u0259k TANAP &#8220;C\u0259nub Qaz D\u0259hlizi&#8221;nin t\u0259rkib hiss\u0259si olan bir layih\u0259dir. TANAP T\u00fcrkiy\u0259-G\u00fcrc\u00fcstan s\u0259rh\u0259dind\u0259 C\u0259nubi Qafqaz Boru K\u0259m\u0259rin\u0259, T\u00fcrkiy\u0259-Yunan\u0131stan s\u0259rh\u0259dind\u0259 is\u0259 &#8220;Trans-Adriatik&#8221; (TAP) qaz boru k\u0259m\u0259rin\u0259 birl\u0259\u015f\u0259c\u0259k. Uzunlu\u011fu 1810 kilometr olan TANAP-\u0131n ilkin \u00f6t\u00fcr\u00fcc\u00fcl\u00fck qabiliyy\u0259ti 16 milyard kubmetrdir v\u0259 sonradan bu h\u0259cmin 31 milyard kubmetr\u0259d\u0259k art\u0131r\u0131lmas\u0131 imkan\u0131 var.<\/p>\n<p>TANAP-\u0131n s\u0259hmdarlar\u0131n\u0131n bu layih\u0259d\u0259 pay\u0131 bel\u0259dir: &#8220;C\u0259nub Qaz D\u0259hlizi&#8221; QSC &#8211; 58 faiz, &#8220;Bota\u015f&#8221; &#8211; 30 faiz v\u0259 BP \u015firk\u0259ti &#8211; 12 faiz.<\/p>\n<p>Xat\u0131rladaq ki, TANAP il\u0259 ilk qaz \u00f6t\u00fcr\u00fclm\u0259si 2018-ci il iyunun 12-d\u0259 T\u00fcrkiy\u0259nin \u018fski\u015f\u0259h\u0259r vilay\u0259tind\u0259 ba\u015f tutub v\u0259 h\u0259min il iyun ay\u0131n\u0131n sonuna T\u00fcrkiy\u0259y\u0259 qaz\u0131n kommersiya t\u0259dar\u00fckl\u0259ri ba\u015flay\u0131b. 2018-ci il iyunun 30-dan 2019-cu il oktyabr\u0131n sonuna TANAP il\u0259 qaz t\u0259dar\u00fck\u00fc 3,08 milyard kubmetr t\u0259\u015fkil edib.<\/p>\n","protected":false},"excerpt":{"rendered":"<p>Trans-Anadolu qaz k\u0259m\u0259ri (TANAP) T\u00fcrkiy\u0259 v\u0259 Avropan\u0131n enerji t\u0259hl\u00fck\u0259sizliyi \u00fc\u00e7\u00fcn \u00e7ox m\u00fch\u00fcm layih\u0259dir. ARANTV.AZ\u00a0\u00a0Trend-\u0259 istinad\u0259n bildirir ki, bunu T\u00fcrkiy\u0259nin Energetika v\u0259 T\u0259bii Ehtiyatlar naziri Fatih D\u00f6nm\u0259z Trans-Anadolu boru k\u0259m\u0259rinin ikinci sah\u0259sinin (M\u0259rh\u0259l\u0259-2) a\u00e7\u0131l\u0131\u015f\u0131 m\u00fcnasib\u0259til\u0259 deyib. Nazir bildirib: &#8220;Bu layih\u0259 T\u00fcrkiy\u0259 v\u0259 Az\u0259rbaycan xalqlar\u0131 aras\u0131nda qarda\u015fl\u0131q m\u00fcnasib\u0259tl\u0259rinin daha bir g\u00f6st\u0259ricisidir. Bu layih\u0259 enerji sah\u0259sind\u0259 &#8220;ip\u0259k yolu&#8221; olmaqla T\u00fcrkiy\u0259ni regionun enerji hab\u0131na \u00e7evirir&#8221;. F.D\u00f6nm\u0259z \u0259lav\u0259 edib ki, TANAP enerji sah\u0259sind\u0259 ba\u015fqa layih\u0259l\u0259r\u0259 d\u0259 m\u00fcsb\u0259t t\u0259sir ed\u0259c\u0259k v\u0259 T\u00fcrkiy\u0259 ba\u015fqa \u00f6lk\u0259l\u0259rl\u0259 birg\u0259 layih\u0259l\u0259rin realla\u015fd\u0131r\u0131lmas\u0131n\u0131n t\u0259r\u0259fdar\u0131d\u0131r. TANAP-\u0131n &#8220;T\u00fcrk ax\u0131n\u0131&#8221; il\u0259 r\u0259qab\u0259t aparmas\u0131 imkanlar\u0131na g\u0259linc\u0259,&hellip;<\/p>\n","protected":false},"author":2,"featured_media":102628,"comment_status":"closed","ping_status":"closed","sticky":false,"template":"","format":"standard","meta":{"om_disable_all_campaigns":false,"_monsterinsights_skip_tracking":false,"_monsterinsights_sitenote_active":false,"_monsterinsights_sitenote_note":"","_monsterinsights_sitenote_category":0},"categories":[19],"tags":[],"aioseo_notices":[],"gutentor_comment":0,"rttpg_featured_image_url":{"full":["https:\/\/arantv.az\/wp-content\/uploads\/2019\/11\/tanap_boru.jpg",1200,801,false],"landscape":["https:\/\/arantv.az\/wp-content\/uploads\/2019\/11\/tanap_boru.jpg",1200,801,false],"portraits":["https:\/\/arantv.az\/wp-content\/uploads\/2019\/11\/tanap_boru.jpg",1200,801,false],"thumbnail":["https:\/\/arantv.az\/wp-content\/uploads\/2019\/11\/tanap_boru-150x150.jpg",150,150,true],"medium":["https:\/\/arantv.az\/wp-content\/uploads\/2019\/11\/tanap_boru-300x200.jpg",300,200,true],"large":["https:\/\/arantv.az\/wp-content\/uploads\/2019\/11\/tanap_boru-1024x684.jpg",640,428,true],"1536x1536":["https:\/\/arantv.az\/wp-content\/uploads\/2019\/11\/tanap_boru.jpg",1200,801,false],"2048x2048":["https:\/\/arantv.az\/wp-content\/uploads\/2019\/11\/tanap_boru.jpg",1200,801,false],"post-thumbnail":["https:\/\/arantv.az\/wp-content\/uploads\/2019\/11\/tanap_boru-240x172.jpg",240,172,true],"advps-thumb-one":["https:\/\/arantv.az\/wp-content\/uploads\/2019\/11\/tanap_boru-1200x620.jpg",1200,620,true]},"rttpg_author":{"display_name":"V\u00fcsal Rafiqo\u011flu","author_link":"https:\/\/arantv.az\/?author=2"},"rttpg_comment":0,"rttpg_category":"<a href=\"https:\/\/arantv.az\/?cat=19\" rel=\"category\">G\u00fcnd\u0259m<\/a>","rttpg_excerpt":"Trans-Anadolu qaz k\u0259m\u0259ri (TANAP) T\u00fcrkiy\u0259 v\u0259 Avropan\u0131n enerji t\u0259hl\u00fck\u0259sizliyi \u00fc\u00e7\u00fcn \u00e7ox m\u00fch\u00fcm layih\u0259dir. ARANTV.AZ\u00a0\u00a0Trend-\u0259 istinad\u0259n bildirir ki, bunu T\u00fcrkiy\u0259nin Energetika v\u0259 T\u0259bii Ehtiyatlar naziri Fatih D\u00f6nm\u0259z Trans-Anadolu boru k\u0259m\u0259rinin ikinci sah\u0259sinin (M\u0259rh\u0259l\u0259-2) a\u00e7\u0131l\u0131\u015f\u0131 m\u00fcnasib\u0259til\u0259 deyib. Nazir bildirib: &#8220;Bu layih\u0259 T\u00fcrkiy\u0259 v\u0259 Az\u0259rbaycan xalqlar\u0131 aras\u0131nda qarda\u015fl\u0131q m\u00fcnasib\u0259tl\u0259rinin daha bir g\u00f6st\u0259ricisidir. Bu layih\u0259 enerji sah\u0259sind\u0259 &#8220;ip\u0259k yolu&#8221;&hellip;","_links":{"self":[{"href":"https:\/\/arantv.az\/index.php?rest_route=\/wp\/v2\/posts\/102627"}],"collection":[{"href":"https:\/\/arantv.az\/index.php?rest_route=\/wp\/v2\/posts"}],"about":[{"href":"https:\/\/arantv.az\/index.php?rest_route=\/wp\/v2\/types\/post"}],"author":[{"embeddable":true,"href":"https:\/\/arantv.az\/index.php?rest_route=\/wp\/v2\/users\/2"}],"replies":[{"embeddable":true,"href":"https:\/\/arantv.az\/index.php?rest_route=%2Fwp%2Fv2%2Fcomments&post=102627"}],"version-history":[{"count":0,"href":"https:\/\/arantv.az\/index.php?rest_route=\/wp\/v2\/posts\/102627\/revisions"}],"wp:featuredmedia":[{"embeddable":true,"href":"https:\/\/arantv.az\/index.php?rest_route=\/wp\/v2\/media\/102628"}],"wp:attachment":[{"href":"https:\/\/arantv.az\/index.php?rest_route=%2Fwp%2Fv2%2Fmedia&parent=102627"}],"wp:term":[{"taxonomy":"category","embeddable":true,"href":"https:\/\/arantv.az\/index.php?rest_route=%2Fwp%2Fv2%2Fcategories&post=102627"},{"taxonomy":"post_tag","embeddable":true,"href":"https:\/\/arantv.az\/index.php?rest_route=%2Fwp%2Fv2%2Ftags&post=102627"}],"curies":[{"name":"wp","href":"https:\/\/api.w.org\/{rel}","templated":true}]}}