{"id":102631,"date":"2019-11-30T15:47:49","date_gmt":"2019-11-30T12:47:49","guid":{"rendered":"http:\/\/arantv.az\/?p=102631"},"modified":"2019-11-30T15:47:49","modified_gmt":"2019-11-30T12:47:49","slug":"ilham-%c9%99liyev-h%c9%99yata-kecirdiyimiz-bu-n%c9%99h%c9%99ng-layih%c9%99l%c9%99r-bizim-gucumuzu-artirir-video","status":"publish","type":"post","link":"https:\/\/arantv.az\/?p=102631","title":{"rendered":"\u0130lham \u018fliyev: H\u0259yata ke\u00e7irdiyimiz bu n\u0259h\u0259ng layih\u0259l\u0259r bizim g\u00fcc\u00fcm\u00fcz\u00fc art\u0131r\u0131r &#8211; V\u0130DEO"},"content":{"rendered":"<article class=\"news\">\n<div class=\"news-inner\">\n<p>Noyabr\u0131n 30-da T\u00fcrkiy\u0259nin \u018fdirn\u0259 vilay\u0259tinin \u0130psala q\u0259s\u0259b\u0259sind\u0259 TANAP layih\u0259sinin Avropa il\u0259 birl\u0259\u015f\u0259c\u0259k hiss\u0259sinin a\u00e7\u0131l\u0131\u015f m\u0259rasimi ke\u00e7irilir.<\/p>\n<p>Az\u0259rbaycan Respublikas\u0131n\u0131n Prezidenti \u0130lham \u018fliyev m\u0259rasimd\u0259 i\u015ftirak edir.<\/p>\n<p>T\u00fcrkiy\u0259nin Enerji v\u0259 T\u0259bii S\u0259rv\u0259tl\u0259r naziri Fatih D\u00f6nm\u0259z \u00e7\u0131x\u0131\u015f ed\u0259r\u0259k layih\u0259 haqq\u0131nda m\u0259lumat verib. Sonra TANAP layih\u0259si \u00e7\u0259r\u00e7iv\u0259sind\u0259 g\u00f6r\u00fcl\u0259n i\u015fl\u0259ri \u0259ks etdir\u0259n video\u00e7arx n\u00fcmayi\u015f etdirilib.<\/p>\n<p>Az\u0259rbaycan Respublikas\u0131n\u0131n Prezidenti \u0130lham \u018fliyev m\u0259rasimd\u0259 \u00e7\u0131x\u0131\u015f edib:<\/p>\n<p>\u201cBu g\u00fcn tarixi bir g\u00fcnd\u00fcr. \u018fmin\u0259m ki, TANAP-\u0131n \u00f6mr\u00fc uzun olacaq. TANAP T\u00fcrkiy\u0259 v\u0259 Az\u0259rbaycana b\u00f6y\u00fck xeyir g\u0259tir\u0259c\u0259k. TANAP-a aparan yol tarixi \u0130stanbul Anla\u015fmas\u0131 il\u0259 ba\u015flad\u0131. Tarixi \u0130stanbul Anla\u015fmas\u0131 birg\u0259 siyasi irad\u0259nin n\u0259tic\u0259sind\u0259 m\u00fcmk\u00fcn olub. \u00c7\u00fcnki bu anla\u015fman\u0131n q\u0259bul edilm\u0259sin\u0259 q\u0259d\u0259r qaz\u0131n Avropaya n\u0259qlind\u0259 b\u00f6y\u00fck m\u00fcbahis\u0259l\u0259r ya\u015fan\u0131b.<\/p>\n<p>\u018fziz qarda\u015f\u0131m R\u0259c\u0259b Tayyib \u018frdo\u011fanla bu layih\u0259y\u0259 ba\u015flamaq haqq\u0131nda q\u0259rar verdik. Layih\u0259nin \u0259sas maliyy\u0259 y\u00fck\u00fcn\u00fc Az\u0259rbaycan v\u0259 T\u00fcrkiy\u0259 \u00fcz\u0259rin\u0259 g\u00f6t\u00fcr\u00fcb.<\/p>\n<p>Bak\u0131-Tblisi-Ceyhan k\u0259m\u0259ri olmasayd\u0131, bu layih\u0259 m\u00fcmk\u00fcn olmazd\u0131. BTC il\u0259 bu g\u00fcn\u0259 q\u0259d\u0259r 450 milyon tondan \u00e7ox qaz d\u00fcnya bazar\u0131na \u00e7\u0131xar\u0131l\u0131b. Bunun 400 milyon tonunu Az\u0259rbaycan nefti t\u0259\u015fkil edir.<\/p>\n<p>2007-ci ild\u0259 Bak\u0131-Tbilisi-\u018frzurum x\u0259tti layih\u0259sini a\u00e7m\u0131\u015fd\u0131q. Bu da TANAP \u00fc\u00e7\u00fcn vacib ir\u0259lil\u0259yi\u015f idi\u201d.<\/p>\n<p>Prezident bildirib ki, TANAP C\u0259nub Qaz D\u0259hlizinin bir par\u00e7as\u0131d\u0131r:<\/p>\n<p>\u201cBu g\u00fcn C\u0259nub Qaz D\u0259hlizi yeddi \u00f6lk\u0259ni birl\u0259\u015fdirir\u00a0 v\u0259 bu art\u0131q beyn\u0259lxalq \u0259m\u0259kda\u015fl\u0131qd\u0131r. Bu layih\u0259 daha b\u00f6y\u00fck anla\u015fmalara yol a\u00e7acaq. Bunlardan \u00fc\u00e7\u00fc Avropa Birliyi \u00f6lk\u0259l\u0259ridir, uzun ill\u0259r birlikd\u0259 \u00e7al\u0131\u015facaq v\u0259 faydas\u0131n\u0131 b\u00f6l\u00fc\u015f\u0259c\u0259kl\u0259r. Bu layih\u0259l\u0259r\u0259, sad\u0259c\u0259, enerji layih\u0259l\u0259ri kimi baxmaq do\u011fru deyil.<\/p>\n<p>\u0130ki il \u0259vv\u0259l \u0259ziz qarda\u015f\u0131m \u018frdo\u011fanla Bak\u0131-Tbilisi-Qars D\u0259miryolu layih\u0259sini h\u0259yata ke\u00e7irdik.<\/p>\n<p>Dig\u0259r bir layih\u0259 elektrik enerjisinin \u0259ld\u0259 edilm\u0259sidir. \u018fg\u0259r bu b\u00f6lg\u0259d\u0259 sabitlik olmasayd\u0131, qar\u015f\u0131l\u0131ql\u0131 d\u0259st\u0259k v\u0259 anla\u015fma olmasayd\u0131, bunlar\u0131n he\u00e7 biri h\u0259yata ke\u00e7m\u0259zdi. D\u00fcnyada ikinci bir \u00f6lk\u0259 tan\u0131m\u0131ram ki, T\u00fcrkiy\u0259 il\u0259 Az\u0259rbaycan q\u0259d\u0259r bir-birin\u0259 yax\u0131n olsun.<\/p>\n<p>T\u00fcrkiy\u0259 bu g\u00fcn\u0259 q\u0259d\u0259r Az\u0259rbaycan iqtisadiyyat\u0131na 12 milyard dollardan \u00e7ox investisiya, Az\u0259rbaycan T\u00fcrkiy\u0259 iqtisadiyyat\u0131na 17,5 milyard dollar investisiya yat\u0131r\u0131b.<\/p>\n<p>\u018fziz qarda\u015f\u0131m \u018frdo\u011fan\u0131n liderliyi say\u0259sind\u0259 T\u00fcrkiy\u0259 b\u00f6y\u00fck nailiyy\u0259tl\u0259r\u0259 imza atd\u0131. \u018fvv\u0259lki ill\u0259ri xat\u0131rlay\u0131r\u0131q. \u0130MF kimi qurumlara iqtisadi as\u0131l\u0131l\u0131q vard\u0131. \u018fziz qarda\u015f\u0131m \u018frdo\u011fan say\u0259sind\u0259 T\u00fcrkiy\u0259 iqtisadi as\u0131l\u0131l\u0131qdan xilas oldu. T\u00fcrkiy\u0259 bu g\u00fcn d\u00fcnyada \u00e7ox \u00f6n\u0259mli bir g\u00fcc m\u0259rk\u0259zidir.<\/p>\n<p>T\u00fcrkiy\u0259nin g\u00fcc\u00fc bizim g\u00fcc\u00fcm\u00fczd\u00fcr. Bundan sonra iki qarda\u015f \u00f6lk\u0259 olaraq ir\u0259li ged\u0259c\u0259yik. H\u0259yata ke\u00e7irdiyimiz bu n\u0259h\u0259ng layih\u0259l\u0259r bizim g\u00fcc\u00fcm\u00fcz\u00fc art\u0131r\u0131r. \u0130qtisadi g\u00fcc n\u0259tic\u0259d\u0259 siyasi g\u00fcc\u0259 \u00e7evrilir. TANAP eyni zamanda enerji t\u0259hl\u00fck\u0259sizliyi layih\u0259sidir.<\/p>\n<p>\u0130stehsal\u00e7\u0131 \u00f6lk\u0259 Az\u0259rbaycan, tranzit \u00f6lk\u0259l\u0259r v\u0259 istehlak\u00e7\u0131 \u00f6lk\u0259l\u0259r birlikd\u0259 f\u0259aliyy\u0259t g\u00f6st\u0259rir. Bu layih\u0259l\u0259r b\u00f6lg\u0259d\u0259ki sabitliyi art\u0131r\u0131r. Ya\u015fas\u0131n T\u00fcrkiy\u0259-Az\u0259rbaycan dostlu\u011fu, qarda\u015fl\u0131\u011f\u0131!\u201d.<\/p>\n<div><iframe loading=\"lazy\" src=\"https:\/\/player.baku.tv\/embed\/11468?fbclid=IwAR0AdMI-tu0jZg9jhb5IypTa6iazCiy6nXtZuYDQF2hv1k5vznYgOvO2hVI\" width=\"560\" height=\"315\" frameborder=\"0\" allowfullscreen=\"allowfullscreen\" data-mce-fragment=\"1\"><\/iframe><\/div>\n<\/div>\n<\/article>\n<h2 class=\"news-share-title\"><\/h2>\n","protected":false},"excerpt":{"rendered":"<p>Noyabr\u0131n 30-da T\u00fcrkiy\u0259nin \u018fdirn\u0259 vilay\u0259tinin \u0130psala q\u0259s\u0259b\u0259sind\u0259 TANAP layih\u0259sinin Avropa il\u0259 birl\u0259\u015f\u0259c\u0259k hiss\u0259sinin a\u00e7\u0131l\u0131\u015f m\u0259rasimi ke\u00e7irilir. Az\u0259rbaycan Respublikas\u0131n\u0131n Prezidenti \u0130lham \u018fliyev m\u0259rasimd\u0259 i\u015ftirak edir. T\u00fcrkiy\u0259nin Enerji v\u0259 T\u0259bii S\u0259rv\u0259tl\u0259r naziri Fatih D\u00f6nm\u0259z \u00e7\u0131x\u0131\u015f ed\u0259r\u0259k layih\u0259 haqq\u0131nda m\u0259lumat verib. Sonra TANAP layih\u0259si \u00e7\u0259r\u00e7iv\u0259sind\u0259 g\u00f6r\u00fcl\u0259n i\u015fl\u0259ri \u0259ks etdir\u0259n video\u00e7arx n\u00fcmayi\u015f etdirilib. Az\u0259rbaycan Respublikas\u0131n\u0131n Prezidenti \u0130lham \u018fliyev m\u0259rasimd\u0259 \u00e7\u0131x\u0131\u015f edib: \u201cBu g\u00fcn tarixi bir g\u00fcnd\u00fcr. \u018fmin\u0259m ki, TANAP-\u0131n \u00f6mr\u00fc uzun olacaq. TANAP T\u00fcrkiy\u0259 v\u0259 Az\u0259rbaycana b\u00f6y\u00fck xeyir g\u0259tir\u0259c\u0259k. TANAP-a aparan yol tarixi \u0130stanbul Anla\u015fmas\u0131 il\u0259 ba\u015flad\u0131. Tarixi \u0130stanbul Anla\u015fmas\u0131 birg\u0259 siyasi irad\u0259nin n\u0259tic\u0259sind\u0259&hellip;<\/p>\n","protected":false},"author":2,"featured_media":102632,"comment_status":"closed","ping_status":"closed","sticky":false,"template":"","format":"standard","meta":{"om_disable_all_campaigns":false,"_monsterinsights_skip_tracking":false,"_monsterinsights_sitenote_active":false,"_monsterinsights_sitenote_note":"","_monsterinsights_sitenote_category":0},"categories":[8],"tags":[],"aioseo_notices":[],"gutentor_comment":0,"rttpg_featured_image_url":{"full":["https:\/\/arantv.az\/wp-content\/uploads\/2019\/11\/ilham-\u00c9_liyev-tanap.jpg",620,349,false],"landscape":["https:\/\/arantv.az\/wp-content\/uploads\/2019\/11\/ilham-\u00c9_liyev-tanap.jpg",620,349,false],"portraits":["https:\/\/arantv.az\/wp-content\/uploads\/2019\/11\/ilham-\u00c9_liyev-tanap.jpg",620,349,false],"thumbnail":["https:\/\/arantv.az\/wp-content\/uploads\/2019\/11\/ilham-\u00c9_liyev-tanap-150x150.jpg",150,150,true],"medium":["https:\/\/arantv.az\/wp-content\/uploads\/2019\/11\/ilham-\u00c9_liyev-tanap-300x169.jpg",300,169,true],"large":["https:\/\/arantv.az\/wp-content\/uploads\/2019\/11\/ilham-\u00c9_liyev-tanap.jpg",620,349,false],"1536x1536":["https:\/\/arantv.az\/wp-content\/uploads\/2019\/11\/ilham-\u00c9_liyev-tanap.jpg",620,349,false],"2048x2048":["https:\/\/arantv.az\/wp-content\/uploads\/2019\/11\/ilham-\u00c9_liyev-tanap.jpg",620,349,false],"post-thumbnail":["https:\/\/arantv.az\/wp-content\/uploads\/2019\/11\/ilham-\u00c9_liyev-tanap-240x172.jpg",240,172,true],"advps-thumb-one":["https:\/\/arantv.az\/wp-content\/uploads\/2019\/11\/ilham-\u00c9_liyev-tanap.jpg",620,349,false]},"rttpg_author":{"display_name":"V\u00fcsal Rafiqo\u011flu","author_link":"https:\/\/arantv.az\/?author=2"},"rttpg_comment":0,"rttpg_category":"<a href=\"https:\/\/arantv.az\/?cat=8\" rel=\"category\">\u018fsas s\u0259hif\u0259<\/a>","rttpg_excerpt":"Noyabr\u0131n 30-da T\u00fcrkiy\u0259nin \u018fdirn\u0259 vilay\u0259tinin \u0130psala q\u0259s\u0259b\u0259sind\u0259 TANAP layih\u0259sinin Avropa il\u0259 birl\u0259\u015f\u0259c\u0259k hiss\u0259sinin a\u00e7\u0131l\u0131\u015f m\u0259rasimi ke\u00e7irilir. Az\u0259rbaycan Respublikas\u0131n\u0131n Prezidenti \u0130lham \u018fliyev m\u0259rasimd\u0259 i\u015ftirak edir. T\u00fcrkiy\u0259nin Enerji v\u0259 T\u0259bii S\u0259rv\u0259tl\u0259r naziri Fatih D\u00f6nm\u0259z \u00e7\u0131x\u0131\u015f ed\u0259r\u0259k layih\u0259 haqq\u0131nda m\u0259lumat verib. Sonra TANAP layih\u0259si \u00e7\u0259r\u00e7iv\u0259sind\u0259 g\u00f6r\u00fcl\u0259n i\u015fl\u0259ri \u0259ks etdir\u0259n video\u00e7arx n\u00fcmayi\u015f etdirilib. Az\u0259rbaycan Respublikas\u0131n\u0131n Prezidenti \u0130lham \u018fliyev m\u0259rasimd\u0259&hellip;","_links":{"self":[{"href":"https:\/\/arantv.az\/index.php?rest_route=\/wp\/v2\/posts\/102631"}],"collection":[{"href":"https:\/\/arantv.az\/index.php?rest_route=\/wp\/v2\/posts"}],"about":[{"href":"https:\/\/arantv.az\/index.php?rest_route=\/wp\/v2\/types\/post"}],"author":[{"embeddable":true,"href":"https:\/\/arantv.az\/index.php?rest_route=\/wp\/v2\/users\/2"}],"replies":[{"embeddable":true,"href":"https:\/\/arantv.az\/index.php?rest_route=%2Fwp%2Fv2%2Fcomments&post=102631"}],"version-history":[{"count":0,"href":"https:\/\/arantv.az\/index.php?rest_route=\/wp\/v2\/posts\/102631\/revisions"}],"wp:featuredmedia":[{"embeddable":true,"href":"https:\/\/arantv.az\/index.php?rest_route=\/wp\/v2\/media\/102632"}],"wp:attachment":[{"href":"https:\/\/arantv.az\/index.php?rest_route=%2Fwp%2Fv2%2Fmedia&parent=102631"}],"wp:term":[{"taxonomy":"category","embeddable":true,"href":"https:\/\/arantv.az\/index.php?rest_route=%2Fwp%2Fv2%2Fcategories&post=102631"},{"taxonomy":"post_tag","embeddable":true,"href":"https:\/\/arantv.az\/index.php?rest_route=%2Fwp%2Fv2%2Ftags&post=102631"}],"curies":[{"name":"wp","href":"https:\/\/api.w.org\/{rel}","templated":true}]}}