{"id":102635,"date":"2019-11-30T15:50:05","date_gmt":"2019-11-30T12:50:05","guid":{"rendered":"http:\/\/arantv.az\/?p=102635"},"modified":"2019-11-30T15:50:05","modified_gmt":"2019-11-30T12:50:05","slug":"birinci-vitse-prezident-mehriban-%c9%99liyevanin-say%c9%99sind%c9%99-az%c9%99rbaycanda-usaqlar-ucun-goz%c9%99l-s%c9%99rait-yaradilib-141-sayli-korp%c9%99l%c9%99r-evi-usaq-bagcasindan-reportaj-foto","status":"publish","type":"post","link":"https:\/\/arantv.az\/?p=102635","title":{"rendered":"Birinci vitse-prezident Mehriban \u018fliyevan\u0131n say\u0259sind\u0259 Az\u0259rbaycanda u\u015faqlar \u00fc\u00e7\u00fcn g\u00f6z\u0259l \u015f\u0259rait yarad\u0131l\u0131b &#8211; 141 sayl\u0131 k\u00f6rp\u0259l\u0259r evi-u\u015faq ba\u011f\u00e7as\u0131ndan reportaj &#8211; FOTO- V\u0130DEO"},"content":{"rendered":"<div class=\"article_text\">\n<p><strong>Avqustun 26-da Az\u0259rbaycan Respublikas\u0131n\u0131n Birinci vitse-prezidenti Mehriban \u018fliyeva v\u0259 Heyd\u0259r \u018fliyev Fondunun vitse-prezidenti Leyla \u018fliyeva paytaxt\u0131n Bin\u0259q\u0259di rayonunda yerl\u0259\u015f\u0259n 141 sayl\u0131 k\u00f6rp\u0259l\u0259r evi-u\u015faq ba\u011f\u00e7as\u0131n\u0131n a\u00e7\u0131l\u0131\u015f\u0131nda i\u015ftirak edibl\u0259r.<\/strong><\/p>\n<p>Bu k\u00f6rp\u0259l\u0259r evi-u\u015faq ba\u011f\u00e7as\u0131 \u00fc\u00e7\u00fcn bina Heyd\u0259r \u018fliyev Fondunun t\u0259\u015f\u0259bb\u00fcs\u00fc il\u0259 \u0259sasl\u0131 t\u0259mir edilib. 1980-ci ild\u0259n f\u0259aliyy\u0259t g\u00f6st\u0259r\u0259n bina buna q\u0259d\u0259r t\u0259mir edilm\u0259yib. Be\u015f min kvadratmetrd\u0259n \u00e7ox \u0259razisi olan 3 korpusdan ibar\u0259t k\u00f6rp\u0259l\u0259r evi-u\u015faq ba\u011f\u00e7as\u0131 t\u0259mird\u0259n \u0259vv\u0259l 8 qrupda 150 u\u015fa\u011fa xidm\u0259t g\u00f6st\u0259rirdi. Yeni binada is\u0259 art\u0131q 210 yerlik k\u00f6rp\u0259l\u0259r evi-u\u015faq ba\u011f\u00e7as\u0131 f\u0259aliyy\u0259t g\u00f6st\u0259rir. Burada komplektl\u0259\u015fdirilmi\u015f qrup otaqlar\u0131, m\u0259tb\u0259x v\u0259 yem\u0259kxana, idman v\u0259 musiqi zallar\u0131 v\u0259 dig\u0259r otaqlar var. \u0130kim\u0259rt\u0259b\u0259li m\u0259kt\u0259b\u0259q\u0259d\u0259r t\u0259hsil m\u00fc\u0259ssis\u0259sinin otaqlar\u0131 v\u0259 d\u0259hlizl\u0259ri u\u015faqlar\u0131n sevimli na\u011f\u0131l q\u0259hr\u0259manlar\u0131n\u0131n \u015f\u0259kill\u0259ri il\u0259 b\u0259z\u0259dilib, qrup otaqlar\u0131 z\u0259ruri inventarlarla, mebel d\u0259stl\u0259ri il\u0259 t\u0259chiz edilib.<\/p>\n<p>M\u0259kt\u0259b\u0259q\u0259d\u0259r t\u0259hsil m\u00fc\u0259ssis\u0259sind\u0259 yeddis\u0131 Az\u0259rbaycan, d\u00f6rd\u00fc is\u0259 rusdilli b\u00f6lm\u0259 olmaqla, \u00fcmumilikd\u0259, 11 qrup f\u0259aliyy\u0259t g\u00f6st\u0259rir. K\u00f6rp\u0259l\u0259r evi-u\u015faq ba\u011f\u00e7as\u0131nda 2 ya\u015fdan 6 ya\u015fad\u0259k u\u015faqlar\u0131n t\u0259lim-t\u0259rbiy\u0259si il\u0259 42 n\u0259f\u0259rd\u0259n ibar\u0259t pe\u015f\u0259kar hey\u0259t m\u0259\u015f\u011ful olur.<\/p>\n<p>Ba\u011f\u00e7an\u0131n \u0259razisind\u0259 abadl\u0131q i\u015fl\u0259ri g\u00f6r\u00fcl\u00fcb, ya\u015f\u0131ll\u0131qlar sal\u0131n\u0131b, i\u015f\u0131qland\u0131rma sistemi qura\u015fd\u0131r\u0131l\u0131b. Burada balacalar\u0131n istirah\u0259ti \u00fc\u00e7\u00fcn oyun v\u0259 idman avadanl\u0131qlar\u0131 da var. Bir s\u00f6zl\u0259, bu m\u00fc\u0259ssis\u0259d\u0259 u\u015faqlar\u0131n rahatl\u0131\u011f\u0131n\u0131, istirah\u0259tini v\u0259 ilkin bilikl\u0259r\u0259 yiy\u0259l\u0259nm\u0259l\u0259rini t\u0259min etm\u0259k, h\u0259m\u00e7inin onlar\u0131n bacar\u0131q v\u0259 istedadlar\u0131n\u0131 a\u015fkara \u00e7\u0131xarmaq \u00fc\u00e7\u00fcn h\u0259rt\u0259r\u0259fli laz\u0131mi \u015f\u0259rait yarad\u0131l\u0131b.<\/p>\n<p><strong>ARANTV.AZ<\/strong> bildirir ki,\u00a0<a href=\"http:\/\/trend.az\/\" target=\"_blank\" rel=\"noopener\">Trend<\/a>-in m\u00fcxbirl\u0259ri 141 sayl\u0131 k\u00f6rp\u0259l\u0259r evi-u\u015faq ba\u011f\u00e7as\u0131nda olublar.<\/p>\n<p>Ba\u011f\u00e7an\u0131n direktoru Sevinc Zeynalova Trend-\u0259 bildirib ki, 1980-ci ild\u0259 f\u0259aliyy\u0259t\u0259 ba\u015flayan ba\u011f\u00e7an\u0131n \u0259sasl\u0131 t\u0259mir\u0259 ehtiyac\u0131 vard\u0131:<\/p>\n<p>&#8220;Ba\u011fca art\u0131q bir nec\u0259 ayd\u0131r ki, \u0259sasl\u0131 t\u0259mird\u0259n sonra f\u0259aliyy\u0259t\u0259 ba\u015flay\u0131b. A\u00e7\u0131l\u0131\u015fda \u015f\u0259xs\u0259n Birinci vitse-prezident Mehriban \u018fliyeva v\u0259 q\u0131z\u0131 Leyla \u018fliyeva i\u015ftirak edibl\u0259r. Ba\u011f\u00e7a \u00e7ox g\u00f6z\u0259l t\u0259mir edilib, burada u\u015faqlar\u0131m\u0131z \u00fc\u00e7\u00fcn g\u00f6z\u0259l \u015f\u0259rait yarad\u0131l\u0131b. Kollektivimizin, valideynl\u0259rin ad\u0131ndan, \u015f\u0259xs\u0259n \u00f6z\u00fcm\u00fcn ad\u0131ndan Mehriban \u018fliyevaya d\u0259rin t\u0259\u015f\u0259kk\u00fcr\u00fcm\u00fc bildirir\u0259m ki, biz\u0259 bel\u0259 qay\u011f\u0131 g\u00f6st\u0259rir&#8221;.<\/p>\n<p>Ba\u011fcan\u0131n metodisti Aynur\u0259 Abbasova Trend-\u0259 bildirib ki, ba\u011f\u00e7ada u\u015faqlar\u0131n maraqlar\u0131na uy\u011fun h\u0259r c\u00fcr \u015f\u0259rait yarad\u0131l\u0131b:<\/p>\n<p>&#8220;Burada musiqi zal\u0131, idman zal\u0131 var, \u0259yl\u0259nc\u0259 \u00fc\u00e7\u00fcn b\u00fct\u00fcn v\u0259saitl\u0259r t\u0259min olunub. Biz Mehriban \u018fliyevaya g\u0259l\u0259c\u0259yimiz olan u\u015faqlar \u00fc\u00e7\u00fcn bel\u0259 bir \u015f\u0259rait yaratd\u0131\u011f\u0131, ba\u011f\u00e7an\u0131 g\u00f6z\u0259l t\u0259mir etdirdiyi \u00fc\u00e7\u00fcn valideynl\u0259rimizin ad\u0131ndan \u00e7ox t\u0259\u015f\u0259kk\u00fcr edirik&#8221;.<\/p>\n<p>Valideyn Nigar \u018fs\u0259dzad\u0259 \u00f6lk\u0259mizd\u0259 u\u015faqlar \u00fc\u00e7\u00fcn g\u00f6z\u0259l \u015f\u0259raitin yarad\u0131lmas\u0131ndan \u00e7ox \u015fad oldu\u011funu s\u00f6yl\u0259yib:<\/p>\n<p>&#8220;\u00c7ox sevindiricidir ki, u\u015faqlar \u00fc\u00e7\u00fcn bu c\u00fcr \u015f\u0259rait yarad\u0131l\u0131r. M\u0259hz bu \u015f\u0259raiti yaratd\u0131\u011f\u0131na g\u00f6r\u0259 bir ana kimi Birinci vitse-prezident Mehriban \u018fliyevaya t\u0259\u015f\u0259kk\u00fcr\u00fcm\u00fc bildirir\u0259m. Ba\u011f\u00e7adak\u0131 \u015f\u0259rait \u00e7ox yax\u015f\u0131d\u0131r, m\u0259n buradan \u00e7ox raz\u0131yam. \u0130stilik sistemi il\u0259 t\u0259chizat, g\u00fcnd\u0259lik qidalanma rejimi, u\u015faqlarla intellektual oyunlar\u0131n ke\u00e7irilm\u0259si, onlarla yarad\u0131c\u0131l\u0131q bax\u0131m\u0131ndan i\u015fin qurulmas\u0131 &#8211; b\u00fct\u00fcn bunlar \u00e7ox yax\u015f\u0131 t\u0259\u015fkil edilib. M\u0259n bundan bir ana kimi \u00e7ox m\u0259mnunam&#8221;.<\/p>\n<p>Valideyn Ruqiy\u0259 \u018fzizova da b\u00fct\u00fcn valideynl\u0259r ad\u0131ndan Birinci vitse-prezident Mehriban \u018fliyevaya d\u0259rin t\u0259\u015f\u0259kk\u00fcr\u00fcn\u00fc bildirib:<\/p>\n<p>&#8220;Burada bir n\u00f6qsan yoxdur ki, valideyn g\u0259lib irad bildirsin v\u0259 \u00f6z narahatl\u0131\u011f\u0131n\u0131 desin. Bu ba\u011f\u00e7aya s\u0259h\u0259r o q\u0259d\u0259r ax\u0131n olur ki! B\u00fct\u00fcn analar, h\u0259tta i\u015fl\u0259m\u0259y\u0259n analar bel\u0259 \u00f6z u\u015faqlar\u0131n\u0131 bu t\u0259mirli ba\u011f\u00e7aya \u00e7ox rahatl\u0131qla qoyub gedirl\u0259r v\u0259 u\u015faqlar\u0131 il\u0259 ba\u011fl\u0131 narahatlq\u0131lar\u0131 olmur, \u00f6zl\u0259rini bu bax\u0131mdan rahat hiss edirl\u0259r&#8221;.<\/p>\n<p>Birinci vitse-prezident Mehriban \u018fliyevan\u0131n qay\u011f\u0131s\u0131 say\u0259sind\u0259 Az\u0259rbaycanda u\u015faqlar\u0131n sa\u011flam yeti\u015fm\u0259si, onlar\u0131n \u00f6lk\u0259mizin etibarl\u0131 g\u0259l\u0259c\u0259yin\u0259 t\u00f6hf\u0259l\u0259r ver\u0259 bilm\u0259si \u00fc\u00e7\u00fcn yet\u0259rinc\u0259 i\u015fl\u0259r g\u00f6r\u00fcl\u00fcr. U\u015faq v\u0259 g\u0259ncl\u0259r\u0259 qay\u011f\u0131n\u0131 d\u00f6vl\u0259t siyas\u0259tinin prioritet istiqam\u0259tl\u0259rind\u0259n biri se\u00e7\u0259n Az\u0259rbaycan d\u00f6vl\u0259ti onlar\u0131n haz\u0131rk\u0131 h\u0259yat \u015f\u0259raitl\u0259rinin yax\u015f\u0131la\u015fmas\u0131na \u00e7al\u0131\u015fmaqla yana\u015f\u0131, g\u0259l\u0259c\u0259kl\u0259rini d\u0259 daim diqq\u0259t m\u0259rk\u0259zind\u0259 saxlay\u0131r.<\/p>\n<p>F\u0259aliyy\u0259tini humanizm v\u0259 insanp\u0259rv\u0259rlik prinsipl\u0259ri \u0259sas\u0131nda quran Mehriban \u018fliyeva c\u0259miyy\u0259tin b\u00fct\u00fcn t\u0259b\u0259q\u0259l\u0259rin\u0259, o c\u00fcml\u0259d\u0259n \u00f6lk\u0259mizin g\u0259l\u0259c\u0259yi olan u\u015faqlara, onlar\u0131n t\u0259hsilin\u0259 v\u0259 t\u0259lim t\u0259rbiyy\u0259sin\u0259 x\u00fcsusi h\u0259ssasl\u0131q v\u0259 t\u0259l\u0259bkarl\u0131qla yana\u015f\u0131r.<\/p>\n<p>U\u015faqlara qay\u011f\u0131 g\u00f6st\u0259rilm\u0259sini \u0259n \u0259sas v\u0259zif\u0259si hesab ed\u0259n Mehriban \u018fliyevan\u0131n g\u00f6rd\u00fcy\u00fc b\u00fct\u00fcn i\u015fl\u0259r, onun t\u0259\u015f\u0259bb\u00fcs\u00fc il\u0259 at\u0131lan add\u0131mlar u\u015faqlar\u0131n yaln\u0131z xo\u015fb\u0259xt g\u0259l\u0259c\u0259yinin qurulmas\u0131na xidm\u0259t edir. Mehriban \u018fliyevan\u0131n amal\u0131 u\u015faqlar\u0131 g\u0259l\u0259c\u0259kd\u0259 m\u0259n\u0259vi v\u0259 fiziki c\u0259h\u0259td\u0259n sa\u011flam, g\u00fccl\u00fc, savadl\u0131, Az\u0259rbaycan\u0131n layiqli v\u0259t\u0259nda\u015f\u0131 kimi g\u00f6rm\u0259kdir.<\/p>\n<p>Buna nail olmaq \u00fc\u00e7\u00fcn indiy\u0259d\u0259k Mehriban \u018fliyevan\u0131n t\u0259\u015f\u0259bb\u00fcs\u00fc il\u0259 h\u0259yata ke\u00e7iril\u0259n &#8220;Yenil\u0259\u015f\u0259n Az\u0259rbaycana yeni m\u0259kt\u0259b&#8221; layih\u0259si \u00e7\u0259r\u00e7iv\u0259sind\u0259 art\u0131q bir \u00e7ox \u0259razil\u0259rd\u0259 y\u00fczl\u0259rl\u0259 yeni m\u0259kt\u0259b binalar\u0131, u\u015faq ba\u011f\u00e7alar\u0131 tikilib v\u0259 t\u0259mir olunub.<\/p>\n<p>Bu geni\u015fmiqyasl\u0131 i\u015f &#8211; Az\u0259rbaycanda h\u0259yata ke\u00e7iril\u0259n \u00e7oxsayl\u0131 sosial islahatlar\u0131n, insanlara olan bitib-t\u00fck\u0259nm\u0259y\u0259n qay\u011f\u0131s\u0131n\u0131n bir n\u00fcmun\u0259si kimi d\u0259 d\u0259y\u0259rl\u0259ndirm\u0259k olar.<\/p>\n<p>&nbsp;<\/p>\n<p><iframe loading=\"lazy\" src=\"https:\/\/www.trend.az\/player.php?f=%20https:\/\/cdn.trend.az\/media\/pictures\/2019\/11\/30\/video_mehriban_aliyeva_301119.mp4\" width=\"100%\" height=\"360\" frameborder=\"0\" allowfullscreen=\"allowfullscreen\" data-mce-fragment=\"1\"><\/iframe><\/p>\n<\/div>\n<div class=\"adv need-money\">\n<h4><\/h4>\n<div class=\"article-gallery\">\n<div class=\"lSSlideOuter \">\n<div class=\"lSSlideWrapper usingCss\">\n<ul class=\"images-list lightSlider lsGrab lSSlide\">\n<li class=\"lslide active\" data-src=\"https:\/\/img.milli.az\/2019\/11\/30\/806697_(4).jpg\" data-fancybox=\"806697\"><img src=\"https:\/\/img.milli.az\/2019\/11\/30\/806697_(4).jpg\" alt=\"\" \/><\/li>\n<li class=\"lslide\" data-src=\"https:\/\/img.milli.az\/2019\/11\/30\/806697_(3).jpg\" data-fancybox=\"806697\"><img src=\"https:\/\/img.milli.az\/2019\/11\/30\/806697_(3).jpg\" alt=\"\" \/><\/li>\n<li class=\"lslide\" data-src=\"https:\/\/img.milli.az\/2019\/11\/30\/806697_(2).jpg\" data-fancybox=\"806697\"><img src=\"https:\/\/img.milli.az\/2019\/11\/30\/806697_(2).jpg\" alt=\"\" \/><\/li>\n<li class=\"lslide\" data-src=\"https:\/\/img.milli.az\/2019\/11\/30\/806697_(1).jpg\" data-fancybox=\"806697\"><img src=\"https:\/\/img.milli.az\/2019\/11\/30\/806697_(1).jpg\" alt=\"\" \/><\/li>\n<\/ul>\n<div class=\"lSAction\"><\/div>\n<\/div>\n<\/div>\n<div class=\"lSSlideOuter \">\n<div class=\"lSSlideWrapper usingCss\">\n<div class=\"lSAction\"><\/div>\n<\/div>\n<\/div>\n<\/div>\n<\/div>\n","protected":false},"excerpt":{"rendered":"<p>Avqustun 26-da Az\u0259rbaycan Respublikas\u0131n\u0131n Birinci vitse-prezidenti Mehriban \u018fliyeva v\u0259 Heyd\u0259r \u018fliyev Fondunun vitse-prezidenti Leyla \u018fliyeva paytaxt\u0131n Bin\u0259q\u0259di rayonunda yerl\u0259\u015f\u0259n 141 sayl\u0131 k\u00f6rp\u0259l\u0259r evi-u\u015faq ba\u011f\u00e7as\u0131n\u0131n a\u00e7\u0131l\u0131\u015f\u0131nda i\u015ftirak edibl\u0259r. Bu k\u00f6rp\u0259l\u0259r evi-u\u015faq ba\u011f\u00e7as\u0131 \u00fc\u00e7\u00fcn bina Heyd\u0259r \u018fliyev Fondunun t\u0259\u015f\u0259bb\u00fcs\u00fc il\u0259 \u0259sasl\u0131 t\u0259mir edilib. 1980-ci ild\u0259n f\u0259aliyy\u0259t g\u00f6st\u0259r\u0259n bina buna q\u0259d\u0259r t\u0259mir edilm\u0259yib. Be\u015f min kvadratmetrd\u0259n \u00e7ox \u0259razisi olan 3 korpusdan ibar\u0259t k\u00f6rp\u0259l\u0259r evi-u\u015faq ba\u011f\u00e7as\u0131 t\u0259mird\u0259n \u0259vv\u0259l 8 qrupda 150 u\u015fa\u011fa xidm\u0259t g\u00f6st\u0259rirdi. Yeni binada is\u0259 art\u0131q 210 yerlik k\u00f6rp\u0259l\u0259r evi-u\u015faq ba\u011f\u00e7as\u0131 f\u0259aliyy\u0259t g\u00f6st\u0259rir. Burada komplektl\u0259\u015fdirilmi\u015f qrup otaqlar\u0131, m\u0259tb\u0259x v\u0259 yem\u0259kxana, idman v\u0259&hellip;<\/p>\n","protected":false},"author":2,"featured_media":102636,"comment_status":"closed","ping_status":"closed","sticky":false,"template":"","format":"standard","meta":{"om_disable_all_campaigns":false,"_monsterinsights_skip_tracking":false,"_monsterinsights_sitenote_active":false,"_monsterinsights_sitenote_note":"","_monsterinsights_sitenote_category":0},"categories":[4],"tags":[],"aioseo_notices":[],"gutentor_comment":0,"rttpg_featured_image_url":{"full":["https:\/\/arantv.az\/wp-content\/uploads\/2019\/11\/806697_1.jpg",1000,666,false],"landscape":["https:\/\/arantv.az\/wp-content\/uploads\/2019\/11\/806697_1.jpg",1000,666,false],"portraits":["https:\/\/arantv.az\/wp-content\/uploads\/2019\/11\/806697_1.jpg",1000,666,false],"thumbnail":["https:\/\/arantv.az\/wp-content\/uploads\/2019\/11\/806697_1-150x150.jpg",150,150,true],"medium":["https:\/\/arantv.az\/wp-content\/uploads\/2019\/11\/806697_1-300x200.jpg",300,200,true],"large":["https:\/\/arantv.az\/wp-content\/uploads\/2019\/11\/806697_1.jpg",640,426,false],"1536x1536":["https:\/\/arantv.az\/wp-content\/uploads\/2019\/11\/806697_1.jpg",1000,666,false],"2048x2048":["https:\/\/arantv.az\/wp-content\/uploads\/2019\/11\/806697_1.jpg",1000,666,false],"post-thumbnail":["https:\/\/arantv.az\/wp-content\/uploads\/2019\/11\/806697_1-240x172.jpg",240,172,true],"advps-thumb-one":["https:\/\/arantv.az\/wp-content\/uploads\/2019\/11\/806697_1-1000x620.jpg",1000,620,true]},"rttpg_author":{"display_name":"V\u00fcsal Rafiqo\u011flu","author_link":"https:\/\/arantv.az\/?author=2"},"rttpg_comment":0,"rttpg_category":"<a href=\"https:\/\/arantv.az\/?cat=4\" rel=\"category\">Siyas\u0259t<\/a>","rttpg_excerpt":"Avqustun 26-da Az\u0259rbaycan Respublikas\u0131n\u0131n Birinci vitse-prezidenti Mehriban \u018fliyeva v\u0259 Heyd\u0259r \u018fliyev Fondunun vitse-prezidenti Leyla \u018fliyeva paytaxt\u0131n Bin\u0259q\u0259di rayonunda yerl\u0259\u015f\u0259n 141 sayl\u0131 k\u00f6rp\u0259l\u0259r evi-u\u015faq ba\u011f\u00e7as\u0131n\u0131n a\u00e7\u0131l\u0131\u015f\u0131nda i\u015ftirak edibl\u0259r. Bu k\u00f6rp\u0259l\u0259r evi-u\u015faq ba\u011f\u00e7as\u0131 \u00fc\u00e7\u00fcn bina Heyd\u0259r \u018fliyev Fondunun t\u0259\u015f\u0259bb\u00fcs\u00fc il\u0259 \u0259sasl\u0131 t\u0259mir edilib. 1980-ci ild\u0259n f\u0259aliyy\u0259t g\u00f6st\u0259r\u0259n bina buna q\u0259d\u0259r t\u0259mir edilm\u0259yib. Be\u015f min kvadratmetrd\u0259n \u00e7ox \u0259razisi&hellip;","_links":{"self":[{"href":"https:\/\/arantv.az\/index.php?rest_route=\/wp\/v2\/posts\/102635"}],"collection":[{"href":"https:\/\/arantv.az\/index.php?rest_route=\/wp\/v2\/posts"}],"about":[{"href":"https:\/\/arantv.az\/index.php?rest_route=\/wp\/v2\/types\/post"}],"author":[{"embeddable":true,"href":"https:\/\/arantv.az\/index.php?rest_route=\/wp\/v2\/users\/2"}],"replies":[{"embeddable":true,"href":"https:\/\/arantv.az\/index.php?rest_route=%2Fwp%2Fv2%2Fcomments&post=102635"}],"version-history":[{"count":0,"href":"https:\/\/arantv.az\/index.php?rest_route=\/wp\/v2\/posts\/102635\/revisions"}],"wp:featuredmedia":[{"embeddable":true,"href":"https:\/\/arantv.az\/index.php?rest_route=\/wp\/v2\/media\/102636"}],"wp:attachment":[{"href":"https:\/\/arantv.az\/index.php?rest_route=%2Fwp%2Fv2%2Fmedia&parent=102635"}],"wp:term":[{"taxonomy":"category","embeddable":true,"href":"https:\/\/arantv.az\/index.php?rest_route=%2Fwp%2Fv2%2Fcategories&post=102635"},{"taxonomy":"post_tag","embeddable":true,"href":"https:\/\/arantv.az\/index.php?rest_route=%2Fwp%2Fv2%2Ftags&post=102635"}],"curies":[{"name":"wp","href":"https:\/\/api.w.org\/{rel}","templated":true}]}}