{"id":102655,"date":"2019-11-30T16:18:42","date_gmt":"2019-11-30T13:18:42","guid":{"rendered":"http:\/\/arantv.az\/?p=102655"},"modified":"2019-11-30T16:18:42","modified_gmt":"2019-11-30T13:18:42","slug":"rovn%c9%99q-abdullayev-az%c9%99rbaycan-qazi-ilk-d%c9%99f%c9%99-avropaya-birbasa-catdirilacaq","status":"publish","type":"post","link":"https:\/\/arantv.az\/?p=102655","title":{"rendered":"R\u00f6vn\u0259q Abdullayev: Az\u0259rbaycan qaz\u0131 ilk d\u0259f\u0259 Avropaya birba\u015fa \u00e7atd\u0131r\u0131lacaq"},"content":{"rendered":"<p>SOCAR Prezidenti TANAP \u0130dar\u0259 Hey\u0259tinin r\u0259hb\u0259ri R\u00f6vn\u0259q Abdullayev TANAP layih\u0259sinin Avropa il\u0259 birl\u0259\u015f\u0259c\u0259k hiss\u0259sinin a\u00e7\u0131l\u0131\u015f m\u0259rasimind\u0259 \u00e7\u0131x\u0131\u015f edib.<\/p>\n<p><strong>ARANTV.AZ\u00a0\u00a0<\/strong>x\u0259b\u0259r verir ki, R.Abdullayev T\u00fcrkiy\u0259nin \u015f\u0259rqind\u0259n q\u0259rbin\u0259d\u0259k uzanan TANAP-\u0131n in\u015fas\u0131n\u0131n vaxt\u0131nda tamamland\u0131\u011f\u0131n\u0131 dil\u0259 g\u0259tirib.<\/p>\n<p>O bildirib ki, TANAP TAP vasit\u0259sil\u0259 Avropaya qaz \u00f6t\u00fcrm\u0259y\u0259 haz\u0131rd\u0131r:<\/p>\n<p>\u201cTAP-\u0131n in\u015faat\u0131 tamamland\u0131qdan sonra tarixd\u0259 ilk d\u0259f\u0259 Az\u0259rbaycan qaz\u0131 X\u0259z\u0259r h\u00f6vz\u0259sind\u0259n Avropa bazarlar\u0131na birba\u015fa \u00e7atd\u0131r\u0131lm\u0131\u015f olacaq. Bel\u0259c\u0259, Avropan\u0131n yeni qaz t\u0259dar\u00fck\u00e7\u00fcs\u00fc olmaqla yana\u015f\u0131, T\u00fcrkiy\u0259nin d\u0259 \u0259n b\u00f6y\u00fck ikinci t\u0259bii qaz t\u0259dar\u00fck\u00e7\u00fcs\u00fcn\u0259 \u00e7evrilm\u0259yi h\u0259d\u0259fl\u0259yirik\u201d.Oxu.Az<\/p>\n","protected":false},"excerpt":{"rendered":"<p>SOCAR Prezidenti TANAP \u0130dar\u0259 Hey\u0259tinin r\u0259hb\u0259ri R\u00f6vn\u0259q Abdullayev TANAP layih\u0259sinin Avropa il\u0259 birl\u0259\u015f\u0259c\u0259k hiss\u0259sinin a\u00e7\u0131l\u0131\u015f m\u0259rasimind\u0259 \u00e7\u0131x\u0131\u015f edib. ARANTV.AZ\u00a0\u00a0x\u0259b\u0259r verir ki, R.Abdullayev T\u00fcrkiy\u0259nin \u015f\u0259rqind\u0259n q\u0259rbin\u0259d\u0259k uzanan TANAP-\u0131n in\u015fas\u0131n\u0131n vaxt\u0131nda tamamland\u0131\u011f\u0131n\u0131 dil\u0259 g\u0259tirib. O bildirib ki, TANAP TAP vasit\u0259sil\u0259 Avropaya qaz \u00f6t\u00fcrm\u0259y\u0259 haz\u0131rd\u0131r: \u201cTAP-\u0131n in\u015faat\u0131 tamamland\u0131qdan sonra tarixd\u0259 ilk d\u0259f\u0259 Az\u0259rbaycan qaz\u0131 X\u0259z\u0259r h\u00f6vz\u0259sind\u0259n Avropa bazarlar\u0131na birba\u015fa \u00e7atd\u0131r\u0131lm\u0131\u015f olacaq. Bel\u0259c\u0259, Avropan\u0131n yeni qaz t\u0259dar\u00fck\u00e7\u00fcs\u00fc olmaqla yana\u015f\u0131, T\u00fcrkiy\u0259nin d\u0259 \u0259n b\u00f6y\u00fck ikinci t\u0259bii qaz t\u0259dar\u00fck\u00e7\u00fcs\u00fcn\u0259 \u00e7evrilm\u0259yi h\u0259d\u0259fl\u0259yirik\u201d.Oxu.Az<\/p>\n","protected":false},"author":2,"featured_media":102656,"comment_status":"closed","ping_status":"closed","sticky":false,"template":"","format":"standard","meta":{"om_disable_all_campaigns":false,"_monsterinsights_skip_tracking":false,"_monsterinsights_sitenote_active":false,"_monsterinsights_sitenote_note":"","_monsterinsights_sitenote_category":0},"categories":[19],"tags":[],"aioseo_notices":[],"gutentor_comment":0,"rttpg_featured_image_url":{"full":["https:\/\/arantv.az\/wp-content\/uploads\/2019\/11\/r\u00c3\u00b6vn\u00c9_q-abdullayev.jpg",620,414,false],"landscape":["https:\/\/arantv.az\/wp-content\/uploads\/2019\/11\/r\u00c3\u00b6vn\u00c9_q-abdullayev.jpg",620,414,false],"portraits":["https:\/\/arantv.az\/wp-content\/uploads\/2019\/11\/r\u00c3\u00b6vn\u00c9_q-abdullayev.jpg",620,414,false],"thumbnail":["https:\/\/arantv.az\/wp-content\/uploads\/2019\/11\/r\u00c3\u00b6vn\u00c9_q-abdullayev-150x150.jpg",150,150,true],"medium":["https:\/\/arantv.az\/wp-content\/uploads\/2019\/11\/r\u00c3\u00b6vn\u00c9_q-abdullayev-300x200.jpg",300,200,true],"large":["https:\/\/arantv.az\/wp-content\/uploads\/2019\/11\/r\u00c3\u00b6vn\u00c9_q-abdullayev.jpg",620,414,false],"1536x1536":["https:\/\/arantv.az\/wp-content\/uploads\/2019\/11\/r\u00c3\u00b6vn\u00c9_q-abdullayev.jpg",620,414,false],"2048x2048":["https:\/\/arantv.az\/wp-content\/uploads\/2019\/11\/r\u00c3\u00b6vn\u00c9_q-abdullayev.jpg",620,414,false],"post-thumbnail":["https:\/\/arantv.az\/wp-content\/uploads\/2019\/11\/r\u00c3\u00b6vn\u00c9_q-abdullayev-240x172.jpg",240,172,true],"advps-thumb-one":["https:\/\/arantv.az\/wp-content\/uploads\/2019\/11\/r\u00c3\u00b6vn\u00c9_q-abdullayev.jpg",620,414,false]},"rttpg_author":{"display_name":"V\u00fcsal Rafiqo\u011flu","author_link":"https:\/\/arantv.az\/?author=2"},"rttpg_comment":0,"rttpg_category":"<a href=\"https:\/\/arantv.az\/?cat=19\" rel=\"category\">G\u00fcnd\u0259m<\/a>","rttpg_excerpt":"SOCAR Prezidenti TANAP \u0130dar\u0259 Hey\u0259tinin r\u0259hb\u0259ri R\u00f6vn\u0259q Abdullayev TANAP layih\u0259sinin Avropa il\u0259 birl\u0259\u015f\u0259c\u0259k hiss\u0259sinin a\u00e7\u0131l\u0131\u015f m\u0259rasimind\u0259 \u00e7\u0131x\u0131\u015f edib. ARANTV.AZ\u00a0\u00a0x\u0259b\u0259r verir ki, R.Abdullayev T\u00fcrkiy\u0259nin \u015f\u0259rqind\u0259n q\u0259rbin\u0259d\u0259k uzanan TANAP-\u0131n in\u015fas\u0131n\u0131n vaxt\u0131nda tamamland\u0131\u011f\u0131n\u0131 dil\u0259 g\u0259tirib. O bildirib ki, TANAP TAP vasit\u0259sil\u0259 Avropaya qaz \u00f6t\u00fcrm\u0259y\u0259 haz\u0131rd\u0131r: \u201cTAP-\u0131n in\u015faat\u0131 tamamland\u0131qdan sonra tarixd\u0259 ilk d\u0259f\u0259 Az\u0259rbaycan qaz\u0131 X\u0259z\u0259r h\u00f6vz\u0259sind\u0259n Avropa bazarlar\u0131na&hellip;","_links":{"self":[{"href":"https:\/\/arantv.az\/index.php?rest_route=\/wp\/v2\/posts\/102655"}],"collection":[{"href":"https:\/\/arantv.az\/index.php?rest_route=\/wp\/v2\/posts"}],"about":[{"href":"https:\/\/arantv.az\/index.php?rest_route=\/wp\/v2\/types\/post"}],"author":[{"embeddable":true,"href":"https:\/\/arantv.az\/index.php?rest_route=\/wp\/v2\/users\/2"}],"replies":[{"embeddable":true,"href":"https:\/\/arantv.az\/index.php?rest_route=%2Fwp%2Fv2%2Fcomments&post=102655"}],"version-history":[{"count":0,"href":"https:\/\/arantv.az\/index.php?rest_route=\/wp\/v2\/posts\/102655\/revisions"}],"wp:featuredmedia":[{"embeddable":true,"href":"https:\/\/arantv.az\/index.php?rest_route=\/wp\/v2\/media\/102656"}],"wp:attachment":[{"href":"https:\/\/arantv.az\/index.php?rest_route=%2Fwp%2Fv2%2Fmedia&parent=102655"}],"wp:term":[{"taxonomy":"category","embeddable":true,"href":"https:\/\/arantv.az\/index.php?rest_route=%2Fwp%2Fv2%2Fcategories&post=102655"},{"taxonomy":"post_tag","embeddable":true,"href":"https:\/\/arantv.az\/index.php?rest_route=%2Fwp%2Fv2%2Ftags&post=102655"}],"curies":[{"name":"wp","href":"https:\/\/api.w.org\/{rel}","templated":true}]}}