{"id":102663,"date":"2019-11-30T16:26:27","date_gmt":"2019-11-30T13:26:27","guid":{"rendered":"http:\/\/arantv.az\/?p=102663"},"modified":"2019-11-30T16:26:27","modified_gmt":"2019-11-30T13:26:27","slug":"aqta-hansisa-yarimciq-m%c9%99lumatin-media-vasit%c9%99si-il%c9%99-yayilmasi-yolverilm%c9%99z-v%c9%99-q%c9%99r%c9%99zlidir","status":"publish","type":"post","link":"https:\/\/arantv.az\/?p=102663","title":{"rendered":"AQTA: Hans\u0131sa yar\u0131m\u00e7\u0131q m\u0259lumat\u0131n media vasit\u0259si il\u0259 yay\u0131lmas\u0131 yolverilm\u0259z v\u0259 q\u0259r\u0259zlidir"},"content":{"rendered":"<p><strong>Az\u0259rbaycan Qida T\u0259hl\u00fck\u0259sizliyi Agentliyi (AQTA) qida z\u0259h\u0259rl\u0259nm\u0259l\u0259ri il\u0259 ba\u011fl\u0131 son g\u00fcnl\u0259r yay\u0131lan x\u0259b\u0259rl\u0259r\u0259 m\u00fcnasib\u0259t bildirib.<\/strong><\/p>\n<p><strong>ARANTV.AZ\u00a0<\/strong> bildirir ki, AQTA-dan\u00a0<a href=\"http:\/\/trend.az\/\" target=\"_blank\" rel=\"noopener\">Trend<\/a>-\u0259 veril\u0259n m\u0259lumata g\u00f6r\u0259, a\u00e7\u0131qlamada deyilir:<\/p>\n<p>&#8220;Son g\u00fcnl\u0259r k\u00fctl\u0259vi informasiya vasit\u0259l\u0259rind\u0259 he\u00e7 bir ekspertiza r\u0259yi olmadan qida z\u0259h\u0259rl\u0259nm\u0259l\u0259ri il\u0259 ba\u011fl\u0131 m\u0259lumatlar yay\u0131lmaqdad\u0131r. T\u0259bii ki, b\u00fct\u00fcn bunlara s\u0259h\u0259tind\u0259 problem yaranm\u0131\u015f \u015f\u0259xsl\u0259rd\u0259n al\u0131nm\u0131\u015f ilkin m\u0259lumatlar\u0131n t\u0259l\u0259m-t\u0259l\u0259sik ictimail\u0259\u015fdirilm\u0259si s\u0259b\u0259b olur. Lakin laborator m\u00fcayin\u0259l\u0259rin n\u0259tic\u0259sind\u0259 yay\u0131lm\u0131\u015f ilkin m\u0259lumatlar\u0131n do\u011fru olmad\u0131\u011f\u0131, \u0259ks\u0259r hallarda is\u0259 hadis\u0259nin \u00fcmumiyy\u0259tl\u0259 qida z\u0259h\u0259rl\u0259nm\u0259si il\u0259 he\u00e7 bir \u0259laq\u0259sinin olmad\u0131\u011f\u0131 a\u015fkar olunur. Faktlara s\u00f6yk\u0259nm\u0259y\u0259n v\u0259 bu kimi yar\u0131m\u00e7\u0131q m\u0259lumatlar\u0131n yay\u0131lmas\u0131 m\u0259s\u0259l\u0259y\u0259 qeyri-pe\u015f\u0259kar yana\u015fman\u0131n g\u00f6st\u0259ricisidir. \u0130st\u0259nil\u0259n halda ekspertiza \u00f6z r\u0259yini bildirm\u0259d\u0259n hans\u0131sa yar\u0131m\u00e7\u0131q m\u0259lumat\u0131n media vasit\u0259si il\u0259 yay\u0131lmas\u0131 yolverilm\u0259z v\u0259 q\u0259r\u0259zlidir!&#8221;<\/p>\n","protected":false},"excerpt":{"rendered":"<p>Az\u0259rbaycan Qida T\u0259hl\u00fck\u0259sizliyi Agentliyi (AQTA) qida z\u0259h\u0259rl\u0259nm\u0259l\u0259ri il\u0259 ba\u011fl\u0131 son g\u00fcnl\u0259r yay\u0131lan x\u0259b\u0259rl\u0259r\u0259 m\u00fcnasib\u0259t bildirib. ARANTV.AZ\u00a0 bildirir ki, AQTA-dan\u00a0Trend-\u0259 veril\u0259n m\u0259lumata g\u00f6r\u0259, a\u00e7\u0131qlamada deyilir: &#8220;Son g\u00fcnl\u0259r k\u00fctl\u0259vi informasiya vasit\u0259l\u0259rind\u0259 he\u00e7 bir ekspertiza r\u0259yi olmadan qida z\u0259h\u0259rl\u0259nm\u0259l\u0259ri il\u0259 ba\u011fl\u0131 m\u0259lumatlar yay\u0131lmaqdad\u0131r. T\u0259bii ki, b\u00fct\u00fcn bunlara s\u0259h\u0259tind\u0259 problem yaranm\u0131\u015f \u015f\u0259xsl\u0259rd\u0259n al\u0131nm\u0131\u015f ilkin m\u0259lumatlar\u0131n t\u0259l\u0259m-t\u0259l\u0259sik ictimail\u0259\u015fdirilm\u0259si s\u0259b\u0259b olur. Lakin laborator m\u00fcayin\u0259l\u0259rin n\u0259tic\u0259sind\u0259 yay\u0131lm\u0131\u015f ilkin m\u0259lumatlar\u0131n do\u011fru olmad\u0131\u011f\u0131, \u0259ks\u0259r hallarda is\u0259 hadis\u0259nin \u00fcmumiyy\u0259tl\u0259 qida z\u0259h\u0259rl\u0259nm\u0259si il\u0259 he\u00e7 bir \u0259laq\u0259sinin olmad\u0131\u011f\u0131 a\u015fkar olunur. Faktlara s\u00f6yk\u0259nm\u0259y\u0259n v\u0259 bu kimi yar\u0131m\u00e7\u0131q m\u0259lumatlar\u0131n yay\u0131lmas\u0131 m\u0259s\u0259l\u0259y\u0259 qeyri-pe\u015f\u0259kar yana\u015fman\u0131n g\u00f6st\u0259ricisidir.&hellip;<\/p>\n","protected":false},"author":2,"featured_media":102664,"comment_status":"closed","ping_status":"closed","sticky":false,"template":"","format":"standard","meta":{"om_disable_all_campaigns":false,"_monsterinsights_skip_tracking":false,"_monsterinsights_sitenote_active":false,"_monsterinsights_sitenote_note":"","_monsterinsights_sitenote_category":0},"categories":[1],"tags":[],"aioseo_notices":[],"gutentor_comment":0,"rttpg_featured_image_url":{"full":["https:\/\/arantv.az\/wp-content\/uploads\/2019\/11\/aqta_loqo.jpg",800,600,false],"landscape":["https:\/\/arantv.az\/wp-content\/uploads\/2019\/11\/aqta_loqo.jpg",800,600,false],"portraits":["https:\/\/arantv.az\/wp-content\/uploads\/2019\/11\/aqta_loqo.jpg",800,600,false],"thumbnail":["https:\/\/arantv.az\/wp-content\/uploads\/2019\/11\/aqta_loqo-150x150.jpg",150,150,true],"medium":["https:\/\/arantv.az\/wp-content\/uploads\/2019\/11\/aqta_loqo-300x225.jpg",300,225,true],"large":["https:\/\/arantv.az\/wp-content\/uploads\/2019\/11\/aqta_loqo.jpg",640,480,false],"1536x1536":["https:\/\/arantv.az\/wp-content\/uploads\/2019\/11\/aqta_loqo.jpg",800,600,false],"2048x2048":["https:\/\/arantv.az\/wp-content\/uploads\/2019\/11\/aqta_loqo.jpg",800,600,false],"post-thumbnail":["https:\/\/arantv.az\/wp-content\/uploads\/2019\/11\/aqta_loqo-240x172.jpg",240,172,true],"advps-thumb-one":["https:\/\/arantv.az\/wp-content\/uploads\/2019\/11\/aqta_loqo.jpg",800,600,false]},"rttpg_author":{"display_name":"V\u00fcsal Rafiqo\u011flu","author_link":"https:\/\/arantv.az\/?author=2"},"rttpg_comment":0,"rttpg_category":"<a href=\"https:\/\/arantv.az\/?cat=1\" rel=\"category\">C\u0259miyy\u0259t<\/a>","rttpg_excerpt":"Az\u0259rbaycan Qida T\u0259hl\u00fck\u0259sizliyi Agentliyi (AQTA) qida z\u0259h\u0259rl\u0259nm\u0259l\u0259ri il\u0259 ba\u011fl\u0131 son g\u00fcnl\u0259r yay\u0131lan x\u0259b\u0259rl\u0259r\u0259 m\u00fcnasib\u0259t bildirib. ARANTV.AZ\u00a0 bildirir ki, AQTA-dan\u00a0Trend-\u0259 veril\u0259n m\u0259lumata g\u00f6r\u0259, a\u00e7\u0131qlamada deyilir: &#8220;Son g\u00fcnl\u0259r k\u00fctl\u0259vi informasiya vasit\u0259l\u0259rind\u0259 he\u00e7 bir ekspertiza r\u0259yi olmadan qida z\u0259h\u0259rl\u0259nm\u0259l\u0259ri il\u0259 ba\u011fl\u0131 m\u0259lumatlar yay\u0131lmaqdad\u0131r. T\u0259bii ki, b\u00fct\u00fcn bunlara s\u0259h\u0259tind\u0259 problem yaranm\u0131\u015f \u015f\u0259xsl\u0259rd\u0259n al\u0131nm\u0131\u015f ilkin m\u0259lumatlar\u0131n t\u0259l\u0259m-t\u0259l\u0259sik ictimail\u0259\u015fdirilm\u0259si s\u0259b\u0259b olur.&hellip;","_links":{"self":[{"href":"https:\/\/arantv.az\/index.php?rest_route=\/wp\/v2\/posts\/102663"}],"collection":[{"href":"https:\/\/arantv.az\/index.php?rest_route=\/wp\/v2\/posts"}],"about":[{"href":"https:\/\/arantv.az\/index.php?rest_route=\/wp\/v2\/types\/post"}],"author":[{"embeddable":true,"href":"https:\/\/arantv.az\/index.php?rest_route=\/wp\/v2\/users\/2"}],"replies":[{"embeddable":true,"href":"https:\/\/arantv.az\/index.php?rest_route=%2Fwp%2Fv2%2Fcomments&post=102663"}],"version-history":[{"count":0,"href":"https:\/\/arantv.az\/index.php?rest_route=\/wp\/v2\/posts\/102663\/revisions"}],"wp:featuredmedia":[{"embeddable":true,"href":"https:\/\/arantv.az\/index.php?rest_route=\/wp\/v2\/media\/102664"}],"wp:attachment":[{"href":"https:\/\/arantv.az\/index.php?rest_route=%2Fwp%2Fv2%2Fmedia&parent=102663"}],"wp:term":[{"taxonomy":"category","embeddable":true,"href":"https:\/\/arantv.az\/index.php?rest_route=%2Fwp%2Fv2%2Fcategories&post=102663"},{"taxonomy":"post_tag","embeddable":true,"href":"https:\/\/arantv.az\/index.php?rest_route=%2Fwp%2Fv2%2Ftags&post=102663"}],"curies":[{"name":"wp","href":"https:\/\/api.w.org\/{rel}","templated":true}]}}