{"id":102669,"date":"2019-12-02T08:01:10","date_gmt":"2019-12-02T05:01:10","guid":{"rendered":"http:\/\/arantv.az\/?p=102669"},"modified":"2019-12-02T08:01:10","modified_gmt":"2019-12-02T05:01:10","slug":"bakida-kuryoz-olay-ayiq-surucu-must%c9%99rini-doydu-bicaqla","status":"publish","type":"post","link":"https:\/\/arantv.az\/?p=102669","title":{"rendered":"Bak\u0131da kuryoz olay &#8211; \u201cAy\u0131q s\u00fcr\u00fcc\u00fc\u201d m\u00fc\u015ft\u0259rini d\u00f6yd\u00fc, b\u0131\u00e7aqla&#8230;"},"content":{"rendered":"<p><strong>Bak\u0131da d\u00f6y\u00fclm\u0259 fakt\u0131 ba\u015f verib.<\/strong><\/p>\n<p><strong>ARANTV.AZ<\/strong>\u00a0 x\u0259b\u0259r verir ki, hadis\u0259 Bin\u0259q\u0259di rayonunda qeyd\u0259 al\u0131n\u0131b.<\/p>\n<p>Bel\u0259 ki, H\u0259s\u0259nov M\u00fcbariz M\u0259h\u0259mm\u0259d o\u011flu i\u00e7kili oldu\u011fu \u00fc\u00e7\u00fcn \u015firk\u0259tl\u0259rin birind\u0259n onu ya\u015fad\u0131\u011f\u0131 \u00fcnvana aparmas\u0131 \u00fc\u00e7\u00fcn \u201cay\u0131q s\u00fcr\u00fcc\u00fc\u201d xidm\u0259tind\u0259n istifad\u0259 edib.<\/p>\n<p>Lakin, \u201cMercedes\u201d markal\u0131 avtomobild\u0259 h\u0259r\u0259k\u0259td\u0259 olark\u0259n s\u00fcr\u00fcc\u00fc il\u0259 avtomobil sahibi aras\u0131nda m\u00fcbahis\u0259 d\u00fc\u015f\u00fcb.<\/p>\n<p>Daha sonra m\u00fcbahis\u0259 davaya \u00e7evrilib. S\u00fcr\u00fcc\u00fc 60 ya\u015fl\u0131 ki\u015finin ba\u015f nahiy\u0259sin\u0259 z\u0259rb\u0259l\u0259r endirib.<\/p>\n<p>N\u0259tic\u0259d\u0259 a\u011f\u0131r x\u0259sar\u0259t alan H. M\u00fcbariz t\u0259cili yard\u0131m\u0131n k\u00f6m\u0259kliyil\u0259 hu\u015fsuz v\u0259ziyy\u0259td\u0259 x\u0259st\u0259xanaya g\u0259tirilib.<\/p>\n<p>Yaral\u0131n\u0131n ail\u0259 \u00fczvl\u0259ri bildirib ki, ay\u0131q s\u00fcr\u00fcc\u00fc H. M\u00fcbarizi d\u00f6ym\u0259kl\u0259 kifay\u0259tl\u0259nm\u0259yib. Bel\u0259 ki, o avtomobilin \u015f\u00fc\u015f\u0259l\u0259rini s\u0131nd\u0131r\u0131b v\u0259 ah\u0131l ki\u015fiy\u0259 b\u0131\u00e7aqla h\u00fccum edib.<\/p>\n<p>Lakin \u0259trafdak\u0131lar onun qar\u015f\u0131s\u0131n\u0131 k\u0259sibl\u0259r. Haz\u0131rda faktla ba\u011fl\u0131 ara\u015fd\u0131rma apar\u0131l\u0131r.\u201cReport\u201d<\/p>\n","protected":false},"excerpt":{"rendered":"<p>Bak\u0131da d\u00f6y\u00fclm\u0259 fakt\u0131 ba\u015f verib. ARANTV.AZ\u00a0 x\u0259b\u0259r verir ki, hadis\u0259 Bin\u0259q\u0259di rayonunda qeyd\u0259 al\u0131n\u0131b. Bel\u0259 ki, H\u0259s\u0259nov M\u00fcbariz M\u0259h\u0259mm\u0259d o\u011flu i\u00e7kili oldu\u011fu \u00fc\u00e7\u00fcn \u015firk\u0259tl\u0259rin birind\u0259n onu ya\u015fad\u0131\u011f\u0131 \u00fcnvana aparmas\u0131 \u00fc\u00e7\u00fcn \u201cay\u0131q s\u00fcr\u00fcc\u00fc\u201d xidm\u0259tind\u0259n istifad\u0259 edib. Lakin, \u201cMercedes\u201d markal\u0131 avtomobild\u0259 h\u0259r\u0259k\u0259td\u0259 olark\u0259n s\u00fcr\u00fcc\u00fc il\u0259 avtomobil sahibi aras\u0131nda m\u00fcbahis\u0259 d\u00fc\u015f\u00fcb. Daha sonra m\u00fcbahis\u0259 davaya \u00e7evrilib. S\u00fcr\u00fcc\u00fc 60 ya\u015fl\u0131 ki\u015finin ba\u015f nahiy\u0259sin\u0259 z\u0259rb\u0259l\u0259r endirib. N\u0259tic\u0259d\u0259 a\u011f\u0131r x\u0259sar\u0259t alan H. M\u00fcbariz t\u0259cili yard\u0131m\u0131n k\u00f6m\u0259kliyil\u0259 hu\u015fsuz v\u0259ziyy\u0259td\u0259 x\u0259st\u0259xanaya g\u0259tirilib. Yaral\u0131n\u0131n ail\u0259 \u00fczvl\u0259ri bildirib ki, ay\u0131q s\u00fcr\u00fcc\u00fc H. M\u00fcbarizi d\u00f6ym\u0259kl\u0259 kifay\u0259tl\u0259nm\u0259yib. Bel\u0259 ki, o avtomobilin \u015f\u00fc\u015f\u0259l\u0259rini&hellip;<\/p>\n","protected":false},"author":2,"featured_media":102670,"comment_status":"closed","ping_status":"closed","sticky":false,"template":"","format":"standard","meta":{"om_disable_all_campaigns":false,"_monsterinsights_skip_tracking":false,"_monsterinsights_sitenote_active":false,"_monsterinsights_sitenote_note":"","_monsterinsights_sitenote_category":0},"categories":[5],"tags":[],"aioseo_notices":[],"gutentor_comment":0,"rttpg_featured_image_url":{"full":["https:\/\/arantv.az\/wp-content\/uploads\/2019\/12\/ambulance_tecili_tibbi8.jpg",800,450,false],"landscape":["https:\/\/arantv.az\/wp-content\/uploads\/2019\/12\/ambulance_tecili_tibbi8.jpg",800,450,false],"portraits":["https:\/\/arantv.az\/wp-content\/uploads\/2019\/12\/ambulance_tecili_tibbi8.jpg",800,450,false],"thumbnail":["https:\/\/arantv.az\/wp-content\/uploads\/2019\/12\/ambulance_tecili_tibbi8-150x150.jpg",150,150,true],"medium":["https:\/\/arantv.az\/wp-content\/uploads\/2019\/12\/ambulance_tecili_tibbi8-300x169.jpg",300,169,true],"large":["https:\/\/arantv.az\/wp-content\/uploads\/2019\/12\/ambulance_tecili_tibbi8.jpg",640,360,false],"1536x1536":["https:\/\/arantv.az\/wp-content\/uploads\/2019\/12\/ambulance_tecili_tibbi8.jpg",800,450,false],"2048x2048":["https:\/\/arantv.az\/wp-content\/uploads\/2019\/12\/ambulance_tecili_tibbi8.jpg",800,450,false],"post-thumbnail":["https:\/\/arantv.az\/wp-content\/uploads\/2019\/12\/ambulance_tecili_tibbi8-240x172.jpg",240,172,true],"advps-thumb-one":["https:\/\/arantv.az\/wp-content\/uploads\/2019\/12\/ambulance_tecili_tibbi8.jpg",800,450,false]},"rttpg_author":{"display_name":"V\u00fcsal Rafiqo\u011flu","author_link":"https:\/\/arantv.az\/?author=2"},"rttpg_comment":0,"rttpg_category":"<a href=\"https:\/\/arantv.az\/?cat=5\" rel=\"category\">Hadis\u0259<\/a>","rttpg_excerpt":"Bak\u0131da d\u00f6y\u00fclm\u0259 fakt\u0131 ba\u015f verib. ARANTV.AZ\u00a0 x\u0259b\u0259r verir ki, hadis\u0259 Bin\u0259q\u0259di rayonunda qeyd\u0259 al\u0131n\u0131b. Bel\u0259 ki, H\u0259s\u0259nov M\u00fcbariz M\u0259h\u0259mm\u0259d o\u011flu i\u00e7kili oldu\u011fu \u00fc\u00e7\u00fcn \u015firk\u0259tl\u0259rin birind\u0259n onu ya\u015fad\u0131\u011f\u0131 \u00fcnvana aparmas\u0131 \u00fc\u00e7\u00fcn \u201cay\u0131q s\u00fcr\u00fcc\u00fc\u201d xidm\u0259tind\u0259n istifad\u0259 edib. Lakin, \u201cMercedes\u201d markal\u0131 avtomobild\u0259 h\u0259r\u0259k\u0259td\u0259 olark\u0259n s\u00fcr\u00fcc\u00fc il\u0259 avtomobil sahibi aras\u0131nda m\u00fcbahis\u0259 d\u00fc\u015f\u00fcb. Daha sonra m\u00fcbahis\u0259 davaya \u00e7evrilib. S\u00fcr\u00fcc\u00fc 60&hellip;","_links":{"self":[{"href":"https:\/\/arantv.az\/index.php?rest_route=\/wp\/v2\/posts\/102669"}],"collection":[{"href":"https:\/\/arantv.az\/index.php?rest_route=\/wp\/v2\/posts"}],"about":[{"href":"https:\/\/arantv.az\/index.php?rest_route=\/wp\/v2\/types\/post"}],"author":[{"embeddable":true,"href":"https:\/\/arantv.az\/index.php?rest_route=\/wp\/v2\/users\/2"}],"replies":[{"embeddable":true,"href":"https:\/\/arantv.az\/index.php?rest_route=%2Fwp%2Fv2%2Fcomments&post=102669"}],"version-history":[{"count":0,"href":"https:\/\/arantv.az\/index.php?rest_route=\/wp\/v2\/posts\/102669\/revisions"}],"wp:featuredmedia":[{"embeddable":true,"href":"https:\/\/arantv.az\/index.php?rest_route=\/wp\/v2\/media\/102670"}],"wp:attachment":[{"href":"https:\/\/arantv.az\/index.php?rest_route=%2Fwp%2Fv2%2Fmedia&parent=102669"}],"wp:term":[{"taxonomy":"category","embeddable":true,"href":"https:\/\/arantv.az\/index.php?rest_route=%2Fwp%2Fv2%2Fcategories&post=102669"},{"taxonomy":"post_tag","embeddable":true,"href":"https:\/\/arantv.az\/index.php?rest_route=%2Fwp%2Fv2%2Ftags&post=102669"}],"curies":[{"name":"wp","href":"https:\/\/api.w.org\/{rel}","templated":true}]}}