{"id":102677,"date":"2019-12-02T08:10:10","date_gmt":"2019-12-02T05:10:10","guid":{"rendered":"http:\/\/arantv.az\/?p=102677"},"modified":"2019-12-02T08:10:10","modified_gmt":"2019-12-02T05:10:10","slug":"az%c9%99rbaycanin-isgal-olunmus-%c9%99razil%c9%99rind%c9%99-su-obyektl%c9%99ri-boyuk-antropogen-t%c9%99sirl%c9%99r%c9%99-m%c9%99ruz-qalir-etsn-nin-sob%c9%99-mudiri","status":"publish","type":"post","link":"https:\/\/arantv.az\/?p=102677","title":{"rendered":"Az\u0259rbaycan\u0131n i\u015f\u011fal olunmu\u015f \u0259razil\u0259rind\u0259 su obyektl\u0259ri b\u00f6y\u00fck antropogen t\u0259sirl\u0259r\u0259 m\u0259ruz qal\u0131r &#8211; ETSN-nin \u015f\u00f6b\u0259 m\u00fcdiri"},"content":{"rendered":"<p>Erm\u0259nistan\u0131n h\u0259yata ke\u00e7irdiyi i\u015f\u011fal\u00e7\u0131l\u0131q siyas\u0259ti Az\u0259rbaycan t\u0259bi\u0259tin\u0259, bioloji m\u00fcxt\u0259lifliy\u0259, b\u00fct\u00f6vl\u00fckd\u0259 regionun ekoloji durumuna ciddi ziyan vurur, \u0259traf m\u00fchitin deqradasiyas\u0131 il\u0259 n\u0259tic\u0259l\u0259n\u0259n f\u0259sadlara g\u0259tirib \u00e7\u0131xar\u0131r.<\/p>\n<p><strong>ARANTV.AZ<\/strong> bildirir ki, bunu\u00a0<a href=\"http:\/\/az.trend.az\/\" target=\"_blank\" rel=\"noopener\">Trend<\/a>-\u0259 Ekologiya v\u0259 T\u0259bii S\u0259rv\u0259tl\u0259r Nazirliyinin \u015f\u00f6b\u0259 m\u00fcdiri M\u00fct\u0259llim \u018fbd\u00fclh\u0259s\u0259nov deyib.<\/p>\n<p>Onun s\u00f6zl\u0259rin\u0259 g\u00f6r\u0259, K\u00fcr v\u0259 Araz \u00e7aylar\u0131 respublikam\u0131z\u0131n \u0259sas su arteriyas\u0131 olub, \u00f6lk\u0259nin su il\u0259 t\u0259chizat\u0131nda m\u00fch\u00fcm yer tutur:<\/p>\n<p>&#8220;Respublikan\u0131n \u0259razisinin 3\/4 hiss\u0259si \u00f6lk\u0259nin \u0259n b\u00f6y\u00fck su arteriyas\u0131 olan K\u00fcr \u00e7ay\u0131 h\u00f6vz\u0259sinin a\u015fa\u011f\u0131 relyefind\u0259 yerl\u0259\u015fdiyind\u0259n, \u00e7ay\u0131n transs\u0259rh\u0259d \u00e7irkl\u0259nm\u0259si ekoloji g\u0259rginlik yarad\u0131r&#8221;.<\/p>\n<p>M.\u018fbd\u00fclh\u0259s\u0259nov \u0259lav\u0259 edib ki, Erm\u0259nistan\u0131n m\u0259d\u0259n s\u0259nayesi m\u00fc\u0259ssis\u0259l\u0259rinin v\u0259 b\u00f6y\u00fck \u015f\u0259h\u0259rl\u0259rinin tullant\u0131 sular\u0131 t\u0259mizl\u0259nm\u0259d\u0259n birba\u015fa \u00e7aylara ax\u0131d\u0131l\u0131r v\u0259 transs\u0259rh\u0259d \u00e7irkl\u0259nm\u0259 n\u0259tic\u0259sind\u0259 su h\u00f6vz\u0259l\u0259ri \u00e7irkl\u0259nm\u0259y\u0259 m\u0259ruz qal\u0131r. Apar\u0131lan m\u00fc\u015fahid\u0259l\u0259r zaman\u0131 \u00e7irkl\u0259nm\u0259 n\u0259tic\u0259sind\u0259 bu \u00e7aylar\u0131n suyunda mis, molibden, sink, fenol, qur\u011fu\u015fun, manqan v\u0259 s. madd\u0259l\u0259rin qat\u0131l\u0131\u011f\u0131 yol veril\u0259n normadan 10 d\u0259f\u0259y\u0259 q\u0259d\u0259r \u00e7ox m\u00fc\u015fahid\u0259 olunur: &#8220;Hesab edirik ki, bu \u00f6lk\u0259d\u0259 m\u0259d\u0259n s\u0259nayesi \u00fczr\u0259 layih\u0259l\u0259rin g\u0259l\u0259c\u0259kd\u0259 d\u0259 davam etdirilm\u0259si region \u00f6lk\u0259l\u0259ri olan \u0130ran v\u0259 Az\u0259rbaycan\u0131n \u00e7aylar\u0131n\u0131 daha da \u00e7ox \u00e7irkl\u0259ndirm\u0259kl\u0259 yana\u015f\u0131, \u00fcmumilikd\u0259 regionda \u0259traf m\u00fchitin v\u0259ziyy\u0259tin\u0259 ciddi t\u0259hdidl\u0259r yaradacaq. Erm\u0259nistan t\u0259r\u0259find\u0259n transs\u0259rh\u0259d \u00e7aylar\u0131n \u00e7irkl\u0259ndirilm\u0259si v\u0259ziyy\u0259tini \u00f6yr\u0259nm\u0259k \u00fc\u00e7\u00fcn Araz \u00e7ay\u0131 \u00fcz\u0259rind\u0259 m\u00fcasir avadanl\u0131qlarla t\u0259chiz edilmi\u015f analtik laboratoriya f\u0259aliyy\u0259t g\u00f6st\u0259rir v\u0259 v\u0259ziyy\u0259t m\u00fcvafiq qurumlar\u0131n daimi n\u0259zar\u0259tind\u0259 saxlan\u0131l\u0131r&#8221;.<\/p>\n<div>\n<div id=\"AdviadNativeVideo0\" class=\"AdviadNativeVideo\">\n<p>Nazirlik r\u0259smisi qeyd edib ki, Az\u0259rbaycan &#8220;S\u0259rh\u0259dd\u0259n ke\u00e7\u0259n su ax\u0131nlar\u0131n\u0131n v\u0259 beyn\u0259lxalq g\u00f6ll\u0259rin m\u00fchafiz\u0259si v\u0259 istifad\u0259si \u00fczr\u0259&#8221; Helsinki konvesiyas\u0131n\u0131 ratifikasiya edib. Lakin Erm\u0259nistan\u0131n bu konvensiyaya qo\u015fulmamas\u0131 qeyd olunan m\u0259s\u0259l\u0259l\u0259rin regional v\u0259 \u00e7oxt\u0259r\u0259fli formatda h\u0259llini m\u00fcmk\u00fcns\u00fcz edir. Eyni zamanda \u00f6lk\u0259mizin beyn\u0259lxalq s\u0259viyy\u0259d\u0259 tan\u0131nm\u0131\u015f \u0259razil\u0259rinin bir hiss\u0259sinin Erm\u0259nistan silahl\u0131 q\u00fcvv\u0259l\u0259rinin i\u015f\u011fal\u0131 alt\u0131nda saxlan\u0131lmas\u0131 su ehtiyatlar\u0131ndan istifad\u0259d\u0259 probleml\u0259r yarad\u0131r.<\/p>\n<p>M.\u018fbd\u00fclh\u0259s\u0259nov bildirib ki, Az\u0259rbaycan\u0131n i\u015f\u011fal olunmu\u015f \u0259razil\u0259rind\u0259 ekoloji \u0259h\u0259miyy\u0259t\u0259 malik su obyektl\u0259ri b\u00f6y\u00fck antropogen t\u0259sirl\u0259r\u0259 m\u0259ruz qal\u0131r: &#8220;Bu \u0259razil\u0259rd\u0259 irili-x\u0131rdal\u0131 \u015firin su m\u0259nb\u0259l\u0259ri \u00e7irkl\u0259ndirilir, da\u011f\u0131d\u0131l\u0131r v\u0259 n\u0259tic\u0259d\u0259 unikal bir \u0259razi ekoloji f\u0259lak\u0259t h\u0259ddin\u0259 \u00e7atd\u0131r\u0131l\u0131b. Erm\u0259nil\u0259rin i\u015f\u011fal alt\u0131nda saxlad\u0131\u011f\u0131 torpaqlarda 10 su anbar\u0131, o c\u00fcml\u0259d\u0259n su tutumu 560 milyon kubmetr olan v\u0259 100 min hektardan art\u0131q \u0259kin sah\u0259sinin suvar\u0131lmas\u0131na hesablanm\u0131\u015f S\u0259rs\u0259ng su anbar\u0131 bax\u0131ms\u0131zl\u0131qdan s\u0131radan \u00e7\u0131xmaq \u00fczr\u0259dir. \u0130\u015f\u011fal olunmu\u015f \u0259razid\u0259 yerl\u0259\u015f\u0259n S\u0259rs\u0259ng su anbar\u0131ndan ekoloji t\u0259zyiq vasit\u0259si kimi istifad\u0259 edilir. M\u0259hz b\u00fct\u00fcn bunlar\u0131 n\u0259z\u0259r\u0259 alaraq, 2015-ci ild\u0259 Avropa \u015euras\u0131 Parlament Assambleyas\u0131n\u0131n (A\u015e PA) faktara\u015fd\u0131r\u0131c\u0131 missiyas\u0131 \u00f6lk\u0259mizd\u0259 olub v\u0259 Az\u0259rbaycan\u0131n s\u0259rh\u0259dyan\u0131 rayonlar\u0131n\u0131n sakinl\u0259rinin q\u0259sd\u0259n sudan m\u0259hrum edilm\u0259si il\u0259 ba\u011fl\u0131 A\u015e PA t\u0259r\u0259find\u0259n 2016-c\u0131 ilin 26 yanvar tarixind\u0259 2085 n\u00f6mr\u0259li q\u0259tnam\u0259 q\u0259bul edilib. Q\u0259tnam\u0259d\u0259 yaranm\u0131\u015f vacib humanitar problemi n\u0259z\u0259r\u0259 alaraq, Assambleya Erm\u0259nistan hakimiyy\u0259tini bu \u00f6lk\u0259nin silahli q\u00fcvv\u0259l\u0259rinin s\u00f6z\u00fcged\u0259n regiondan d\u0259rhal \u00e7\u0131xar\u0131lmas\u0131, m\u00fcst\u0259qil m\u00fch\u0259ndis v\u0259 hidroloqlar t\u0259r\u0259find\u0259n yerind\u0259 t\u0259hqiqat apar\u0131lmas\u0131n\u0131n t\u0259min edilm\u0259si v\u0259 su ehtiyatlar\u0131n\u0131n siyasi t\u0259sir v\u0259 ya t\u0259zyiq al\u0259ti kimi m\u00fcnaqi\u015f\u0259nin yaln\u0131z bir t\u0259r\u0259finin xeyrin\u0259 istifad\u0259 edilm\u0259sinin dayand\u0131r\u0131lmas\u0131na \u00e7a\u011f\u0131r\u0131b&#8221;.<\/p>\n<\/div>\n<\/div>\n","protected":false},"excerpt":{"rendered":"<p>Erm\u0259nistan\u0131n h\u0259yata ke\u00e7irdiyi i\u015f\u011fal\u00e7\u0131l\u0131q siyas\u0259ti Az\u0259rbaycan t\u0259bi\u0259tin\u0259, bioloji m\u00fcxt\u0259lifliy\u0259, b\u00fct\u00f6vl\u00fckd\u0259 regionun ekoloji durumuna ciddi ziyan vurur, \u0259traf m\u00fchitin deqradasiyas\u0131 il\u0259 n\u0259tic\u0259l\u0259n\u0259n f\u0259sadlara g\u0259tirib \u00e7\u0131xar\u0131r. ARANTV.AZ bildirir ki, bunu\u00a0Trend-\u0259 Ekologiya v\u0259 T\u0259bii S\u0259rv\u0259tl\u0259r Nazirliyinin \u015f\u00f6b\u0259 m\u00fcdiri M\u00fct\u0259llim \u018fbd\u00fclh\u0259s\u0259nov deyib. Onun s\u00f6zl\u0259rin\u0259 g\u00f6r\u0259, K\u00fcr v\u0259 Araz \u00e7aylar\u0131 respublikam\u0131z\u0131n \u0259sas su arteriyas\u0131 olub, \u00f6lk\u0259nin su il\u0259 t\u0259chizat\u0131nda m\u00fch\u00fcm yer tutur: &#8220;Respublikan\u0131n \u0259razisinin 3\/4 hiss\u0259si \u00f6lk\u0259nin \u0259n b\u00f6y\u00fck su arteriyas\u0131 olan K\u00fcr \u00e7ay\u0131 h\u00f6vz\u0259sinin a\u015fa\u011f\u0131 relyefind\u0259 yerl\u0259\u015fdiyind\u0259n, \u00e7ay\u0131n transs\u0259rh\u0259d \u00e7irkl\u0259nm\u0259si ekoloji g\u0259rginlik yarad\u0131r&#8221;. M.\u018fbd\u00fclh\u0259s\u0259nov \u0259lav\u0259 edib ki, Erm\u0259nistan\u0131n m\u0259d\u0259n s\u0259nayesi m\u00fc\u0259ssis\u0259l\u0259rinin v\u0259 b\u00f6y\u00fck \u015f\u0259h\u0259rl\u0259rinin&hellip;<\/p>\n","protected":false},"author":2,"featured_media":102678,"comment_status":"closed","ping_status":"closed","sticky":false,"template":"","format":"standard","meta":{"om_disable_all_campaigns":false,"_monsterinsights_skip_tracking":false,"_monsterinsights_sitenote_active":false,"_monsterinsights_sitenote_note":"","_monsterinsights_sitenote_category":0},"categories":[1],"tags":[],"aioseo_notices":[],"gutentor_comment":0,"rttpg_featured_image_url":{"full":["https:\/\/arantv.az\/wp-content\/uploads\/2019\/12\/806872.jpg",598,900,false],"landscape":["https:\/\/arantv.az\/wp-content\/uploads\/2019\/12\/806872.jpg",598,900,false],"portraits":["https:\/\/arantv.az\/wp-content\/uploads\/2019\/12\/806872.jpg",598,900,false],"thumbnail":["https:\/\/arantv.az\/wp-content\/uploads\/2019\/12\/806872-150x150.jpg",150,150,true],"medium":["https:\/\/arantv.az\/wp-content\/uploads\/2019\/12\/806872-199x300.jpg",199,300,true],"large":["https:\/\/arantv.az\/wp-content\/uploads\/2019\/12\/806872.jpg",558,840,false],"1536x1536":["https:\/\/arantv.az\/wp-content\/uploads\/2019\/12\/806872.jpg",598,900,false],"2048x2048":["https:\/\/arantv.az\/wp-content\/uploads\/2019\/12\/806872.jpg",598,900,false],"post-thumbnail":["https:\/\/arantv.az\/wp-content\/uploads\/2019\/12\/806872-240x172.jpg",240,172,true],"advps-thumb-one":["https:\/\/arantv.az\/wp-content\/uploads\/2019\/12\/806872-598x620.jpg",598,620,true]},"rttpg_author":{"display_name":"V\u00fcsal Rafiqo\u011flu","author_link":"https:\/\/arantv.az\/?author=2"},"rttpg_comment":0,"rttpg_category":"<a href=\"https:\/\/arantv.az\/?cat=1\" rel=\"category\">C\u0259miyy\u0259t<\/a>","rttpg_excerpt":"Erm\u0259nistan\u0131n h\u0259yata ke\u00e7irdiyi i\u015f\u011fal\u00e7\u0131l\u0131q siyas\u0259ti Az\u0259rbaycan t\u0259bi\u0259tin\u0259, bioloji m\u00fcxt\u0259lifliy\u0259, b\u00fct\u00f6vl\u00fckd\u0259 regionun ekoloji durumuna ciddi ziyan vurur, \u0259traf m\u00fchitin deqradasiyas\u0131 il\u0259 n\u0259tic\u0259l\u0259n\u0259n f\u0259sadlara g\u0259tirib \u00e7\u0131xar\u0131r. ARANTV.AZ bildirir ki, bunu\u00a0Trend-\u0259 Ekologiya v\u0259 T\u0259bii S\u0259rv\u0259tl\u0259r Nazirliyinin \u015f\u00f6b\u0259 m\u00fcdiri M\u00fct\u0259llim \u018fbd\u00fclh\u0259s\u0259nov deyib. Onun s\u00f6zl\u0259rin\u0259 g\u00f6r\u0259, K\u00fcr v\u0259 Araz \u00e7aylar\u0131 respublikam\u0131z\u0131n \u0259sas su arteriyas\u0131 olub, \u00f6lk\u0259nin su il\u0259 t\u0259chizat\u0131nda m\u00fch\u00fcm&hellip;","_links":{"self":[{"href":"https:\/\/arantv.az\/index.php?rest_route=\/wp\/v2\/posts\/102677"}],"collection":[{"href":"https:\/\/arantv.az\/index.php?rest_route=\/wp\/v2\/posts"}],"about":[{"href":"https:\/\/arantv.az\/index.php?rest_route=\/wp\/v2\/types\/post"}],"author":[{"embeddable":true,"href":"https:\/\/arantv.az\/index.php?rest_route=\/wp\/v2\/users\/2"}],"replies":[{"embeddable":true,"href":"https:\/\/arantv.az\/index.php?rest_route=%2Fwp%2Fv2%2Fcomments&post=102677"}],"version-history":[{"count":0,"href":"https:\/\/arantv.az\/index.php?rest_route=\/wp\/v2\/posts\/102677\/revisions"}],"wp:featuredmedia":[{"embeddable":true,"href":"https:\/\/arantv.az\/index.php?rest_route=\/wp\/v2\/media\/102678"}],"wp:attachment":[{"href":"https:\/\/arantv.az\/index.php?rest_route=%2Fwp%2Fv2%2Fmedia&parent=102677"}],"wp:term":[{"taxonomy":"category","embeddable":true,"href":"https:\/\/arantv.az\/index.php?rest_route=%2Fwp%2Fv2%2Fcategories&post=102677"},{"taxonomy":"post_tag","embeddable":true,"href":"https:\/\/arantv.az\/index.php?rest_route=%2Fwp%2Fv2%2Ftags&post=102677"}],"curies":[{"name":"wp","href":"https:\/\/api.w.org\/{rel}","templated":true}]}}