{"id":102687,"date":"2019-12-02T08:15:03","date_gmt":"2019-12-02T05:15:03","guid":{"rendered":"http:\/\/arantv.az\/?p=102687"},"modified":"2019-12-02T08:15:03","modified_gmt":"2019-12-02T05:15:03","slug":"renka-agamuradova-il%c9%99-fusunkar-fotosessiya","status":"publish","type":"post","link":"https:\/\/arantv.az\/?p=102687","title":{"rendered":"Renka A\u011famuradova il\u0259 f\u00fcsunkar \u2013 FOTOSESS\u0130YA"},"content":{"rendered":"<p>ARANTV.AZ x\u0259b\u0259r verir ki, Az\u0259rbaycan\u0131n populyar r\u0259qqas\u0259si Renka A\u011famuradovan\u0131n qarderobu qara r\u0259qs geyiml\u0259rl\u0259 z\u0259ngindir. Qeyd ed\u0259k ki, r\u0259qqas\u0259 \u0259ks\u0259r t\u0259dbirl\u0259r\u0259, \u015f\u0259nlikl\u0259r\u0259 ged\u0259rk\u0259n geyiml\u0259rd\u0259 qara r\u0259ng\u0259 \u00fcst\u00fcnl\u00fck verir. Bu r\u0259ng r\u0259qqas\u0259nin qarderobunda x\u00fcsusi yer tutur. Renka A\u011famuradovan\u0131n &#8220;qara sevdas\u0131\u201d adl\u0131 fotosessiyas\u0131n\u0131 oxuculara t\u0259qdim edirik.<\/p>\n<p><img loading=\"lazy\" class=\"alignnone size-medium wp-image-102688\" src=\"https:\/\/arantv.az\/wp-content\/uploads\/2019\/12\/78606873_2350578075257093_4418039416363155456_n-300x300.jpg\" alt=\"\" width=\"300\" height=\"300\" \/><img loading=\"lazy\" class=\"alignnone size-medium wp-image-102689\" src=\"https:\/\/arantv.az\/wp-content\/uploads\/2019\/12\/78053924_1196216747234744_4994990533672697856_n-267x300.jpg\" alt=\"\" width=\"267\" height=\"300\" \/><img loading=\"lazy\" class=\"alignnone size-medium wp-image-102690\" src=\"https:\/\/arantv.az\/wp-content\/uploads\/2019\/12\/78627280_719611568533504_8110003345638293504_n-242x300.jpg\" alt=\"\" width=\"242\" height=\"300\" \/><\/p>\n","protected":false},"excerpt":{"rendered":"<p>ARANTV.AZ x\u0259b\u0259r verir ki, Az\u0259rbaycan\u0131n populyar r\u0259qqas\u0259si Renka A\u011famuradovan\u0131n qarderobu qara r\u0259qs geyiml\u0259rl\u0259 z\u0259ngindir. Qeyd ed\u0259k ki, r\u0259qqas\u0259 \u0259ks\u0259r t\u0259dbirl\u0259r\u0259, \u015f\u0259nlikl\u0259r\u0259 ged\u0259rk\u0259n geyiml\u0259rd\u0259 qara r\u0259ng\u0259 \u00fcst\u00fcnl\u00fck verir. Bu r\u0259ng r\u0259qqas\u0259nin qarderobunda x\u00fcsusi yer tutur. Renka A\u011famuradovan\u0131n &#8220;qara sevdas\u0131\u201d adl\u0131 fotosessiyas\u0131n\u0131 oxuculara t\u0259qdim edirik.<\/p>\n","protected":false},"author":2,"featured_media":102688,"comment_status":"closed","ping_status":"closed","sticky":false,"template":"","format":"standard","meta":{"om_disable_all_campaigns":false,"_monsterinsights_skip_tracking":false,"_monsterinsights_sitenote_active":false,"_monsterinsights_sitenote_note":"","_monsterinsights_sitenote_category":0},"categories":[24],"tags":[],"aioseo_notices":[],"gutentor_comment":0,"rttpg_featured_image_url":{"full":["https:\/\/arantv.az\/wp-content\/uploads\/2019\/12\/78606873_2350578075257093_4418039416363155456_n.jpg",640,640,false],"landscape":["https:\/\/arantv.az\/wp-content\/uploads\/2019\/12\/78606873_2350578075257093_4418039416363155456_n.jpg",640,640,false],"portraits":["https:\/\/arantv.az\/wp-content\/uploads\/2019\/12\/78606873_2350578075257093_4418039416363155456_n.jpg",640,640,false],"thumbnail":["https:\/\/arantv.az\/wp-content\/uploads\/2019\/12\/78606873_2350578075257093_4418039416363155456_n-150x150.jpg",150,150,true],"medium":["https:\/\/arantv.az\/wp-content\/uploads\/2019\/12\/78606873_2350578075257093_4418039416363155456_n-300x300.jpg",300,300,true],"large":["https:\/\/arantv.az\/wp-content\/uploads\/2019\/12\/78606873_2350578075257093_4418039416363155456_n.jpg",640,640,false],"1536x1536":["https:\/\/arantv.az\/wp-content\/uploads\/2019\/12\/78606873_2350578075257093_4418039416363155456_n.jpg",640,640,false],"2048x2048":["https:\/\/arantv.az\/wp-content\/uploads\/2019\/12\/78606873_2350578075257093_4418039416363155456_n.jpg",640,640,false],"post-thumbnail":["https:\/\/arantv.az\/wp-content\/uploads\/2019\/12\/78606873_2350578075257093_4418039416363155456_n-240x172.jpg",240,172,true],"advps-thumb-one":["https:\/\/arantv.az\/wp-content\/uploads\/2019\/12\/78606873_2350578075257093_4418039416363155456_n-640x620.jpg",640,620,true]},"rttpg_author":{"display_name":"V\u00fcsal Rafiqo\u011flu","author_link":"https:\/\/arantv.az\/?author=2"},"rttpg_comment":0,"rttpg_category":"<a href=\"https:\/\/arantv.az\/?cat=24\" rel=\"category\">Maraql\u0131<\/a>","rttpg_excerpt":"ARANTV.AZ x\u0259b\u0259r verir ki, Az\u0259rbaycan\u0131n populyar r\u0259qqas\u0259si Renka A\u011famuradovan\u0131n qarderobu qara r\u0259qs geyiml\u0259rl\u0259 z\u0259ngindir. Qeyd ed\u0259k ki, r\u0259qqas\u0259 \u0259ks\u0259r t\u0259dbirl\u0259r\u0259, \u015f\u0259nlikl\u0259r\u0259 ged\u0259rk\u0259n geyiml\u0259rd\u0259 qara r\u0259ng\u0259 \u00fcst\u00fcnl\u00fck verir. Bu r\u0259ng r\u0259qqas\u0259nin qarderobunda x\u00fcsusi yer tutur. Renka A\u011famuradovan\u0131n &#8220;qara sevdas\u0131\u201d adl\u0131 fotosessiyas\u0131n\u0131 oxuculara t\u0259qdim edirik.","_links":{"self":[{"href":"https:\/\/arantv.az\/index.php?rest_route=\/wp\/v2\/posts\/102687"}],"collection":[{"href":"https:\/\/arantv.az\/index.php?rest_route=\/wp\/v2\/posts"}],"about":[{"href":"https:\/\/arantv.az\/index.php?rest_route=\/wp\/v2\/types\/post"}],"author":[{"embeddable":true,"href":"https:\/\/arantv.az\/index.php?rest_route=\/wp\/v2\/users\/2"}],"replies":[{"embeddable":true,"href":"https:\/\/arantv.az\/index.php?rest_route=%2Fwp%2Fv2%2Fcomments&post=102687"}],"version-history":[{"count":0,"href":"https:\/\/arantv.az\/index.php?rest_route=\/wp\/v2\/posts\/102687\/revisions"}],"wp:featuredmedia":[{"embeddable":true,"href":"https:\/\/arantv.az\/index.php?rest_route=\/wp\/v2\/media\/102688"}],"wp:attachment":[{"href":"https:\/\/arantv.az\/index.php?rest_route=%2Fwp%2Fv2%2Fmedia&parent=102687"}],"wp:term":[{"taxonomy":"category","embeddable":true,"href":"https:\/\/arantv.az\/index.php?rest_route=%2Fwp%2Fv2%2Fcategories&post=102687"},{"taxonomy":"post_tag","embeddable":true,"href":"https:\/\/arantv.az\/index.php?rest_route=%2Fwp%2Fv2%2Ftags&post=102687"}],"curies":[{"name":"wp","href":"https:\/\/api.w.org\/{rel}","templated":true}]}}