{"id":102709,"date":"2019-12-02T08:48:04","date_gmt":"2019-12-02T05:48:04","guid":{"rendered":"http:\/\/arantv.az\/?p=102709"},"modified":"2019-12-02T08:48:04","modified_gmt":"2019-12-02T05:48:04","slug":"s%c9%99hiyy%c9%99-nazirliyind%c9%99n-x%c9%99b%c9%99rdarliq-evd%c9%99n-cixmayin-t%c9%99hluk%c9%99lidir","status":"publish","type":"post","link":"https:\/\/arantv.az\/?p=102709","title":{"rendered":"S\u0259hiyy\u0259 Nazirliyind\u0259n X\u018fB\u018fRDARLIQ: Evd\u0259n \u00e7\u0131xmay\u0131n, T\u018fHL\u00dcK\u018fL\u0130D\u0130R"},"content":{"rendered":"<p><strong>\u0130ran\u0131n S\u0259hiyy\u0259 Nazirliyi Tehran \u015f\u0259h\u0259rind\u0259 b\u00fct\u00fcn \u0259haliy\u0259 uzun m\u00fcdd\u0259t\u0259 v\u0259 a\u011f\u0131r f\u0259aliyy\u0259tl\u0259r \u00fc\u00e7\u00fcn m\u0259nzild\u0259n \u00e7\u0131xmamalar\u0131 haqda x\u0259b\u0259rdarl\u0131q edib.<\/strong><\/p>\n<p>Bunu \u0130ran\u0131n S\u0259hiyy\u0259 Nazirliyinin \u018ftraf M\u00fchit Sa\u011flaml\u0131\u011f\u0131 v\u0259 \u018fm\u0259k M\u0259rk\u0259zinin hava t\u0259mizliyi v\u0259 iqlim d\u0259yi\u015fikliyi qrupunun s\u0259dri doktor Abbas \u015eahsev\u0259ni deyib.<\/p>\n<p>A.\u015eahsev\u0259ninin s\u00f6zl\u0259rin\u0259 g\u00f6r\u0259, \u00fcr\u0259k-damar x\u0259st\u0259l\u0259ri, u\u015faqlar, ya\u015fl\u0131lar v\u0259 hamil\u0259 qad\u0131nlara m\u0259nzild\u0259n \u00e7\u0131xmamaq m\u0259sl\u0259h\u0259t g\u00f6r\u00fcl\u00fcr.<\/p>\n<p>\u00d6t\u0259n sutka \u0259rzind\u0259 Tehran \u015f\u0259h\u0259rind\u0259 havan\u0131n keyfiyy\u0259t indeksi il\u0259 orta hesabla \u00e7irklilik 157 mikrondur.<\/p>\n<p>Nazirlik r\u0259smisi bildirib ki, \u015f\u0259h\u0259r sakinl\u0259ri a\u00e7\u0131q havada idmanla m\u0259\u015f\u011ful olma\u011f\u0131 minimuma endirm\u0259li v\u0259 ya qapal\u0131 m\u0259kanlarda idmanla m\u0259\u015f\u011ful olmal\u0131d\u0131rlar. M\u0259nzild\u0259n k\u0259narda i\u015fl\u0259m\u0259y\u0259 m\u0259cbur olan \u015f\u0259xsl\u0259r x\u00fcsusi maskalardan istifad\u0259 etm\u0259lidirl\u0259r.<\/p>\n<p>A.\u015eahsev\u0259ni \u015f\u0259h\u0259r meriyas\u0131n\u0131 hava \u00e7irkliliyin azald\u0131lmas\u0131 istiqam\u0259tind\u0259 d\u0259rhal add\u0131m atmas\u0131n\u0131 ist\u0259yib.<\/p>\n<p>Tehranda hava \u00e7irkliliyinin sabaha q\u0259d\u0259r davam ed\u0259c\u0259yi proqnoz olunur. (trend)<\/p>\n","protected":false},"excerpt":{"rendered":"<p>\u0130ran\u0131n S\u0259hiyy\u0259 Nazirliyi Tehran \u015f\u0259h\u0259rind\u0259 b\u00fct\u00fcn \u0259haliy\u0259 uzun m\u00fcdd\u0259t\u0259 v\u0259 a\u011f\u0131r f\u0259aliyy\u0259tl\u0259r \u00fc\u00e7\u00fcn m\u0259nzild\u0259n \u00e7\u0131xmamalar\u0131 haqda x\u0259b\u0259rdarl\u0131q edib. Bunu \u0130ran\u0131n S\u0259hiyy\u0259 Nazirliyinin \u018ftraf M\u00fchit Sa\u011flaml\u0131\u011f\u0131 v\u0259 \u018fm\u0259k M\u0259rk\u0259zinin hava t\u0259mizliyi v\u0259 iqlim d\u0259yi\u015fikliyi qrupunun s\u0259dri doktor Abbas \u015eahsev\u0259ni deyib. A.\u015eahsev\u0259ninin s\u00f6zl\u0259rin\u0259 g\u00f6r\u0259, \u00fcr\u0259k-damar x\u0259st\u0259l\u0259ri, u\u015faqlar, ya\u015fl\u0131lar v\u0259 hamil\u0259 qad\u0131nlara m\u0259nzild\u0259n \u00e7\u0131xmamaq m\u0259sl\u0259h\u0259t g\u00f6r\u00fcl\u00fcr. \u00d6t\u0259n sutka \u0259rzind\u0259 Tehran \u015f\u0259h\u0259rind\u0259 havan\u0131n keyfiyy\u0259t indeksi il\u0259 orta hesabla \u00e7irklilik 157 mikrondur. Nazirlik r\u0259smisi bildirib ki, \u015f\u0259h\u0259r sakinl\u0259ri a\u00e7\u0131q havada idmanla m\u0259\u015f\u011ful olma\u011f\u0131 minimuma endirm\u0259li v\u0259 ya qapal\u0131 m\u0259kanlarda idmanla m\u0259\u015f\u011ful olmal\u0131d\u0131rlar. M\u0259nzild\u0259n k\u0259narda i\u015fl\u0259m\u0259y\u0259&hellip;<\/p>\n","protected":false},"author":2,"featured_media":102710,"comment_status":"closed","ping_status":"closed","sticky":false,"template":"","format":"standard","meta":{"om_disable_all_campaigns":false,"_monsterinsights_skip_tracking":false,"_monsterinsights_sitenote_active":false,"_monsterinsights_sitenote_note":"","_monsterinsights_sitenote_category":0},"categories":[7],"tags":[],"aioseo_notices":[],"gutentor_comment":0,"rttpg_featured_image_url":{"full":["https:\/\/arantv.az\/wp-content\/uploads\/2019\/12\/tustu_cirkli_hava_air_051118.jpg",800,450,false],"landscape":["https:\/\/arantv.az\/wp-content\/uploads\/2019\/12\/tustu_cirkli_hava_air_051118.jpg",800,450,false],"portraits":["https:\/\/arantv.az\/wp-content\/uploads\/2019\/12\/tustu_cirkli_hava_air_051118.jpg",800,450,false],"thumbnail":["https:\/\/arantv.az\/wp-content\/uploads\/2019\/12\/tustu_cirkli_hava_air_051118-150x150.jpg",150,150,true],"medium":["https:\/\/arantv.az\/wp-content\/uploads\/2019\/12\/tustu_cirkli_hava_air_051118-300x169.jpg",300,169,true],"large":["https:\/\/arantv.az\/wp-content\/uploads\/2019\/12\/tustu_cirkli_hava_air_051118.jpg",640,360,false],"1536x1536":["https:\/\/arantv.az\/wp-content\/uploads\/2019\/12\/tustu_cirkli_hava_air_051118.jpg",800,450,false],"2048x2048":["https:\/\/arantv.az\/wp-content\/uploads\/2019\/12\/tustu_cirkli_hava_air_051118.jpg",800,450,false],"post-thumbnail":["https:\/\/arantv.az\/wp-content\/uploads\/2019\/12\/tustu_cirkli_hava_air_051118-240x172.jpg",240,172,true],"advps-thumb-one":["https:\/\/arantv.az\/wp-content\/uploads\/2019\/12\/tustu_cirkli_hava_air_051118.jpg",800,450,false]},"rttpg_author":{"display_name":"V\u00fcsal Rafiqo\u011flu","author_link":"https:\/\/arantv.az\/?author=2"},"rttpg_comment":0,"rttpg_category":"<a href=\"https:\/\/arantv.az\/?cat=7\" rel=\"category\">D\u00fcnya<\/a>","rttpg_excerpt":"\u0130ran\u0131n S\u0259hiyy\u0259 Nazirliyi Tehran \u015f\u0259h\u0259rind\u0259 b\u00fct\u00fcn \u0259haliy\u0259 uzun m\u00fcdd\u0259t\u0259 v\u0259 a\u011f\u0131r f\u0259aliyy\u0259tl\u0259r \u00fc\u00e7\u00fcn m\u0259nzild\u0259n \u00e7\u0131xmamalar\u0131 haqda x\u0259b\u0259rdarl\u0131q edib. Bunu \u0130ran\u0131n S\u0259hiyy\u0259 Nazirliyinin \u018ftraf M\u00fchit Sa\u011flaml\u0131\u011f\u0131 v\u0259 \u018fm\u0259k M\u0259rk\u0259zinin hava t\u0259mizliyi v\u0259 iqlim d\u0259yi\u015fikliyi qrupunun s\u0259dri doktor Abbas \u015eahsev\u0259ni deyib. A.\u015eahsev\u0259ninin s\u00f6zl\u0259rin\u0259 g\u00f6r\u0259, \u00fcr\u0259k-damar x\u0259st\u0259l\u0259ri, u\u015faqlar, ya\u015fl\u0131lar v\u0259 hamil\u0259 qad\u0131nlara m\u0259nzild\u0259n \u00e7\u0131xmamaq m\u0259sl\u0259h\u0259t g\u00f6r\u00fcl\u00fcr. \u00d6t\u0259n sutka&hellip;","_links":{"self":[{"href":"https:\/\/arantv.az\/index.php?rest_route=\/wp\/v2\/posts\/102709"}],"collection":[{"href":"https:\/\/arantv.az\/index.php?rest_route=\/wp\/v2\/posts"}],"about":[{"href":"https:\/\/arantv.az\/index.php?rest_route=\/wp\/v2\/types\/post"}],"author":[{"embeddable":true,"href":"https:\/\/arantv.az\/index.php?rest_route=\/wp\/v2\/users\/2"}],"replies":[{"embeddable":true,"href":"https:\/\/arantv.az\/index.php?rest_route=%2Fwp%2Fv2%2Fcomments&post=102709"}],"version-history":[{"count":0,"href":"https:\/\/arantv.az\/index.php?rest_route=\/wp\/v2\/posts\/102709\/revisions"}],"wp:featuredmedia":[{"embeddable":true,"href":"https:\/\/arantv.az\/index.php?rest_route=\/wp\/v2\/media\/102710"}],"wp:attachment":[{"href":"https:\/\/arantv.az\/index.php?rest_route=%2Fwp%2Fv2%2Fmedia&parent=102709"}],"wp:term":[{"taxonomy":"category","embeddable":true,"href":"https:\/\/arantv.az\/index.php?rest_route=%2Fwp%2Fv2%2Fcategories&post=102709"},{"taxonomy":"post_tag","embeddable":true,"href":"https:\/\/arantv.az\/index.php?rest_route=%2Fwp%2Fv2%2Ftags&post=102709"}],"curies":[{"name":"wp","href":"https:\/\/api.w.org\/{rel}","templated":true}]}}