{"id":102713,"date":"2019-12-02T09:02:25","date_gmt":"2019-12-02T06:02:25","guid":{"rendered":"http:\/\/arantv.az\/?p=102713"},"modified":"2019-12-02T09:02:25","modified_gmt":"2019-12-02T06:02:25","slug":"lavrov-bu-gun-bakiya-g%c9%99lir","status":"publish","type":"post","link":"https:\/\/arantv.az\/?p=102713","title":{"rendered":"Lavrov bu g\u00fcn Bak\u0131ya g\u0259lir"},"content":{"rendered":"<p>Bu g\u00fcn Rusiyan\u0131n Xarici \u0130\u015fl\u0259r naziri Sergey Lavrov Az\u0259rbaycana s\u0259f\u0259r ed\u0259c\u0259k.<\/p>\n<p><b>ARANTV.AZ<\/b>-\u0131n m\u0259lumat\u0131na g\u00f6r\u0259, s\u0259f\u0259rin dekabr\u0131n 3-d\u0259k davam ed\u0259c\u0259yi g\u00f6zl\u0259nilir.<\/p>\n<div id=\"AdviadNativeVideo0\" class=\"AdviadNativeVideo\"><\/div>\n<p>Qeyd ed\u0259k ki, Rusiya Xarici \u0130\u015fl\u0259r Nazirliyinin m\u0259tbuat katibi Mariya Zaxarova bir ne\u00e7\u0259 g\u00fcn \u00f6nc\u0259 ke\u00e7irdiyi brifinqd\u0259 Sergey Lavrovun Bak\u0131da Az\u0259rbaycan Prezidenti \u0130lham \u018fliyevl\u0259, el\u0259c\u0259 d\u0259, az\u0259rbaycanl\u0131 h\u0259mkar\u0131 Elmar M\u0259mm\u0259dyarovla g\u00f6r\u00fc\u015f\u0259c\u0259yini demi\u015fdi.Oxu.Az<\/p>\n","protected":false},"excerpt":{"rendered":"<p>Bu g\u00fcn Rusiyan\u0131n Xarici \u0130\u015fl\u0259r naziri Sergey Lavrov Az\u0259rbaycana s\u0259f\u0259r ed\u0259c\u0259k. ARANTV.AZ-\u0131n m\u0259lumat\u0131na g\u00f6r\u0259, s\u0259f\u0259rin dekabr\u0131n 3-d\u0259k davam ed\u0259c\u0259yi g\u00f6zl\u0259nilir. Qeyd ed\u0259k ki, Rusiya Xarici \u0130\u015fl\u0259r Nazirliyinin m\u0259tbuat katibi Mariya Zaxarova bir ne\u00e7\u0259 g\u00fcn \u00f6nc\u0259 ke\u00e7irdiyi brifinqd\u0259 Sergey Lavrovun Bak\u0131da Az\u0259rbaycan Prezidenti \u0130lham \u018fliyevl\u0259, el\u0259c\u0259 d\u0259, az\u0259rbaycanl\u0131 h\u0259mkar\u0131 Elmar M\u0259mm\u0259dyarovla g\u00f6r\u00fc\u015f\u0259c\u0259yini demi\u015fdi.Oxu.Az<\/p>\n","protected":false},"author":2,"featured_media":102714,"comment_status":"closed","ping_status":"closed","sticky":false,"template":"","format":"standard","meta":{"om_disable_all_campaigns":false,"_monsterinsights_skip_tracking":false,"_monsterinsights_sitenote_active":false,"_monsterinsights_sitenote_note":"","_monsterinsights_sitenote_category":0},"categories":[4],"tags":[],"aioseo_notices":[],"gutentor_comment":0,"rttpg_featured_image_url":{"full":["https:\/\/arantv.az\/wp-content\/uploads\/2019\/12\/ROM9197.jpg",620,413,false],"landscape":["https:\/\/arantv.az\/wp-content\/uploads\/2019\/12\/ROM9197.jpg",620,413,false],"portraits":["https:\/\/arantv.az\/wp-content\/uploads\/2019\/12\/ROM9197.jpg",620,413,false],"thumbnail":["https:\/\/arantv.az\/wp-content\/uploads\/2019\/12\/ROM9197-150x150.jpg",150,150,true],"medium":["https:\/\/arantv.az\/wp-content\/uploads\/2019\/12\/ROM9197-300x200.jpg",300,200,true],"large":["https:\/\/arantv.az\/wp-content\/uploads\/2019\/12\/ROM9197.jpg",620,413,false],"1536x1536":["https:\/\/arantv.az\/wp-content\/uploads\/2019\/12\/ROM9197.jpg",620,413,false],"2048x2048":["https:\/\/arantv.az\/wp-content\/uploads\/2019\/12\/ROM9197.jpg",620,413,false],"post-thumbnail":["https:\/\/arantv.az\/wp-content\/uploads\/2019\/12\/ROM9197-240x172.jpg",240,172,true],"advps-thumb-one":["https:\/\/arantv.az\/wp-content\/uploads\/2019\/12\/ROM9197.jpg",620,413,false]},"rttpg_author":{"display_name":"V\u00fcsal Rafiqo\u011flu","author_link":"https:\/\/arantv.az\/?author=2"},"rttpg_comment":0,"rttpg_category":"<a href=\"https:\/\/arantv.az\/?cat=4\" rel=\"category\">Siyas\u0259t<\/a>","rttpg_excerpt":"Bu g\u00fcn Rusiyan\u0131n Xarici \u0130\u015fl\u0259r naziri Sergey Lavrov Az\u0259rbaycana s\u0259f\u0259r ed\u0259c\u0259k. ARANTV.AZ-\u0131n m\u0259lumat\u0131na g\u00f6r\u0259, s\u0259f\u0259rin dekabr\u0131n 3-d\u0259k davam ed\u0259c\u0259yi g\u00f6zl\u0259nilir. Qeyd ed\u0259k ki, Rusiya Xarici \u0130\u015fl\u0259r Nazirliyinin m\u0259tbuat katibi Mariya Zaxarova bir ne\u00e7\u0259 g\u00fcn \u00f6nc\u0259 ke\u00e7irdiyi brifinqd\u0259 Sergey Lavrovun Bak\u0131da Az\u0259rbaycan Prezidenti \u0130lham \u018fliyevl\u0259, el\u0259c\u0259 d\u0259, az\u0259rbaycanl\u0131 h\u0259mkar\u0131 Elmar M\u0259mm\u0259dyarovla g\u00f6r\u00fc\u015f\u0259c\u0259yini demi\u015fdi.Oxu.Az","_links":{"self":[{"href":"https:\/\/arantv.az\/index.php?rest_route=\/wp\/v2\/posts\/102713"}],"collection":[{"href":"https:\/\/arantv.az\/index.php?rest_route=\/wp\/v2\/posts"}],"about":[{"href":"https:\/\/arantv.az\/index.php?rest_route=\/wp\/v2\/types\/post"}],"author":[{"embeddable":true,"href":"https:\/\/arantv.az\/index.php?rest_route=\/wp\/v2\/users\/2"}],"replies":[{"embeddable":true,"href":"https:\/\/arantv.az\/index.php?rest_route=%2Fwp%2Fv2%2Fcomments&post=102713"}],"version-history":[{"count":0,"href":"https:\/\/arantv.az\/index.php?rest_route=\/wp\/v2\/posts\/102713\/revisions"}],"wp:featuredmedia":[{"embeddable":true,"href":"https:\/\/arantv.az\/index.php?rest_route=\/wp\/v2\/media\/102714"}],"wp:attachment":[{"href":"https:\/\/arantv.az\/index.php?rest_route=%2Fwp%2Fv2%2Fmedia&parent=102713"}],"wp:term":[{"taxonomy":"category","embeddable":true,"href":"https:\/\/arantv.az\/index.php?rest_route=%2Fwp%2Fv2%2Fcategories&post=102713"},{"taxonomy":"post_tag","embeddable":true,"href":"https:\/\/arantv.az\/index.php?rest_route=%2Fwp%2Fv2%2Ftags&post=102713"}],"curies":[{"name":"wp","href":"https:\/\/api.w.org\/{rel}","templated":true}]}}