{"id":102725,"date":"2019-12-02T09:12:43","date_gmt":"2019-12-02T06:12:43","guid":{"rendered":"http:\/\/arantv.az\/?p=102725"},"modified":"2019-12-02T09:12:43","modified_gmt":"2019-12-02T06:12:43","slug":"goranboydaki-partlayisda-x%c9%99sar%c9%99t-alanlarin-kimliyi-m%c9%99lum-oldu-3-u-azyaslidir","status":"publish","type":"post","link":"https:\/\/arantv.az\/?p=102725","title":{"rendered":"Goranboydak\u0131 partlay\u0131\u015fda x\u0259sar\u0259t alanlar\u0131n kimliyi m\u0259lum oldu &#8211; 3-\u00fc azya\u015fl\u0131d\u0131r"},"content":{"rendered":"<p><strong>Goranboy rayonunda f\u0259rdi ya\u015fay\u0131\u015f evind\u0259 partlay\u0131\u015f ba\u015f verib.\u00a0<\/strong><\/p>\n<p><strong>ARANTV.AZ<\/strong> APA-ya istinad\u0259n x\u0259b\u0259r verir ki, hadis\u0259 rayonun K\u0259p\u0259n\u0259k\u00e7i k\u0259ndind\u0259 qeyd\u0259 al\u0131n\u0131b.<\/p>\n<p>Hadis\u0259 n\u0259tic\u0259sind\u0259 evd\u0259 olan d\u00f6rd n\u0259f\u0259r m\u00fcxt\u0259lif d\u0259r\u0259c\u0259li yan\u0131q x\u0259sar\u0259tl\u0259ri al\u0131b.<\/p>\n<p>Yaral\u0131lardan \u00fc\u00e7\u00fcn\u00fcn azya\u015fl\u0131 oldu\u011fu bildirilir.<\/p>\n<p>X\u0259sar\u0259t alanlar rayon m\u0259rk\u0259zi x\u0259st\u0259xanas\u0131n\u0131n reanimasiya \u015f\u00f6b\u0259sin\u0259 yerl\u0259\u015fdirilibl\u0259r.<\/p>\n<p>\u0130lkin m\u0259lumata g\u00f6r\u0259, partlay\u0131\u015f qaz s\u0131zmas\u0131ndan ba\u015f verib.<\/p>\n<p>Partlay\u0131\u015f n\u0259tic\u0259sind\u0259 yan\u0131q x\u0259sar\u0259tl\u0259ri alan \u015f\u0259xsl\u0259rin adlar\u0131 m\u0259lum olub.<\/p>\n<p>X\u0259sar\u0259t alanlar Ucar rayon sakinl\u0259ri &#8211; 2008-ci il t\u0259v\u0259ll\u00fcdl\u00fc Tahir \u018fhm\u0259dov, 2010-cu il t\u0259v\u0259ll\u00fcdl\u00fc M\u0259ftun \u018fhm\u0259dov v\u0259 2016-cl il t\u0259v\u0259ll\u00fcdl\u00fc Cahid \u018fhm\u0259dovdur.<\/p>\n<p>X\u0259sar\u0259t alan \u00fc\u00e7 qarda\u015fa \u00fcz, qar\u0131n v\u0259 dig\u0259r b\u0259d\u0259n nahiy\u0259l\u0259rind\u0259 1-ci, 2-ci d\u0259r\u0259c\u0259li \u00e7oxsayl\u0131 yan\u0131q diaqnozu qoyulub. Durumlar\u0131 a\u011f\u0131r olaraq qiym\u0259tl\u0259ndirilir.<\/p>\n<p>T.\u018fhm\u0259dovun v\u0259ziyy\u0259ti daha a\u011f\u0131r oldu\u011fundan reanimasiya \u015f\u00f6b\u0259sin\u0259 yerl\u0259\u015fdirilib.<\/p>\n<p>Qeyd ed\u0259k ki, ail\u0259nin partlay\u0131\u015f ba\u015f ver\u0259n m\u0259nzild\u0259 kiray\u0259 ya\u015fad\u0131\u011f\u0131 bildirilir.<\/p>\n","protected":false},"excerpt":{"rendered":"<p>Goranboy rayonunda f\u0259rdi ya\u015fay\u0131\u015f evind\u0259 partlay\u0131\u015f ba\u015f verib.\u00a0 ARANTV.AZ APA-ya istinad\u0259n x\u0259b\u0259r verir ki, hadis\u0259 rayonun K\u0259p\u0259n\u0259k\u00e7i k\u0259ndind\u0259 qeyd\u0259 al\u0131n\u0131b. Hadis\u0259 n\u0259tic\u0259sind\u0259 evd\u0259 olan d\u00f6rd n\u0259f\u0259r m\u00fcxt\u0259lif d\u0259r\u0259c\u0259li yan\u0131q x\u0259sar\u0259tl\u0259ri al\u0131b. Yaral\u0131lardan \u00fc\u00e7\u00fcn\u00fcn azya\u015fl\u0131 oldu\u011fu bildirilir. X\u0259sar\u0259t alanlar rayon m\u0259rk\u0259zi x\u0259st\u0259xanas\u0131n\u0131n reanimasiya \u015f\u00f6b\u0259sin\u0259 yerl\u0259\u015fdirilibl\u0259r. \u0130lkin m\u0259lumata g\u00f6r\u0259, partlay\u0131\u015f qaz s\u0131zmas\u0131ndan ba\u015f verib. Partlay\u0131\u015f n\u0259tic\u0259sind\u0259 yan\u0131q x\u0259sar\u0259tl\u0259ri alan \u015f\u0259xsl\u0259rin adlar\u0131 m\u0259lum olub. X\u0259sar\u0259t alanlar Ucar rayon sakinl\u0259ri &#8211; 2008-ci il t\u0259v\u0259ll\u00fcdl\u00fc Tahir \u018fhm\u0259dov, 2010-cu il t\u0259v\u0259ll\u00fcdl\u00fc M\u0259ftun \u018fhm\u0259dov v\u0259 2016-cl il t\u0259v\u0259ll\u00fcdl\u00fc Cahid \u018fhm\u0259dovdur. X\u0259sar\u0259t alan \u00fc\u00e7 qarda\u015fa \u00fcz, qar\u0131n v\u0259&hellip;<\/p>\n","protected":false},"author":2,"featured_media":102726,"comment_status":"closed","ping_status":"closed","sticky":false,"template":"","format":"standard","meta":{"om_disable_all_campaigns":false,"_monsterinsights_skip_tracking":false,"_monsterinsights_sitenote_active":false,"_monsterinsights_sitenote_note":"","_monsterinsights_sitenote_category":0},"categories":[5],"tags":[],"aioseo_notices":[],"gutentor_comment":0,"rttpg_featured_image_url":{"full":["https:\/\/arantv.az\/wp-content\/uploads\/2019\/12\/tecili_yardim_05.jpg",482,361,false],"landscape":["https:\/\/arantv.az\/wp-content\/uploads\/2019\/12\/tecili_yardim_05.jpg",482,361,false],"portraits":["https:\/\/arantv.az\/wp-content\/uploads\/2019\/12\/tecili_yardim_05.jpg",482,361,false],"thumbnail":["https:\/\/arantv.az\/wp-content\/uploads\/2019\/12\/tecili_yardim_05-150x150.jpg",150,150,true],"medium":["https:\/\/arantv.az\/wp-content\/uploads\/2019\/12\/tecili_yardim_05-300x225.jpg",300,225,true],"large":["https:\/\/arantv.az\/wp-content\/uploads\/2019\/12\/tecili_yardim_05.jpg",482,361,false],"1536x1536":["https:\/\/arantv.az\/wp-content\/uploads\/2019\/12\/tecili_yardim_05.jpg",482,361,false],"2048x2048":["https:\/\/arantv.az\/wp-content\/uploads\/2019\/12\/tecili_yardim_05.jpg",482,361,false],"post-thumbnail":["https:\/\/arantv.az\/wp-content\/uploads\/2019\/12\/tecili_yardim_05-240x172.jpg",240,172,true],"advps-thumb-one":["https:\/\/arantv.az\/wp-content\/uploads\/2019\/12\/tecili_yardim_05.jpg",482,361,false]},"rttpg_author":{"display_name":"V\u00fcsal Rafiqo\u011flu","author_link":"https:\/\/arantv.az\/?author=2"},"rttpg_comment":0,"rttpg_category":"<a href=\"https:\/\/arantv.az\/?cat=5\" rel=\"category\">Hadis\u0259<\/a>","rttpg_excerpt":"Goranboy rayonunda f\u0259rdi ya\u015fay\u0131\u015f evind\u0259 partlay\u0131\u015f ba\u015f verib.\u00a0 ARANTV.AZ APA-ya istinad\u0259n x\u0259b\u0259r verir ki, hadis\u0259 rayonun K\u0259p\u0259n\u0259k\u00e7i k\u0259ndind\u0259 qeyd\u0259 al\u0131n\u0131b. Hadis\u0259 n\u0259tic\u0259sind\u0259 evd\u0259 olan d\u00f6rd n\u0259f\u0259r m\u00fcxt\u0259lif d\u0259r\u0259c\u0259li yan\u0131q x\u0259sar\u0259tl\u0259ri al\u0131b. Yaral\u0131lardan \u00fc\u00e7\u00fcn\u00fcn azya\u015fl\u0131 oldu\u011fu bildirilir. X\u0259sar\u0259t alanlar rayon m\u0259rk\u0259zi x\u0259st\u0259xanas\u0131n\u0131n reanimasiya \u015f\u00f6b\u0259sin\u0259 yerl\u0259\u015fdirilibl\u0259r. \u0130lkin m\u0259lumata g\u00f6r\u0259, partlay\u0131\u015f qaz s\u0131zmas\u0131ndan ba\u015f verib. Partlay\u0131\u015f n\u0259tic\u0259sind\u0259 yan\u0131q&hellip;","_links":{"self":[{"href":"https:\/\/arantv.az\/index.php?rest_route=\/wp\/v2\/posts\/102725"}],"collection":[{"href":"https:\/\/arantv.az\/index.php?rest_route=\/wp\/v2\/posts"}],"about":[{"href":"https:\/\/arantv.az\/index.php?rest_route=\/wp\/v2\/types\/post"}],"author":[{"embeddable":true,"href":"https:\/\/arantv.az\/index.php?rest_route=\/wp\/v2\/users\/2"}],"replies":[{"embeddable":true,"href":"https:\/\/arantv.az\/index.php?rest_route=%2Fwp%2Fv2%2Fcomments&post=102725"}],"version-history":[{"count":0,"href":"https:\/\/arantv.az\/index.php?rest_route=\/wp\/v2\/posts\/102725\/revisions"}],"wp:featuredmedia":[{"embeddable":true,"href":"https:\/\/arantv.az\/index.php?rest_route=\/wp\/v2\/media\/102726"}],"wp:attachment":[{"href":"https:\/\/arantv.az\/index.php?rest_route=%2Fwp%2Fv2%2Fmedia&parent=102725"}],"wp:term":[{"taxonomy":"category","embeddable":true,"href":"https:\/\/arantv.az\/index.php?rest_route=%2Fwp%2Fv2%2Fcategories&post=102725"},{"taxonomy":"post_tag","embeddable":true,"href":"https:\/\/arantv.az\/index.php?rest_route=%2Fwp%2Fv2%2Ftags&post=102725"}],"curies":[{"name":"wp","href":"https:\/\/api.w.org\/{rel}","templated":true}]}}