{"id":102729,"date":"2019-12-02T09:13:48","date_gmt":"2019-12-02T06:13:48","guid":{"rendered":"http:\/\/arantv.az\/?p=102729"},"modified":"2019-12-02T09:13:48","modified_gmt":"2019-12-02T06:13:48","slug":"kul%c9%99kl%c9%99-bagli-surucul%c9%99r%c9%99-x%c9%99b%c9%99rdarliq-edildi","status":"publish","type":"post","link":"https:\/\/arantv.az\/?p=102729","title":{"rendered":"K\u00fcl\u0259kl\u0259 ba\u011fl\u0131 s\u00fcr\u00fcc\u00fcl\u0259r\u0259 x\u0259b\u0259rdarl\u0131q edildi"},"content":{"rendered":"<p><strong>Bak\u0131 N\u0259qliyyat Agentliyi paytaxtda h\u00f6km s\u00fcr\u0259n k\u00fcl\u0259kli hava \u015f\u0259raiti il\u0259 ba\u011fl\u0131 s\u00fcr\u00fcc\u00fcl\u0259r\u0259 x\u0259b\u0259rdarl\u0131q edib.<\/strong><\/p>\n<p>Agentliyin m\u0259tbuat xidm\u0259tind\u0259n Milli.Az-a veril\u0259n m\u0259lumatda bildirilir ki, m\u00fc\u015fahid\u0259 olunan k\u00fcl\u0259kli hava \u015f\u0259raiti il\u0259 \u0259laq\u0259dar b\u00fct\u00fcn h\u0259r\u0259k\u0259t i\u015ftirak\u00e7\u0131lar\u0131na ehtiyatl\u0131 olmaq t\u00f6vsiy\u0259 edilir:<\/p>\n<p>&#8220;S\u0259rni\u015finl\u0259rd\u0259n xahi\u015f edirik ki, avtobus dayanacaq pavilyonlar\u0131nda g\u00f6zl\u0259y\u0259rk\u0259n diqq\u0259tli olsunlar. Dayanacaq m\u0259nt\u0259q\u0259sinin \u0259razisind\u0259n k\u0259narda avtobusa minib-d\u00fc\u015fm\u0259sinl\u0259r. H\u0259m\u00e7inin, N\u0259qliyyat M\u00fcbadil\u0259 M\u0259rk\u0259zl\u0259rinin \u0259razisind\u0259 eyni qaydalara riay\u0259t edilm\u0259lidir.<\/p>\n<div><\/div>\n<p>S\u00fcr\u00fcc\u00fcl\u0259r\u0259 t\u00f6vsiy\u0259 edirik ki, h\u0259r\u0259k\u0259td\u0259 olan zaman yollarda m\u00fc\u0259yy\u0259n edil\u0259n s\u00fcr\u0259t h\u0259ddin\u0259 v\u0259 yol ni\u015fanlar\u0131n\u0131n t\u0259l\u0259bl\u0259rin\u0259 \u0259m\u0259l etsinl\u0259r. Hava \u015f\u0259raiti il\u0259 \u0259laq\u0259dar paytaxt yollar\u0131na v\u0259 ictimai n\u0259qliyyat infrastrukturlar\u0131na n\u0259zar\u0259t g\u00fccl\u0259ndirilib. H\u0259r hans\u0131 bir narahatl\u0131q oldu\u011fu zaman Bak\u0131 N\u0259qliyyat Agentliyinin 141 \u00c7a\u011fr\u0131 M\u0259rk\u0259zin\u0259 z\u0259ng etm\u0259nizi xahi\u015f edirik&#8221;.<\/p>\n","protected":false},"excerpt":{"rendered":"<p>Bak\u0131 N\u0259qliyyat Agentliyi paytaxtda h\u00f6km s\u00fcr\u0259n k\u00fcl\u0259kli hava \u015f\u0259raiti il\u0259 ba\u011fl\u0131 s\u00fcr\u00fcc\u00fcl\u0259r\u0259 x\u0259b\u0259rdarl\u0131q edib. Agentliyin m\u0259tbuat xidm\u0259tind\u0259n Milli.Az-a veril\u0259n m\u0259lumatda bildirilir ki, m\u00fc\u015fahid\u0259 olunan k\u00fcl\u0259kli hava \u015f\u0259raiti il\u0259 \u0259laq\u0259dar b\u00fct\u00fcn h\u0259r\u0259k\u0259t i\u015ftirak\u00e7\u0131lar\u0131na ehtiyatl\u0131 olmaq t\u00f6vsiy\u0259 edilir: &#8220;S\u0259rni\u015finl\u0259rd\u0259n xahi\u015f edirik ki, avtobus dayanacaq pavilyonlar\u0131nda g\u00f6zl\u0259y\u0259rk\u0259n diqq\u0259tli olsunlar. Dayanacaq m\u0259nt\u0259q\u0259sinin \u0259razisind\u0259n k\u0259narda avtobusa minib-d\u00fc\u015fm\u0259sinl\u0259r. H\u0259m\u00e7inin, N\u0259qliyyat M\u00fcbadil\u0259 M\u0259rk\u0259zl\u0259rinin \u0259razisind\u0259 eyni qaydalara riay\u0259t edilm\u0259lidir. S\u00fcr\u00fcc\u00fcl\u0259r\u0259 t\u00f6vsiy\u0259 edirik ki, h\u0259r\u0259k\u0259td\u0259 olan zaman yollarda m\u00fc\u0259yy\u0259n edil\u0259n s\u00fcr\u0259t h\u0259ddin\u0259 v\u0259 yol ni\u015fanlar\u0131n\u0131n t\u0259l\u0259bl\u0259rin\u0259 \u0259m\u0259l etsinl\u0259r. Hava \u015f\u0259raiti il\u0259 \u0259laq\u0259dar paytaxt yollar\u0131na v\u0259 ictimai n\u0259qliyyat infrastrukturlar\u0131na n\u0259zar\u0259t&hellip;<\/p>\n","protected":false},"author":2,"featured_media":102730,"comment_status":"closed","ping_status":"closed","sticky":false,"template":"","format":"standard","meta":{"om_disable_all_campaigns":false,"_monsterinsights_skip_tracking":false,"_monsterinsights_sitenote_active":false,"_monsterinsights_sitenote_note":"","_monsterinsights_sitenote_category":0},"categories":[1],"tags":[],"aioseo_notices":[],"gutentor_comment":0,"rttpg_featured_image_url":{"full":["https:\/\/arantv.az\/wp-content\/uploads\/2019\/12\/kulekli_hava_0985.jpg",800,600,false],"landscape":["https:\/\/arantv.az\/wp-content\/uploads\/2019\/12\/kulekli_hava_0985.jpg",800,600,false],"portraits":["https:\/\/arantv.az\/wp-content\/uploads\/2019\/12\/kulekli_hava_0985.jpg",800,600,false],"thumbnail":["https:\/\/arantv.az\/wp-content\/uploads\/2019\/12\/kulekli_hava_0985-150x150.jpg",150,150,true],"medium":["https:\/\/arantv.az\/wp-content\/uploads\/2019\/12\/kulekli_hava_0985-300x225.jpg",300,225,true],"large":["https:\/\/arantv.az\/wp-content\/uploads\/2019\/12\/kulekli_hava_0985.jpg",640,480,false],"1536x1536":["https:\/\/arantv.az\/wp-content\/uploads\/2019\/12\/kulekli_hava_0985.jpg",800,600,false],"2048x2048":["https:\/\/arantv.az\/wp-content\/uploads\/2019\/12\/kulekli_hava_0985.jpg",800,600,false],"post-thumbnail":["https:\/\/arantv.az\/wp-content\/uploads\/2019\/12\/kulekli_hava_0985-240x172.jpg",240,172,true],"advps-thumb-one":["https:\/\/arantv.az\/wp-content\/uploads\/2019\/12\/kulekli_hava_0985.jpg",800,600,false]},"rttpg_author":{"display_name":"V\u00fcsal Rafiqo\u011flu","author_link":"https:\/\/arantv.az\/?author=2"},"rttpg_comment":0,"rttpg_category":"<a href=\"https:\/\/arantv.az\/?cat=1\" rel=\"category\">C\u0259miyy\u0259t<\/a>","rttpg_excerpt":"Bak\u0131 N\u0259qliyyat Agentliyi paytaxtda h\u00f6km s\u00fcr\u0259n k\u00fcl\u0259kli hava \u015f\u0259raiti il\u0259 ba\u011fl\u0131 s\u00fcr\u00fcc\u00fcl\u0259r\u0259 x\u0259b\u0259rdarl\u0131q edib. Agentliyin m\u0259tbuat xidm\u0259tind\u0259n Milli.Az-a veril\u0259n m\u0259lumatda bildirilir ki, m\u00fc\u015fahid\u0259 olunan k\u00fcl\u0259kli hava \u015f\u0259raiti il\u0259 \u0259laq\u0259dar b\u00fct\u00fcn h\u0259r\u0259k\u0259t i\u015ftirak\u00e7\u0131lar\u0131na ehtiyatl\u0131 olmaq t\u00f6vsiy\u0259 edilir: &#8220;S\u0259rni\u015finl\u0259rd\u0259n xahi\u015f edirik ki, avtobus dayanacaq pavilyonlar\u0131nda g\u00f6zl\u0259y\u0259rk\u0259n diqq\u0259tli olsunlar. Dayanacaq m\u0259nt\u0259q\u0259sinin \u0259razisind\u0259n k\u0259narda avtobusa minib-d\u00fc\u015fm\u0259sinl\u0259r. H\u0259m\u00e7inin, N\u0259qliyyat M\u00fcbadil\u0259&hellip;","_links":{"self":[{"href":"https:\/\/arantv.az\/index.php?rest_route=\/wp\/v2\/posts\/102729"}],"collection":[{"href":"https:\/\/arantv.az\/index.php?rest_route=\/wp\/v2\/posts"}],"about":[{"href":"https:\/\/arantv.az\/index.php?rest_route=\/wp\/v2\/types\/post"}],"author":[{"embeddable":true,"href":"https:\/\/arantv.az\/index.php?rest_route=\/wp\/v2\/users\/2"}],"replies":[{"embeddable":true,"href":"https:\/\/arantv.az\/index.php?rest_route=%2Fwp%2Fv2%2Fcomments&post=102729"}],"version-history":[{"count":0,"href":"https:\/\/arantv.az\/index.php?rest_route=\/wp\/v2\/posts\/102729\/revisions"}],"wp:featuredmedia":[{"embeddable":true,"href":"https:\/\/arantv.az\/index.php?rest_route=\/wp\/v2\/media\/102730"}],"wp:attachment":[{"href":"https:\/\/arantv.az\/index.php?rest_route=%2Fwp%2Fv2%2Fmedia&parent=102729"}],"wp:term":[{"taxonomy":"category","embeddable":true,"href":"https:\/\/arantv.az\/index.php?rest_route=%2Fwp%2Fv2%2Fcategories&post=102729"},{"taxonomy":"post_tag","embeddable":true,"href":"https:\/\/arantv.az\/index.php?rest_route=%2Fwp%2Fv2%2Ftags&post=102729"}],"curies":[{"name":"wp","href":"https:\/\/api.w.org\/{rel}","templated":true}]}}