{"id":102858,"date":"2019-12-02T13:34:01","date_gmt":"2019-12-02T10:34:01","guid":{"rendered":"http:\/\/arantv.az\/?p=102858"},"modified":"2019-12-02T13:34:01","modified_gmt":"2019-12-02T10:34:01","slug":"sabah-milli-m%c9%99clis-yenid%c9%99n-toplana-bil%c9%99r","status":"publish","type":"post","link":"https:\/\/arantv.az\/?p=102858","title":{"rendered":"Sabah Milli M\u0259clis yenid\u0259n toplana bil\u0259r"},"content":{"rendered":"<p>Dekabr\u0131n 3-d\u0259 V \u00e7a\u011f\u0131r\u0131\u015f Milli M\u0259clisin sonuncu iclas\u0131 ke\u00e7iril\u0259 bil\u0259r.<\/p>\n<p><b>ARANTV.AZ<\/b>-\u0131n x\u0259b\u0259rin\u0259 g\u00f6r\u0259, bu bar\u0259d\u0259 Milli M\u0259clisin iclas\u0131nda parlamentin s\u0259dri Oqtay \u018fs\u0259dov m\u0259lumat verib.<\/p>\n<div id=\"AdviadNativeVideo0\" class=\"AdviadNativeVideo\"><\/div>\n<p>O deyib ki, yar\u0131m\u00e7\u0131q qalan qanun layih\u0259l\u0259ri sabah ke\u00e7iril\u0259c\u0259k plenar iclasda m\u00fczakir\u0259 olunacaq.\u00a0Oxu.Az<\/p>\n","protected":false},"excerpt":{"rendered":"<p>Dekabr\u0131n 3-d\u0259 V \u00e7a\u011f\u0131r\u0131\u015f Milli M\u0259clisin sonuncu iclas\u0131 ke\u00e7iril\u0259 bil\u0259r. ARANTV.AZ-\u0131n x\u0259b\u0259rin\u0259 g\u00f6r\u0259, bu bar\u0259d\u0259 Milli M\u0259clisin iclas\u0131nda parlamentin s\u0259dri Oqtay \u018fs\u0259dov m\u0259lumat verib. O deyib ki, yar\u0131m\u00e7\u0131q qalan qanun layih\u0259l\u0259ri sabah ke\u00e7iril\u0259c\u0259k plenar iclasda m\u00fczakir\u0259 olunacaq.\u00a0Oxu.Az<\/p>\n","protected":false},"author":2,"featured_media":102859,"comment_status":"closed","ping_status":"closed","sticky":false,"template":"","format":"standard","meta":{"om_disable_all_campaigns":false,"_monsterinsights_skip_tracking":false,"_monsterinsights_sitenote_active":false,"_monsterinsights_sitenote_note":"","_monsterinsights_sitenote_category":0},"categories":[4],"tags":[],"aioseo_notices":[],"gutentor_comment":0,"rttpg_featured_image_url":{"full":["https:\/\/arantv.az\/wp-content\/uploads\/2019\/12\/1571720258.jpg",620,397,false],"landscape":["https:\/\/arantv.az\/wp-content\/uploads\/2019\/12\/1571720258.jpg",620,397,false],"portraits":["https:\/\/arantv.az\/wp-content\/uploads\/2019\/12\/1571720258.jpg",620,397,false],"thumbnail":["https:\/\/arantv.az\/wp-content\/uploads\/2019\/12\/1571720258-150x150.jpg",150,150,true],"medium":["https:\/\/arantv.az\/wp-content\/uploads\/2019\/12\/1571720258-300x192.jpg",300,192,true],"large":["https:\/\/arantv.az\/wp-content\/uploads\/2019\/12\/1571720258.jpg",620,397,false],"1536x1536":["https:\/\/arantv.az\/wp-content\/uploads\/2019\/12\/1571720258.jpg",620,397,false],"2048x2048":["https:\/\/arantv.az\/wp-content\/uploads\/2019\/12\/1571720258.jpg",620,397,false],"post-thumbnail":["https:\/\/arantv.az\/wp-content\/uploads\/2019\/12\/1571720258-240x172.jpg",240,172,true],"advps-thumb-one":["https:\/\/arantv.az\/wp-content\/uploads\/2019\/12\/1571720258.jpg",620,397,false]},"rttpg_author":{"display_name":"V\u00fcsal Rafiqo\u011flu","author_link":"https:\/\/arantv.az\/?author=2"},"rttpg_comment":0,"rttpg_category":"<a href=\"https:\/\/arantv.az\/?cat=4\" rel=\"category\">Siyas\u0259t<\/a>","rttpg_excerpt":"Dekabr\u0131n 3-d\u0259 V \u00e7a\u011f\u0131r\u0131\u015f Milli M\u0259clisin sonuncu iclas\u0131 ke\u00e7iril\u0259 bil\u0259r. ARANTV.AZ-\u0131n x\u0259b\u0259rin\u0259 g\u00f6r\u0259, bu bar\u0259d\u0259 Milli M\u0259clisin iclas\u0131nda parlamentin s\u0259dri Oqtay \u018fs\u0259dov m\u0259lumat verib. O deyib ki, yar\u0131m\u00e7\u0131q qalan qanun layih\u0259l\u0259ri sabah ke\u00e7iril\u0259c\u0259k plenar iclasda m\u00fczakir\u0259 olunacaq.\u00a0Oxu.Az","_links":{"self":[{"href":"https:\/\/arantv.az\/index.php?rest_route=\/wp\/v2\/posts\/102858"}],"collection":[{"href":"https:\/\/arantv.az\/index.php?rest_route=\/wp\/v2\/posts"}],"about":[{"href":"https:\/\/arantv.az\/index.php?rest_route=\/wp\/v2\/types\/post"}],"author":[{"embeddable":true,"href":"https:\/\/arantv.az\/index.php?rest_route=\/wp\/v2\/users\/2"}],"replies":[{"embeddable":true,"href":"https:\/\/arantv.az\/index.php?rest_route=%2Fwp%2Fv2%2Fcomments&post=102858"}],"version-history":[{"count":0,"href":"https:\/\/arantv.az\/index.php?rest_route=\/wp\/v2\/posts\/102858\/revisions"}],"wp:featuredmedia":[{"embeddable":true,"href":"https:\/\/arantv.az\/index.php?rest_route=\/wp\/v2\/media\/102859"}],"wp:attachment":[{"href":"https:\/\/arantv.az\/index.php?rest_route=%2Fwp%2Fv2%2Fmedia&parent=102858"}],"wp:term":[{"taxonomy":"category","embeddable":true,"href":"https:\/\/arantv.az\/index.php?rest_route=%2Fwp%2Fv2%2Fcategories&post=102858"},{"taxonomy":"post_tag","embeddable":true,"href":"https:\/\/arantv.az\/index.php?rest_route=%2Fwp%2Fv2%2Ftags&post=102858"}],"curies":[{"name":"wp","href":"https:\/\/api.w.org\/{rel}","templated":true}]}}