{"id":102867,"date":"2019-12-02T13:35:24","date_gmt":"2019-12-02T10:35:24","guid":{"rendered":"http:\/\/arantv.az\/?p=102867"},"modified":"2019-12-02T13:35:24","modified_gmt":"2019-12-02T10:35:24","slug":"milli-m%c9%99clis-parlamentin-buraxilmasi-il%c9%99-bagli-m%c9%99s%c9%99l%c9%99y%c9%99-h%c9%99-dedi","status":"publish","type":"post","link":"https:\/\/arantv.az\/?p=102867","title":{"rendered":"Milli M\u0259clis parlamentin burax\u0131lmas\u0131 il\u0259 ba\u011fl\u0131 m\u0259s\u0259l\u0259y\u0259 \u201cH\u018f\u201d dedi"},"content":{"rendered":"<p>Milli M\u0259clisin bu g\u00fcn ke\u00e7iril\u0259n iclas\u0131nda parlamentin burax\u0131lmas\u0131 m\u0259s\u0259l\u0259sin\u0259 bax\u0131l\u0131b.<\/p>\n<p><b>ARANTV.AZ\u00a0<\/b>-\u0131n m\u0259lumat\u0131na g\u00f6r\u0259, m\u00fczakir\u0259l\u0259rd\u0259n sonra Milli M\u0259clisin\u00a0burax\u0131lmas\u0131 v\u0259 n\u00f6vb\u0259d\u0259nk\u0259nar se\u00e7kil\u0259rin t\u0259yin edilm\u0259si haqq\u0131nda Prezident\u0259 m\u00fcraci\u0259t edilm\u0259si \u00fc\u00e7\u00fcn q\u0259rar layih\u0259si oxunub.<\/p>\n<div id=\"AdviadNativeVideo0\" class=\"AdviadNativeVideo\"><\/div>\n<p>Q\u0259rar layih\u0259sini Milli M\u0259clis s\u0259drinin m\u00fcavini Bahar Muradova oxuyub.<\/p>\n<p>Q\u0259rar layih\u0259si oxunduqdan sonra m\u0259s\u0259l\u0259 s\u0259sverm\u0259y\u0259 \u00e7\u0131xar\u0131laraq q\u0259bul edilib.\u00a0Oxu.Az<\/p>\n","protected":false},"excerpt":{"rendered":"<p>Milli M\u0259clisin bu g\u00fcn ke\u00e7iril\u0259n iclas\u0131nda parlamentin burax\u0131lmas\u0131 m\u0259s\u0259l\u0259sin\u0259 bax\u0131l\u0131b. ARANTV.AZ\u00a0-\u0131n m\u0259lumat\u0131na g\u00f6r\u0259, m\u00fczakir\u0259l\u0259rd\u0259n sonra Milli M\u0259clisin\u00a0burax\u0131lmas\u0131 v\u0259 n\u00f6vb\u0259d\u0259nk\u0259nar se\u00e7kil\u0259rin t\u0259yin edilm\u0259si haqq\u0131nda Prezident\u0259 m\u00fcraci\u0259t edilm\u0259si \u00fc\u00e7\u00fcn q\u0259rar layih\u0259si oxunub. Q\u0259rar layih\u0259sini Milli M\u0259clis s\u0259drinin m\u00fcavini Bahar Muradova oxuyub. Q\u0259rar layih\u0259si oxunduqdan sonra m\u0259s\u0259l\u0259 s\u0259sverm\u0259y\u0259 \u00e7\u0131xar\u0131laraq q\u0259bul edilib.\u00a0Oxu.Az<\/p>\n","protected":false},"author":2,"featured_media":102868,"comment_status":"closed","ping_status":"closed","sticky":false,"template":"","format":"standard","meta":{"om_disable_all_campaigns":false,"_monsterinsights_skip_tracking":false,"_monsterinsights_sitenote_active":false,"_monsterinsights_sitenote_note":"","_monsterinsights_sitenote_category":0},"categories":[4],"tags":[],"aioseo_notices":[],"gutentor_comment":0,"rttpg_featured_image_url":{"full":["https:\/\/arantv.az\/wp-content\/uploads\/2019\/12\/milli-meclis-1.jpg",620,413,false],"landscape":["https:\/\/arantv.az\/wp-content\/uploads\/2019\/12\/milli-meclis-1.jpg",620,413,false],"portraits":["https:\/\/arantv.az\/wp-content\/uploads\/2019\/12\/milli-meclis-1.jpg",620,413,false],"thumbnail":["https:\/\/arantv.az\/wp-content\/uploads\/2019\/12\/milli-meclis-1-150x150.jpg",150,150,true],"medium":["https:\/\/arantv.az\/wp-content\/uploads\/2019\/12\/milli-meclis-1-300x200.jpg",300,200,true],"large":["https:\/\/arantv.az\/wp-content\/uploads\/2019\/12\/milli-meclis-1.jpg",620,413,false],"1536x1536":["https:\/\/arantv.az\/wp-content\/uploads\/2019\/12\/milli-meclis-1.jpg",620,413,false],"2048x2048":["https:\/\/arantv.az\/wp-content\/uploads\/2019\/12\/milli-meclis-1.jpg",620,413,false],"post-thumbnail":["https:\/\/arantv.az\/wp-content\/uploads\/2019\/12\/milli-meclis-1-240x172.jpg",240,172,true],"advps-thumb-one":["https:\/\/arantv.az\/wp-content\/uploads\/2019\/12\/milli-meclis-1.jpg",620,413,false]},"rttpg_author":{"display_name":"V\u00fcsal Rafiqo\u011flu","author_link":"https:\/\/arantv.az\/?author=2"},"rttpg_comment":0,"rttpg_category":"<a href=\"https:\/\/arantv.az\/?cat=4\" rel=\"category\">Siyas\u0259t<\/a>","rttpg_excerpt":"Milli M\u0259clisin bu g\u00fcn ke\u00e7iril\u0259n iclas\u0131nda parlamentin burax\u0131lmas\u0131 m\u0259s\u0259l\u0259sin\u0259 bax\u0131l\u0131b. ARANTV.AZ\u00a0-\u0131n m\u0259lumat\u0131na g\u00f6r\u0259, m\u00fczakir\u0259l\u0259rd\u0259n sonra Milli M\u0259clisin\u00a0burax\u0131lmas\u0131 v\u0259 n\u00f6vb\u0259d\u0259nk\u0259nar se\u00e7kil\u0259rin t\u0259yin edilm\u0259si haqq\u0131nda Prezident\u0259 m\u00fcraci\u0259t edilm\u0259si \u00fc\u00e7\u00fcn q\u0259rar layih\u0259si oxunub. Q\u0259rar layih\u0259sini Milli M\u0259clis s\u0259drinin m\u00fcavini Bahar Muradova oxuyub. Q\u0259rar layih\u0259si oxunduqdan sonra m\u0259s\u0259l\u0259 s\u0259sverm\u0259y\u0259 \u00e7\u0131xar\u0131laraq q\u0259bul edilib.\u00a0Oxu.Az","_links":{"self":[{"href":"https:\/\/arantv.az\/index.php?rest_route=\/wp\/v2\/posts\/102867"}],"collection":[{"href":"https:\/\/arantv.az\/index.php?rest_route=\/wp\/v2\/posts"}],"about":[{"href":"https:\/\/arantv.az\/index.php?rest_route=\/wp\/v2\/types\/post"}],"author":[{"embeddable":true,"href":"https:\/\/arantv.az\/index.php?rest_route=\/wp\/v2\/users\/2"}],"replies":[{"embeddable":true,"href":"https:\/\/arantv.az\/index.php?rest_route=%2Fwp%2Fv2%2Fcomments&post=102867"}],"version-history":[{"count":0,"href":"https:\/\/arantv.az\/index.php?rest_route=\/wp\/v2\/posts\/102867\/revisions"}],"wp:featuredmedia":[{"embeddable":true,"href":"https:\/\/arantv.az\/index.php?rest_route=\/wp\/v2\/media\/102868"}],"wp:attachment":[{"href":"https:\/\/arantv.az\/index.php?rest_route=%2Fwp%2Fv2%2Fmedia&parent=102867"}],"wp:term":[{"taxonomy":"category","embeddable":true,"href":"https:\/\/arantv.az\/index.php?rest_route=%2Fwp%2Fv2%2Fcategories&post=102867"},{"taxonomy":"post_tag","embeddable":true,"href":"https:\/\/arantv.az\/index.php?rest_route=%2Fwp%2Fv2%2Ftags&post=102867"}],"curies":[{"name":"wp","href":"https:\/\/api.w.org\/{rel}","templated":true}]}}