{"id":102888,"date":"2019-12-02T13:42:57","date_gmt":"2019-12-02T10:42:57","guid":{"rendered":"http:\/\/arantv.az\/?p=102888"},"modified":"2019-12-02T13:42:57","modified_gmt":"2019-12-02T10:42:57","slug":"parlamentin-buraxilmasi-il%c9%99-bagli-redaksiya-hey%c9%99ti-yaradildi-adlar","status":"publish","type":"post","link":"https:\/\/arantv.az\/?p=102888","title":{"rendered":"Parlamentin burax\u0131lmas\u0131 il\u0259 ba\u011fl\u0131 redaksiya hey\u0259ti yarad\u0131ld\u0131 &#8211; ADLAR"},"content":{"rendered":"<p>Milli M\u0259clisin bu g\u00fcn ke\u00e7iril\u0259n iclas\u0131nda parlamentin burax\u0131lmas\u0131 il\u0259 ba\u011fl\u0131 q\u0259rar\u0131n haz\u0131rlanmas\u0131 \u00fc\u00e7\u00fcn redaksiya hey\u0259ti yarad\u0131l\u0131b.<\/p>\n<p><b>ARANTV.AZ<\/b>-\u0131n m\u0259lumat\u0131na g\u00f6r\u0259, bu bar\u0259d\u0259\u00a0 Milli M\u0259clisin s\u0259dri Oqtay \u018fs\u0259dov m\u0259lumat verib.<\/p>\n<div id=\"AdviadNativeVideo0\" class=\"AdviadNativeVideo\"><\/div>\n<p>O bildirib ki, redaksiya hey\u0259tin\u0259 parlamentin vitse-spikeri Bahar Muradova, deputatlar \u018fli H\u00fcseynli, F\u0259zail \u0130brahimli, S\u0259m\u0259d Seyidov v\u0259 Sahib\u0259 Qafarova daxildir.Oxu.Az<\/p>\n","protected":false},"excerpt":{"rendered":"<p>Milli M\u0259clisin bu g\u00fcn ke\u00e7iril\u0259n iclas\u0131nda parlamentin burax\u0131lmas\u0131 il\u0259 ba\u011fl\u0131 q\u0259rar\u0131n haz\u0131rlanmas\u0131 \u00fc\u00e7\u00fcn redaksiya hey\u0259ti yarad\u0131l\u0131b. ARANTV.AZ-\u0131n m\u0259lumat\u0131na g\u00f6r\u0259, bu bar\u0259d\u0259\u00a0 Milli M\u0259clisin s\u0259dri Oqtay \u018fs\u0259dov m\u0259lumat verib. O bildirib ki, redaksiya hey\u0259tin\u0259 parlamentin vitse-spikeri Bahar Muradova, deputatlar \u018fli H\u00fcseynli, F\u0259zail \u0130brahimli, S\u0259m\u0259d Seyidov v\u0259 Sahib\u0259 Qafarova daxildir.Oxu.Az<\/p>\n","protected":false},"author":2,"featured_media":102889,"comment_status":"closed","ping_status":"closed","sticky":false,"template":"","format":"standard","meta":{"om_disable_all_campaigns":false,"_monsterinsights_skip_tracking":false,"_monsterinsights_sitenote_active":false,"_monsterinsights_sitenote_note":"","_monsterinsights_sitenote_category":0},"categories":[4],"tags":[],"aioseo_notices":[],"gutentor_comment":0,"rttpg_featured_image_url":{"full":["https:\/\/arantv.az\/wp-content\/uploads\/2019\/12\/1-1.jpg",620,349,false],"landscape":["https:\/\/arantv.az\/wp-content\/uploads\/2019\/12\/1-1.jpg",620,349,false],"portraits":["https:\/\/arantv.az\/wp-content\/uploads\/2019\/12\/1-1.jpg",620,349,false],"thumbnail":["https:\/\/arantv.az\/wp-content\/uploads\/2019\/12\/1-1-150x150.jpg",150,150,true],"medium":["https:\/\/arantv.az\/wp-content\/uploads\/2019\/12\/1-1-300x169.jpg",300,169,true],"large":["https:\/\/arantv.az\/wp-content\/uploads\/2019\/12\/1-1.jpg",620,349,false],"1536x1536":["https:\/\/arantv.az\/wp-content\/uploads\/2019\/12\/1-1.jpg",620,349,false],"2048x2048":["https:\/\/arantv.az\/wp-content\/uploads\/2019\/12\/1-1.jpg",620,349,false],"post-thumbnail":["https:\/\/arantv.az\/wp-content\/uploads\/2019\/12\/1-1-240x172.jpg",240,172,true],"advps-thumb-one":["https:\/\/arantv.az\/wp-content\/uploads\/2019\/12\/1-1.jpg",620,349,false]},"rttpg_author":{"display_name":"V\u00fcsal Rafiqo\u011flu","author_link":"https:\/\/arantv.az\/?author=2"},"rttpg_comment":0,"rttpg_category":"<a href=\"https:\/\/arantv.az\/?cat=4\" rel=\"category\">Siyas\u0259t<\/a>","rttpg_excerpt":"Milli M\u0259clisin bu g\u00fcn ke\u00e7iril\u0259n iclas\u0131nda parlamentin burax\u0131lmas\u0131 il\u0259 ba\u011fl\u0131 q\u0259rar\u0131n haz\u0131rlanmas\u0131 \u00fc\u00e7\u00fcn redaksiya hey\u0259ti yarad\u0131l\u0131b. ARANTV.AZ-\u0131n m\u0259lumat\u0131na g\u00f6r\u0259, bu bar\u0259d\u0259\u00a0 Milli M\u0259clisin s\u0259dri Oqtay \u018fs\u0259dov m\u0259lumat verib. O bildirib ki, redaksiya hey\u0259tin\u0259 parlamentin vitse-spikeri Bahar Muradova, deputatlar \u018fli H\u00fcseynli, F\u0259zail \u0130brahimli, S\u0259m\u0259d Seyidov v\u0259 Sahib\u0259 Qafarova daxildir.Oxu.Az","_links":{"self":[{"href":"https:\/\/arantv.az\/index.php?rest_route=\/wp\/v2\/posts\/102888"}],"collection":[{"href":"https:\/\/arantv.az\/index.php?rest_route=\/wp\/v2\/posts"}],"about":[{"href":"https:\/\/arantv.az\/index.php?rest_route=\/wp\/v2\/types\/post"}],"author":[{"embeddable":true,"href":"https:\/\/arantv.az\/index.php?rest_route=\/wp\/v2\/users\/2"}],"replies":[{"embeddable":true,"href":"https:\/\/arantv.az\/index.php?rest_route=%2Fwp%2Fv2%2Fcomments&post=102888"}],"version-history":[{"count":0,"href":"https:\/\/arantv.az\/index.php?rest_route=\/wp\/v2\/posts\/102888\/revisions"}],"wp:featuredmedia":[{"embeddable":true,"href":"https:\/\/arantv.az\/index.php?rest_route=\/wp\/v2\/media\/102889"}],"wp:attachment":[{"href":"https:\/\/arantv.az\/index.php?rest_route=%2Fwp%2Fv2%2Fmedia&parent=102888"}],"wp:term":[{"taxonomy":"category","embeddable":true,"href":"https:\/\/arantv.az\/index.php?rest_route=%2Fwp%2Fv2%2Fcategories&post=102888"},{"taxonomy":"post_tag","embeddable":true,"href":"https:\/\/arantv.az\/index.php?rest_route=%2Fwp%2Fv2%2Ftags&post=102888"}],"curies":[{"name":"wp","href":"https:\/\/api.w.org\/{rel}","templated":true}]}}