{"id":102969,"date":"2019-12-02T15:01:27","date_gmt":"2019-12-02T12:01:27","guid":{"rendered":"http:\/\/arantv.az\/?p=102969"},"modified":"2019-12-02T15:01:27","modified_gmt":"2019-12-02T12:01:27","slug":"turkiy%c9%99-yeni-x%c9%99rit%c9%99sini-yayimladi-foto","status":"publish","type":"post","link":"https:\/\/arantv.az\/?p=102969","title":{"rendered":"T\u00fcrkiy\u0259 yeni x\u0259rit\u0259sini yay\u0131mlad\u0131 &#8211; FOTO"},"content":{"rendered":"<p>T\u00fcrkiy\u0259 Prezidenti R\u0259c\u0259b Tayyib \u018frdo\u011fan il\u0259 Liviya\u00a0Milli h\u00f6kum\u0259tinin Prezidenti Fayez \u0259l-Sarac\u00a0 aras\u0131nda \u201cD\u0259niz s\u0259lahiyy\u0259t sah\u0259l\u0259rinin m\u0259hdud edilm\u0259sin\u0259 dair anla\u015fma memorandumu\u201dnun imzalanmas\u0131ndan bir ne\u00e7\u0259 g\u00fcn sonra yeni s\u0259rh\u0259dl\u0259rin x\u0259rit\u0259si yay\u0131mlan\u0131b.<\/p>\n<p>Bu bar\u0259d\u0259 \u201cHaber7\u201d\u00a0m\u0259lumat yay\u0131b.<\/p>\n<p>Bildirilir ki, Xarici \u0130\u015fl\u0259r Nazirliyinin \u0130kili Siyasi m\u0259s\u0259l\u0259l\u0259r v\u0259 D\u0259niz\u00e7ilik Aviasiya S\u0259rh\u0259d ba\u015f direktorun k\u00f6m\u0259k\u00e7isi s\u0259fir \u00c7a\u011fatay Erciyes T\u00fcrkiy\u0259nin \u015e\u0259rqi Aral\u0131q d\u0259nizind\u0259 qit\u0259 \u015felfini v\u0259 iqtisadi zonas\u0131n\u0131 g\u00f6st\u0259r\u0259n x\u0259rit\u0259ni sosial mediada payla\u015f\u0131b.<\/p>\n<div id=\"AdviadNativeVideo0\" class=\"AdviadNativeVideo\"><\/div>\n<p>Xat\u0131rladaq ki, bir ne\u00e7\u0259 g\u00fcn \u00f6nc\u0259 T\u00fcrkiy\u0259nin \u0130stanbul \u015f\u0259h\u0259rind\u0259 Dolmabax\u00e7a ofisind\u0259 ba\u015f tutan g\u00f6r\u00fc\u015fd\u0259 iki \u0259h\u0259miyy\u0259tli raz\u0131la\u015fma imzalan\u0131b. Bunlardan biri iki \u00f6lk\u0259 aras\u0131nda d\u0259niz hakimiyy\u0259ti sah\u0259l\u0259rinin m\u0259hdudla\u015fd\u0131r\u0131lmas\u0131na dair raz\u0131la\u015fma Memorandumu v\u0259 ikincisi is\u0259 t\u0259hl\u00fck\u0259sizlik v\u0259 h\u0259rbi sah\u0259d\u0259 \u0259m\u0259kda\u015fl\u0131q edilm\u0259sini n\u0259z\u0259rd\u0259 tutan raz\u0131la\u015fma olub.<\/p>\n<p>\u015e\u0259rqi Aral\u0131q d\u0259nizi il\u0259 \u0259laq\u0259li raz\u0131la\u015fmaya g\u00f6r\u0259, iki \u00f6lk\u0259 d\u0259niz sah\u0259sind\u0259 bir-biril\u0259rinin iqtisadi zonalar\u0131n\u0131 tan\u0131yacaqlar.<\/p>\n<p>T\u0259hl\u00fck\u0259sizlik v\u0259 h\u0259rbi \u0259m\u0259kda\u015fl\u0131q raz\u0131la\u015fmas\u0131 \u00e7\u0259r\u00e7iv\u0259sind\u0259 Liviya t\u0259hl\u00fck\u0259sizlik q\u00fcvv\u0259l\u0259rinin t\u0259limin\u0259 d\u0259st\u0259k veril\u0259c\u0259k.<\/p>\n<div class=\"gallery\">\n<div class=\"gallery-i\"><img src=\"https:\/\/assets.oxu.az\/uploads\/W1siZiIsIjIwMTkvMTIvMDIvMTUvMjUvMzUvZjgyYjNiMGQtNmI4My00ZDM0LWI3YzUtOGQ5ZWVjMzFkNDZlL1FpNlo5XzE1NzUyODMwODJfNTQ1NC5qcGciXSxbInAiLCJlbmNvZGUiLCJqcGciLCItcXVhbGl0eSA4MCJdLFsicCIsInRodW1iIiwiNTkweDU5MFx1MDAzZSJdXQ?sha=93397d0d245bd408\" alt=\"\" \/><\/div>\n<\/div>\n","protected":false},"excerpt":{"rendered":"<p>T\u00fcrkiy\u0259 Prezidenti R\u0259c\u0259b Tayyib \u018frdo\u011fan il\u0259 Liviya\u00a0Milli h\u00f6kum\u0259tinin Prezidenti Fayez \u0259l-Sarac\u00a0 aras\u0131nda \u201cD\u0259niz s\u0259lahiyy\u0259t sah\u0259l\u0259rinin m\u0259hdud edilm\u0259sin\u0259 dair anla\u015fma memorandumu\u201dnun imzalanmas\u0131ndan bir ne\u00e7\u0259 g\u00fcn sonra yeni s\u0259rh\u0259dl\u0259rin x\u0259rit\u0259si yay\u0131mlan\u0131b. Bu bar\u0259d\u0259 \u201cHaber7\u201d\u00a0m\u0259lumat yay\u0131b. Bildirilir ki, Xarici \u0130\u015fl\u0259r Nazirliyinin \u0130kili Siyasi m\u0259s\u0259l\u0259l\u0259r v\u0259 D\u0259niz\u00e7ilik Aviasiya S\u0259rh\u0259d ba\u015f direktorun k\u00f6m\u0259k\u00e7isi s\u0259fir \u00c7a\u011fatay Erciyes T\u00fcrkiy\u0259nin \u015e\u0259rqi Aral\u0131q d\u0259nizind\u0259 qit\u0259 \u015felfini v\u0259 iqtisadi zonas\u0131n\u0131 g\u00f6st\u0259r\u0259n x\u0259rit\u0259ni sosial mediada payla\u015f\u0131b. Xat\u0131rladaq ki, bir ne\u00e7\u0259 g\u00fcn \u00f6nc\u0259 T\u00fcrkiy\u0259nin \u0130stanbul \u015f\u0259h\u0259rind\u0259 Dolmabax\u00e7a ofisind\u0259 ba\u015f tutan g\u00f6r\u00fc\u015fd\u0259 iki \u0259h\u0259miyy\u0259tli raz\u0131la\u015fma imzalan\u0131b. Bunlardan biri iki \u00f6lk\u0259 aras\u0131nda d\u0259niz hakimiyy\u0259ti&hellip;<\/p>\n","protected":false},"author":2,"featured_media":102970,"comment_status":"closed","ping_status":"closed","sticky":false,"template":"","format":"standard","meta":{"om_disable_all_campaigns":false,"_monsterinsights_skip_tracking":false,"_monsterinsights_sitenote_active":false,"_monsterinsights_sitenote_note":"","_monsterinsights_sitenote_category":0},"categories":[7],"tags":[],"aioseo_notices":[],"gutentor_comment":0,"rttpg_featured_image_url":{"full":["https:\/\/arantv.az\/wp-content\/uploads\/2019\/12\/5cfe0c8f7af5072a88357df0.jpg",620,401,false],"landscape":["https:\/\/arantv.az\/wp-content\/uploads\/2019\/12\/5cfe0c8f7af5072a88357df0.jpg",620,401,false],"portraits":["https:\/\/arantv.az\/wp-content\/uploads\/2019\/12\/5cfe0c8f7af5072a88357df0.jpg",620,401,false],"thumbnail":["https:\/\/arantv.az\/wp-content\/uploads\/2019\/12\/5cfe0c8f7af5072a88357df0-150x150.jpg",150,150,true],"medium":["https:\/\/arantv.az\/wp-content\/uploads\/2019\/12\/5cfe0c8f7af5072a88357df0-300x194.jpg",300,194,true],"large":["https:\/\/arantv.az\/wp-content\/uploads\/2019\/12\/5cfe0c8f7af5072a88357df0.jpg",620,401,false],"1536x1536":["https:\/\/arantv.az\/wp-content\/uploads\/2019\/12\/5cfe0c8f7af5072a88357df0.jpg",620,401,false],"2048x2048":["https:\/\/arantv.az\/wp-content\/uploads\/2019\/12\/5cfe0c8f7af5072a88357df0.jpg",620,401,false],"post-thumbnail":["https:\/\/arantv.az\/wp-content\/uploads\/2019\/12\/5cfe0c8f7af5072a88357df0-240x172.jpg",240,172,true],"advps-thumb-one":["https:\/\/arantv.az\/wp-content\/uploads\/2019\/12\/5cfe0c8f7af5072a88357df0.jpg",620,401,false]},"rttpg_author":{"display_name":"V\u00fcsal Rafiqo\u011flu","author_link":"https:\/\/arantv.az\/?author=2"},"rttpg_comment":0,"rttpg_category":"<a href=\"https:\/\/arantv.az\/?cat=7\" rel=\"category\">D\u00fcnya<\/a>","rttpg_excerpt":"T\u00fcrkiy\u0259 Prezidenti R\u0259c\u0259b Tayyib \u018frdo\u011fan il\u0259 Liviya\u00a0Milli h\u00f6kum\u0259tinin Prezidenti Fayez \u0259l-Sarac\u00a0 aras\u0131nda \u201cD\u0259niz s\u0259lahiyy\u0259t sah\u0259l\u0259rinin m\u0259hdud edilm\u0259sin\u0259 dair anla\u015fma memorandumu\u201dnun imzalanmas\u0131ndan bir ne\u00e7\u0259 g\u00fcn sonra yeni s\u0259rh\u0259dl\u0259rin x\u0259rit\u0259si yay\u0131mlan\u0131b. Bu bar\u0259d\u0259 \u201cHaber7\u201d\u00a0m\u0259lumat yay\u0131b. Bildirilir ki, Xarici \u0130\u015fl\u0259r Nazirliyinin \u0130kili Siyasi m\u0259s\u0259l\u0259l\u0259r v\u0259 D\u0259niz\u00e7ilik Aviasiya S\u0259rh\u0259d ba\u015f direktorun k\u00f6m\u0259k\u00e7isi s\u0259fir \u00c7a\u011fatay Erciyes T\u00fcrkiy\u0259nin \u015e\u0259rqi Aral\u0131q d\u0259nizind\u0259&hellip;","_links":{"self":[{"href":"https:\/\/arantv.az\/index.php?rest_route=\/wp\/v2\/posts\/102969"}],"collection":[{"href":"https:\/\/arantv.az\/index.php?rest_route=\/wp\/v2\/posts"}],"about":[{"href":"https:\/\/arantv.az\/index.php?rest_route=\/wp\/v2\/types\/post"}],"author":[{"embeddable":true,"href":"https:\/\/arantv.az\/index.php?rest_route=\/wp\/v2\/users\/2"}],"replies":[{"embeddable":true,"href":"https:\/\/arantv.az\/index.php?rest_route=%2Fwp%2Fv2%2Fcomments&post=102969"}],"version-history":[{"count":0,"href":"https:\/\/arantv.az\/index.php?rest_route=\/wp\/v2\/posts\/102969\/revisions"}],"wp:featuredmedia":[{"embeddable":true,"href":"https:\/\/arantv.az\/index.php?rest_route=\/wp\/v2\/media\/102970"}],"wp:attachment":[{"href":"https:\/\/arantv.az\/index.php?rest_route=%2Fwp%2Fv2%2Fmedia&parent=102969"}],"wp:term":[{"taxonomy":"category","embeddable":true,"href":"https:\/\/arantv.az\/index.php?rest_route=%2Fwp%2Fv2%2Fcategories&post=102969"},{"taxonomy":"post_tag","embeddable":true,"href":"https:\/\/arantv.az\/index.php?rest_route=%2Fwp%2Fv2%2Ftags&post=102969"}],"curies":[{"name":"wp","href":"https:\/\/api.w.org\/{rel}","templated":true}]}}