{"id":102973,"date":"2019-12-02T15:03:36","date_gmt":"2019-12-02T12:03:36","guid":{"rendered":"http:\/\/arantv.az\/?p=102973"},"modified":"2019-12-02T15:03:36","modified_gmt":"2019-12-02T12:03:36","slug":"prezident-bu-nazirliy%c9%99-20-milyon-manat-ayirdi","status":"publish","type":"post","link":"https:\/\/arantv.az\/?p=102973","title":{"rendered":"Prezident bu nazirliy\u0259 20 milyon manat ay\u0131rd\u0131"},"content":{"rendered":"<p>Prezident \u0130lham \u018fliyev \u0259halinin sosial m\u00fcdafi\u0259sinin yax\u015f\u0131la\u015fd\u0131r\u0131lmas\u0131na dair \u0259lav\u0259 t\u0259dbirl\u0259r haqq\u0131nda s\u0259r\u0259ncam\u00a0<a href=\"https:\/\/azertag.az\/xeber\/Ahalinin_sosial_mudafiesinin_yaxsilasdirilmasina_dair_elave_tedbirler_haqqinda__Azerbaycan_Respublikasi_Prezidentinin_Serencami-1362222\" target=\"_blank\" rel=\"noopener\">imzalay\u0131b<\/a>.<\/p>\n<p>S\u0259r\u0259ncama \u0259sas\u0259n, bir s\u0131ra sosial t\u0259yinatl\u0131 obyektl\u0259rin layih\u0259l\u0259ndirilm\u0259si, tikintisi, \u0259sasl\u0131 t\u0259miri, b\u0259rpa yolu il\u0259 g\u00fccl\u0259ndirilm\u0259si v\u0259 avadanl\u0131qla t\u0259chizat\u0131 m\u0259qs\u0259dil\u0259 Az\u0259rbaycan Respublikas\u0131 Prezidentinin 2019-cu il 15 yanvar tarixli 890 n\u00f6mr\u0259li S\u0259r\u0259ncam\u0131 il\u0259 t\u0259sdiq edilmi\u015f \u201cAz\u0259rbaycan Respublikas\u0131n\u0131n 2019-cu il d\u00f6vl\u0259t b\u00fcdc\u0259sind\u0259 dig\u0259r layih\u0259l\u0259r \u00fczr\u0259 d\u00f6vl\u0259t \u0259sasl\u0131 v\u0259sait qoyulu\u015fu (investisiya x\u0259rcl\u0259ri) \u00fc\u00e7\u00fcn n\u0259z\u0259rd\u0259 tutulan v\u0259saitin b\u00f6lg\u00fcs\u00fc\u201dn\u00fcn 1.18.4-c\u00fc yar\u0131mb\u0259ndind\u0259 g\u00f6st\u0259ril\u0259n v\u0259saitin 20 019 100 (iyirmi milyon on doqquz min y\u00fcz) manat\u0131 Az\u0259rbaycan Respublikas\u0131n\u0131n \u018fm\u0259k v\u0259 \u018fhalinin Sosial M\u00fcdafi\u0259si Nazirliyin\u0259 ayr\u0131l\u0131b.<\/p>\n<p>Maliyy\u0259 Nazirliyi m\u00fcvafiq m\u0259bl\u0259\u011fd\u0259 maliyy\u0259l\u0259\u015fm\u0259ni t\u0259min etm\u0259lidir.<\/p>\n","protected":false},"excerpt":{"rendered":"<p>Prezident \u0130lham \u018fliyev \u0259halinin sosial m\u00fcdafi\u0259sinin yax\u015f\u0131la\u015fd\u0131r\u0131lmas\u0131na dair \u0259lav\u0259 t\u0259dbirl\u0259r haqq\u0131nda s\u0259r\u0259ncam\u00a0imzalay\u0131b. S\u0259r\u0259ncama \u0259sas\u0259n, bir s\u0131ra sosial t\u0259yinatl\u0131 obyektl\u0259rin layih\u0259l\u0259ndirilm\u0259si, tikintisi, \u0259sasl\u0131 t\u0259miri, b\u0259rpa yolu il\u0259 g\u00fccl\u0259ndirilm\u0259si v\u0259 avadanl\u0131qla t\u0259chizat\u0131 m\u0259qs\u0259dil\u0259 Az\u0259rbaycan Respublikas\u0131 Prezidentinin 2019-cu il 15 yanvar tarixli 890 n\u00f6mr\u0259li S\u0259r\u0259ncam\u0131 il\u0259 t\u0259sdiq edilmi\u015f \u201cAz\u0259rbaycan Respublikas\u0131n\u0131n 2019-cu il d\u00f6vl\u0259t b\u00fcdc\u0259sind\u0259 dig\u0259r layih\u0259l\u0259r \u00fczr\u0259 d\u00f6vl\u0259t \u0259sasl\u0131 v\u0259sait qoyulu\u015fu (investisiya x\u0259rcl\u0259ri) \u00fc\u00e7\u00fcn n\u0259z\u0259rd\u0259 tutulan v\u0259saitin b\u00f6lg\u00fcs\u00fc\u201dn\u00fcn 1.18.4-c\u00fc yar\u0131mb\u0259ndind\u0259 g\u00f6st\u0259ril\u0259n v\u0259saitin 20 019 100 (iyirmi milyon on doqquz min y\u00fcz) manat\u0131 Az\u0259rbaycan Respublikas\u0131n\u0131n \u018fm\u0259k v\u0259 \u018fhalinin Sosial M\u00fcdafi\u0259si Nazirliyin\u0259 ayr\u0131l\u0131b. Maliyy\u0259 Nazirliyi&hellip;<\/p>\n","protected":false},"author":2,"featured_media":102974,"comment_status":"closed","ping_status":"closed","sticky":false,"template":"","format":"standard","meta":{"om_disable_all_campaigns":false,"_monsterinsights_skip_tracking":false,"_monsterinsights_sitenote_active":false,"_monsterinsights_sitenote_note":"","_monsterinsights_sitenote_category":0},"categories":[4],"tags":[],"aioseo_notices":[],"gutentor_comment":0,"rttpg_featured_image_url":{"full":["https:\/\/arantv.az\/wp-content\/uploads\/2019\/12\/63749_x3fk8wg736.jpg",620,423,false],"landscape":["https:\/\/arantv.az\/wp-content\/uploads\/2019\/12\/63749_x3fk8wg736.jpg",620,423,false],"portraits":["https:\/\/arantv.az\/wp-content\/uploads\/2019\/12\/63749_x3fk8wg736.jpg",620,423,false],"thumbnail":["https:\/\/arantv.az\/wp-content\/uploads\/2019\/12\/63749_x3fk8wg736-150x150.jpg",150,150,true],"medium":["https:\/\/arantv.az\/wp-content\/uploads\/2019\/12\/63749_x3fk8wg736-300x205.jpg",300,205,true],"large":["https:\/\/arantv.az\/wp-content\/uploads\/2019\/12\/63749_x3fk8wg736.jpg",620,423,false],"1536x1536":["https:\/\/arantv.az\/wp-content\/uploads\/2019\/12\/63749_x3fk8wg736.jpg",620,423,false],"2048x2048":["https:\/\/arantv.az\/wp-content\/uploads\/2019\/12\/63749_x3fk8wg736.jpg",620,423,false],"post-thumbnail":["https:\/\/arantv.az\/wp-content\/uploads\/2019\/12\/63749_x3fk8wg736-240x172.jpg",240,172,true],"advps-thumb-one":["https:\/\/arantv.az\/wp-content\/uploads\/2019\/12\/63749_x3fk8wg736.jpg",620,423,false]},"rttpg_author":{"display_name":"V\u00fcsal Rafiqo\u011flu","author_link":"https:\/\/arantv.az\/?author=2"},"rttpg_comment":0,"rttpg_category":"<a href=\"https:\/\/arantv.az\/?cat=4\" rel=\"category\">Siyas\u0259t<\/a>","rttpg_excerpt":"Prezident \u0130lham \u018fliyev \u0259halinin sosial m\u00fcdafi\u0259sinin yax\u015f\u0131la\u015fd\u0131r\u0131lmas\u0131na dair \u0259lav\u0259 t\u0259dbirl\u0259r haqq\u0131nda s\u0259r\u0259ncam\u00a0imzalay\u0131b. S\u0259r\u0259ncama \u0259sas\u0259n, bir s\u0131ra sosial t\u0259yinatl\u0131 obyektl\u0259rin layih\u0259l\u0259ndirilm\u0259si, tikintisi, \u0259sasl\u0131 t\u0259miri, b\u0259rpa yolu il\u0259 g\u00fccl\u0259ndirilm\u0259si v\u0259 avadanl\u0131qla t\u0259chizat\u0131 m\u0259qs\u0259dil\u0259 Az\u0259rbaycan Respublikas\u0131 Prezidentinin 2019-cu il 15 yanvar tarixli 890 n\u00f6mr\u0259li S\u0259r\u0259ncam\u0131 il\u0259 t\u0259sdiq edilmi\u015f \u201cAz\u0259rbaycan Respublikas\u0131n\u0131n 2019-cu il d\u00f6vl\u0259t b\u00fcdc\u0259sind\u0259 dig\u0259r layih\u0259l\u0259r \u00fczr\u0259 d\u00f6vl\u0259t&hellip;","_links":{"self":[{"href":"https:\/\/arantv.az\/index.php?rest_route=\/wp\/v2\/posts\/102973"}],"collection":[{"href":"https:\/\/arantv.az\/index.php?rest_route=\/wp\/v2\/posts"}],"about":[{"href":"https:\/\/arantv.az\/index.php?rest_route=\/wp\/v2\/types\/post"}],"author":[{"embeddable":true,"href":"https:\/\/arantv.az\/index.php?rest_route=\/wp\/v2\/users\/2"}],"replies":[{"embeddable":true,"href":"https:\/\/arantv.az\/index.php?rest_route=%2Fwp%2Fv2%2Fcomments&post=102973"}],"version-history":[{"count":0,"href":"https:\/\/arantv.az\/index.php?rest_route=\/wp\/v2\/posts\/102973\/revisions"}],"wp:featuredmedia":[{"embeddable":true,"href":"https:\/\/arantv.az\/index.php?rest_route=\/wp\/v2\/media\/102974"}],"wp:attachment":[{"href":"https:\/\/arantv.az\/index.php?rest_route=%2Fwp%2Fv2%2Fmedia&parent=102973"}],"wp:term":[{"taxonomy":"category","embeddable":true,"href":"https:\/\/arantv.az\/index.php?rest_route=%2Fwp%2Fv2%2Fcategories&post=102973"},{"taxonomy":"post_tag","embeddable":true,"href":"https:\/\/arantv.az\/index.php?rest_route=%2Fwp%2Fv2%2Ftags&post=102973"}],"curies":[{"name":"wp","href":"https:\/\/api.w.org\/{rel}","templated":true}]}}