{"id":102981,"date":"2019-12-02T15:06:12","date_gmt":"2019-12-02T12:06:12","guid":{"rendered":"http:\/\/arantv.az\/?p=102981"},"modified":"2019-12-02T15:06:12","modified_gmt":"2019-12-02T12:06:12","slug":"r%c9%99smi-bakidan-pasinyanin-qarabaga-qanunsuz-s%c9%99f%c9%99rin%c9%99-reaksiya","status":"publish","type":"post","link":"https:\/\/arantv.az\/?p=102981","title":{"rendered":"R\u0259smi Bak\u0131dan Pa\u015finyan\u0131n Qaraba\u011fa qanunsuz s\u0259f\u0259rin\u0259 &#8211; REAKS\u0130YA"},"content":{"rendered":"<p>Az\u0259rbaycan Xarici \u0130\u015fl\u0259r Nazirliyi Erm\u0259nistan\u0131n (X\u0130N) Ba\u015f naziri Nikol Pa\u015finyan\u0131n i\u015f\u011fal olunmu\u015f Da\u011fl\u0131q Qaraba\u011f b\u00f6lg\u0259sin\u0259 getm\u0259sin\u0259 m\u00fcnasib\u0259t bildirib.<\/p>\n<p><b>ARANTV.AZ<\/b>-\u0131n x\u0259b\u0259rin\u0259 g\u00f6r\u0259, X\u0130N-in m\u0259tbuat katibi Leyla Abdullayeva deyib ki, N.Pa\u015finyan\u0131n qanunsuz rejimin qondarma n\u00fcmay\u0259nd\u0259l\u0259ri il\u0259 g\u00f6r\u00fc\u015fm\u0259si, t\u0259mas x\u0259ttind\u0259 i\u015f\u011fal\u00e7\u0131 Erm\u0259nistan q\u00fcvv\u0259l\u0259rin\u0259 ba\u015f \u00e7\u0259km\u0259si, torpaqlar\u0131m\u0131z\u0131n h\u0259rbi i\u015f\u011fal\u0131na m\u0259hz Em\u0259nistan\u0131n m\u0259suliyy\u0259t da\u015f\u0131d\u0131\u011f\u0131n\u0131n v\u0259 i\u015f\u011fal olunmu\u015f \u0259razil\u0259rimizd\u0259 n\u0259zar\u0259ti Erm\u0259nistan\u0131n h\u0259yata ke\u00e7irdiyinin n\u00f6vb\u0259ti d\u0259f\u0259 bariz g\u00f6st\u0259ricisidir.<\/p>\n<p>L.Abdullayeva qeyd edib ki, bir m\u00fcdd\u0259t \u00f6nc\u0259 N.Pa\u015finyan Erm\u0259nistan\u0131n guya ki, Da\u011fl\u0131q Qaraba\u011f yerin\u0259 q\u0259rar q\u0259bul ed\u0259 bilm\u0259y\u0259c\u0259yini iddia edirdi.<\/p>\n<p>O bildirib ki, indi is\u0259 Ba\u015f nazir Pa\u015finyan, atd\u0131\u011f\u0131 bu add\u0131mlar\u0131 il\u0259 m\u00fcnaqi\u015f\u0259nin h\u0259lli \u00fczr\u0259 apar\u0131lan dan\u0131\u015f\u0131qlar\u0131n birba\u015fa i\u015ftirak\u00e7\u0131s\u0131n\u0131n el\u0259 Erm\u0259nistan oldu\u011funu t\u0259sdiql\u0259di.<\/p>\n<p>\u201cO\u011flu Az\u0259rbaycan\u0131n i\u015f\u011fal olunmu\u015f Da\u011fl\u0131q Qaraba\u011f b\u00f6lg\u0259sind\u0259 h\u0259rbi xidm\u0259t ke\u00e7\u0259n, i\u015f\u011fal alt\u0131ndak\u0131 \u0259razil\u0259rimizd\u0259 Erm\u0259nistan silahl\u0131 q\u00fcvv\u0259l\u0259rin\u0259 ba\u015f \u00e7\u0259kib m\u00f6vcud v\u0259ziyy\u0259tl\u0259 tan\u0131\u015f olan, qondarma rejimin n\u00fcmay\u0259nd\u0259l\u0259ri il\u0259 g\u00f6r\u00fc\u015fl\u0259r ke\u00e7irib planlar quran Nikol Pa\u015finyan b\u0259han\u0259l\u0259ri bir k\u0259nara qoymal\u0131d\u0131r. Dan\u0131\u015f\u0131qlar masas\u0131nda birba\u015fa i\u015ftirak\u00e7\u0131 kimi q\u0259rar q\u0259bulunda i\u015ftirak em\u0259lidir\u201d, &#8211; dey\u0259 X\u0130N r\u0259smisi \u0259lav\u0259 edib.Oxu.Az<\/p>\n","protected":false},"excerpt":{"rendered":"<p>Az\u0259rbaycan Xarici \u0130\u015fl\u0259r Nazirliyi Erm\u0259nistan\u0131n (X\u0130N) Ba\u015f naziri Nikol Pa\u015finyan\u0131n i\u015f\u011fal olunmu\u015f Da\u011fl\u0131q Qaraba\u011f b\u00f6lg\u0259sin\u0259 getm\u0259sin\u0259 m\u00fcnasib\u0259t bildirib. ARANTV.AZ-\u0131n x\u0259b\u0259rin\u0259 g\u00f6r\u0259, X\u0130N-in m\u0259tbuat katibi Leyla Abdullayeva deyib ki, N.Pa\u015finyan\u0131n qanunsuz rejimin qondarma n\u00fcmay\u0259nd\u0259l\u0259ri il\u0259 g\u00f6r\u00fc\u015fm\u0259si, t\u0259mas x\u0259ttind\u0259 i\u015f\u011fal\u00e7\u0131 Erm\u0259nistan q\u00fcvv\u0259l\u0259rin\u0259 ba\u015f \u00e7\u0259km\u0259si, torpaqlar\u0131m\u0131z\u0131n h\u0259rbi i\u015f\u011fal\u0131na m\u0259hz Em\u0259nistan\u0131n m\u0259suliyy\u0259t da\u015f\u0131d\u0131\u011f\u0131n\u0131n v\u0259 i\u015f\u011fal olunmu\u015f \u0259razil\u0259rimizd\u0259 n\u0259zar\u0259ti Erm\u0259nistan\u0131n h\u0259yata ke\u00e7irdiyinin n\u00f6vb\u0259ti d\u0259f\u0259 bariz g\u00f6st\u0259ricisidir. L.Abdullayeva qeyd edib ki, bir m\u00fcdd\u0259t \u00f6nc\u0259 N.Pa\u015finyan Erm\u0259nistan\u0131n guya ki, Da\u011fl\u0131q Qaraba\u011f yerin\u0259 q\u0259rar q\u0259bul ed\u0259 bilm\u0259y\u0259c\u0259yini iddia edirdi. O bildirib ki, indi is\u0259 Ba\u015f nazir Pa\u015finyan, atd\u0131\u011f\u0131&hellip;<\/p>\n","protected":false},"author":2,"featured_media":102982,"comment_status":"closed","ping_status":"closed","sticky":false,"template":"","format":"standard","meta":{"om_disable_all_campaigns":false,"_monsterinsights_skip_tracking":false,"_monsterinsights_sitenote_active":false,"_monsterinsights_sitenote_note":"","_monsterinsights_sitenote_category":0},"categories":[4],"tags":[],"aioseo_notices":[],"gutentor_comment":0,"rttpg_featured_image_url":{"full":["https:\/\/arantv.az\/wp-content\/uploads\/2019\/12\/ROM6228.jpg",620,413,false],"landscape":["https:\/\/arantv.az\/wp-content\/uploads\/2019\/12\/ROM6228.jpg",620,413,false],"portraits":["https:\/\/arantv.az\/wp-content\/uploads\/2019\/12\/ROM6228.jpg",620,413,false],"thumbnail":["https:\/\/arantv.az\/wp-content\/uploads\/2019\/12\/ROM6228-150x150.jpg",150,150,true],"medium":["https:\/\/arantv.az\/wp-content\/uploads\/2019\/12\/ROM6228-300x200.jpg",300,200,true],"large":["https:\/\/arantv.az\/wp-content\/uploads\/2019\/12\/ROM6228.jpg",620,413,false],"1536x1536":["https:\/\/arantv.az\/wp-content\/uploads\/2019\/12\/ROM6228.jpg",620,413,false],"2048x2048":["https:\/\/arantv.az\/wp-content\/uploads\/2019\/12\/ROM6228.jpg",620,413,false],"post-thumbnail":["https:\/\/arantv.az\/wp-content\/uploads\/2019\/12\/ROM6228-240x172.jpg",240,172,true],"advps-thumb-one":["https:\/\/arantv.az\/wp-content\/uploads\/2019\/12\/ROM6228.jpg",620,413,false]},"rttpg_author":{"display_name":"V\u00fcsal Rafiqo\u011flu","author_link":"https:\/\/arantv.az\/?author=2"},"rttpg_comment":0,"rttpg_category":"<a href=\"https:\/\/arantv.az\/?cat=4\" rel=\"category\">Siyas\u0259t<\/a>","rttpg_excerpt":"Az\u0259rbaycan Xarici \u0130\u015fl\u0259r Nazirliyi Erm\u0259nistan\u0131n (X\u0130N) Ba\u015f naziri Nikol Pa\u015finyan\u0131n i\u015f\u011fal olunmu\u015f Da\u011fl\u0131q Qaraba\u011f b\u00f6lg\u0259sin\u0259 getm\u0259sin\u0259 m\u00fcnasib\u0259t bildirib. ARANTV.AZ-\u0131n x\u0259b\u0259rin\u0259 g\u00f6r\u0259, X\u0130N-in m\u0259tbuat katibi Leyla Abdullayeva deyib ki, N.Pa\u015finyan\u0131n qanunsuz rejimin qondarma n\u00fcmay\u0259nd\u0259l\u0259ri il\u0259 g\u00f6r\u00fc\u015fm\u0259si, t\u0259mas x\u0259ttind\u0259 i\u015f\u011fal\u00e7\u0131 Erm\u0259nistan q\u00fcvv\u0259l\u0259rin\u0259 ba\u015f \u00e7\u0259km\u0259si, torpaqlar\u0131m\u0131z\u0131n h\u0259rbi i\u015f\u011fal\u0131na m\u0259hz Em\u0259nistan\u0131n m\u0259suliyy\u0259t da\u015f\u0131d\u0131\u011f\u0131n\u0131n v\u0259 i\u015f\u011fal olunmu\u015f \u0259razil\u0259rimizd\u0259 n\u0259zar\u0259ti Erm\u0259nistan\u0131n&hellip;","_links":{"self":[{"href":"https:\/\/arantv.az\/index.php?rest_route=\/wp\/v2\/posts\/102981"}],"collection":[{"href":"https:\/\/arantv.az\/index.php?rest_route=\/wp\/v2\/posts"}],"about":[{"href":"https:\/\/arantv.az\/index.php?rest_route=\/wp\/v2\/types\/post"}],"author":[{"embeddable":true,"href":"https:\/\/arantv.az\/index.php?rest_route=\/wp\/v2\/users\/2"}],"replies":[{"embeddable":true,"href":"https:\/\/arantv.az\/index.php?rest_route=%2Fwp%2Fv2%2Fcomments&post=102981"}],"version-history":[{"count":0,"href":"https:\/\/arantv.az\/index.php?rest_route=\/wp\/v2\/posts\/102981\/revisions"}],"wp:featuredmedia":[{"embeddable":true,"href":"https:\/\/arantv.az\/index.php?rest_route=\/wp\/v2\/media\/102982"}],"wp:attachment":[{"href":"https:\/\/arantv.az\/index.php?rest_route=%2Fwp%2Fv2%2Fmedia&parent=102981"}],"wp:term":[{"taxonomy":"category","embeddable":true,"href":"https:\/\/arantv.az\/index.php?rest_route=%2Fwp%2Fv2%2Fcategories&post=102981"},{"taxonomy":"post_tag","embeddable":true,"href":"https:\/\/arantv.az\/index.php?rest_route=%2Fwp%2Fv2%2Ftags&post=102981"}],"curies":[{"name":"wp","href":"https:\/\/api.w.org\/{rel}","templated":true}]}}