{"id":102989,"date":"2019-12-02T15:09:28","date_gmt":"2019-12-02T12:09:28","guid":{"rendered":"http:\/\/arantv.az\/?p=102989"},"modified":"2019-12-02T15:09:28","modified_gmt":"2019-12-02T12:09:28","slug":"gunduz-k%c9%99rimov-prezident-administrasiyasinin-qanunvericilik-v%c9%99-huquq-siyas%c9%99ti-sob%c9%99sinin-mudiri-t%c9%99yin-edilib-s%c9%99r%c9%99ncam","status":"publish","type":"post","link":"https:\/\/arantv.az\/?p=102989","title":{"rendered":"G\u00fcnd\u00fcz K\u0259rimov Prezident Administrasiyas\u0131n\u0131n Qanunvericilik v\u0259 h\u00fcquq siyas\u0259ti \u015f\u00f6b\u0259sinin m\u00fcdiri t\u0259yin edilib &#8211; S\u018fR\u018fNCAM"},"content":{"rendered":"<p>Prezident \u0130lham \u018fliyev G\u00fcnd\u00fcz K\u0259rimovun Az\u0259rbaycan Respublikas\u0131 Prezidentinin Administrasiyas\u0131n\u0131n Qanunvericilik v\u0259 h\u00fcquq siyas\u0259ti \u015f\u00f6b\u0259sinin m\u00fcdiri t\u0259yin edilm\u0259si haqq\u0131nda S\u0259r\u0259ncam imzalay\u0131b.<\/p>\n<p><strong>ARANTV.AZ\u00a0<\/strong>\u00a0<a href=\"http:\/\/azertag.az\/\" target=\"_blank\" rel=\"noopener\">AZ\u018fRTAC<\/a>-a istinad\u0259n bildirir ki, S\u0259r\u0259ncamda deyilir:<\/p>\n<p>&#8220;Az\u0259rbaycan Respublikas\u0131 Konstitusiyas\u0131n\u0131n 109-cu madd\u0259sinin 32-ci b\u0259ndini r\u0259hb\u0259r tutaraq\u00a0q\u0259rara al\u0131ram:<\/p>\n<p>G\u00fcnd\u00fcz Hac\u0131 o\u011flu K\u0259rimov Az\u0259rbaycan Respublikas\u0131 Prezidentinin Administrasiyas\u0131n\u0131n Qanunvericilik v\u0259 h\u00fcquq siyas\u0259ti \u015f\u00f6b\u0259sinin m\u00fcdiri t\u0259yin edilsin&#8221;.<\/p>\n","protected":false},"excerpt":{"rendered":"<p>Prezident \u0130lham \u018fliyev G\u00fcnd\u00fcz K\u0259rimovun Az\u0259rbaycan Respublikas\u0131 Prezidentinin Administrasiyas\u0131n\u0131n Qanunvericilik v\u0259 h\u00fcquq siyas\u0259ti \u015f\u00f6b\u0259sinin m\u00fcdiri t\u0259yin edilm\u0259si haqq\u0131nda S\u0259r\u0259ncam imzalay\u0131b. ARANTV.AZ\u00a0\u00a0AZ\u018fRTAC-a istinad\u0259n bildirir ki, S\u0259r\u0259ncamda deyilir: &#8220;Az\u0259rbaycan Respublikas\u0131 Konstitusiyas\u0131n\u0131n 109-cu madd\u0259sinin 32-ci b\u0259ndini r\u0259hb\u0259r tutaraq\u00a0q\u0259rara al\u0131ram: G\u00fcnd\u00fcz Hac\u0131 o\u011flu K\u0259rimov Az\u0259rbaycan Respublikas\u0131 Prezidentinin Administrasiyas\u0131n\u0131n Qanunvericilik v\u0259 h\u00fcquq siyas\u0259ti \u015f\u00f6b\u0259sinin m\u00fcdiri t\u0259yin edilsin&#8221;.<\/p>\n","protected":false},"author":2,"featured_media":102990,"comment_status":"closed","ping_status":"closed","sticky":false,"template":"","format":"standard","meta":{"om_disable_all_campaigns":false,"_monsterinsights_skip_tracking":false,"_monsterinsights_sitenote_active":false,"_monsterinsights_sitenote_note":"","_monsterinsights_sitenote_category":0},"categories":[4],"tags":[],"aioseo_notices":[],"gutentor_comment":0,"rttpg_featured_image_url":{"full":["https:\/\/arantv.az\/wp-content\/uploads\/2019\/12\/807052_22.jpg",800,550,false],"landscape":["https:\/\/arantv.az\/wp-content\/uploads\/2019\/12\/807052_22.jpg",800,550,false],"portraits":["https:\/\/arantv.az\/wp-content\/uploads\/2019\/12\/807052_22.jpg",800,550,false],"thumbnail":["https:\/\/arantv.az\/wp-content\/uploads\/2019\/12\/807052_22-150x150.jpg",150,150,true],"medium":["https:\/\/arantv.az\/wp-content\/uploads\/2019\/12\/807052_22-300x206.jpg",300,206,true],"large":["https:\/\/arantv.az\/wp-content\/uploads\/2019\/12\/807052_22.jpg",640,440,false],"1536x1536":["https:\/\/arantv.az\/wp-content\/uploads\/2019\/12\/807052_22.jpg",800,550,false],"2048x2048":["https:\/\/arantv.az\/wp-content\/uploads\/2019\/12\/807052_22.jpg",800,550,false],"post-thumbnail":["https:\/\/arantv.az\/wp-content\/uploads\/2019\/12\/807052_22-240x172.jpg",240,172,true],"advps-thumb-one":["https:\/\/arantv.az\/wp-content\/uploads\/2019\/12\/807052_22.jpg",800,550,false]},"rttpg_author":{"display_name":"V\u00fcsal Rafiqo\u011flu","author_link":"https:\/\/arantv.az\/?author=2"},"rttpg_comment":0,"rttpg_category":"<a href=\"https:\/\/arantv.az\/?cat=4\" rel=\"category\">Siyas\u0259t<\/a>","rttpg_excerpt":"Prezident \u0130lham \u018fliyev G\u00fcnd\u00fcz K\u0259rimovun Az\u0259rbaycan Respublikas\u0131 Prezidentinin Administrasiyas\u0131n\u0131n Qanunvericilik v\u0259 h\u00fcquq siyas\u0259ti \u015f\u00f6b\u0259sinin m\u00fcdiri t\u0259yin edilm\u0259si haqq\u0131nda S\u0259r\u0259ncam imzalay\u0131b. ARANTV.AZ\u00a0\u00a0AZ\u018fRTAC-a istinad\u0259n bildirir ki, S\u0259r\u0259ncamda deyilir: &#8220;Az\u0259rbaycan Respublikas\u0131 Konstitusiyas\u0131n\u0131n 109-cu madd\u0259sinin 32-ci b\u0259ndini r\u0259hb\u0259r tutaraq\u00a0q\u0259rara al\u0131ram: G\u00fcnd\u00fcz Hac\u0131 o\u011flu K\u0259rimov Az\u0259rbaycan Respublikas\u0131 Prezidentinin Administrasiyas\u0131n\u0131n Qanunvericilik v\u0259 h\u00fcquq siyas\u0259ti \u015f\u00f6b\u0259sinin m\u00fcdiri t\u0259yin edilsin&#8221;.","_links":{"self":[{"href":"https:\/\/arantv.az\/index.php?rest_route=\/wp\/v2\/posts\/102989"}],"collection":[{"href":"https:\/\/arantv.az\/index.php?rest_route=\/wp\/v2\/posts"}],"about":[{"href":"https:\/\/arantv.az\/index.php?rest_route=\/wp\/v2\/types\/post"}],"author":[{"embeddable":true,"href":"https:\/\/arantv.az\/index.php?rest_route=\/wp\/v2\/users\/2"}],"replies":[{"embeddable":true,"href":"https:\/\/arantv.az\/index.php?rest_route=%2Fwp%2Fv2%2Fcomments&post=102989"}],"version-history":[{"count":0,"href":"https:\/\/arantv.az\/index.php?rest_route=\/wp\/v2\/posts\/102989\/revisions"}],"wp:featuredmedia":[{"embeddable":true,"href":"https:\/\/arantv.az\/index.php?rest_route=\/wp\/v2\/media\/102990"}],"wp:attachment":[{"href":"https:\/\/arantv.az\/index.php?rest_route=%2Fwp%2Fv2%2Fmedia&parent=102989"}],"wp:term":[{"taxonomy":"category","embeddable":true,"href":"https:\/\/arantv.az\/index.php?rest_route=%2Fwp%2Fv2%2Fcategories&post=102989"},{"taxonomy":"post_tag","embeddable":true,"href":"https:\/\/arantv.az\/index.php?rest_route=%2Fwp%2Fv2%2Ftags&post=102989"}],"curies":[{"name":"wp","href":"https:\/\/api.w.org\/{rel}","templated":true}]}}