{"id":103051,"date":"2019-12-03T08:13:19","date_gmt":"2019-12-03T05:13:19","guid":{"rendered":"http:\/\/arantv.az\/?p=103051"},"modified":"2019-12-03T08:13:19","modified_gmt":"2019-12-03T05:13:19","slug":"ilham-%c9%99liyev-sergey-lavrovu-q%c9%99bul-edib-foto","status":"publish","type":"post","link":"https:\/\/arantv.az\/?p=103051","title":{"rendered":"\u0130lham \u018fliyev Sergey Lavrovu q\u0259bul edib &#8211; FOTO"},"content":{"rendered":"<p>Az\u0259rbaycan Respublikas\u0131n\u0131n Prezidenti \u0130lham \u018fliyev dekabr\u0131n 2-d\u0259 Rusiya Federasiyas\u0131n\u0131n Xarici \u0130\u015fl\u0259r naziri Sergey Lavrovu q\u0259bul edib.<\/p>\n<p><strong>ARANTV.AZ<\/strong> x\u0259b\u0259r verir ki, Xarici \u0130\u015fl\u0259r naziri Sergey Lavrov Rusiya Federasiyas\u0131n\u0131n Prezidenti Vladimir Putinin salamlar\u0131n\u0131 d\u00f6vl\u0259timizin ba\u015f\u00e7\u0131s\u0131na \u00e7atd\u0131rd\u0131.<\/p>\n<p>Prezident \u0130lham \u018fliyev Prezident Vladimir Putinin salamlar\u0131na g\u00f6r\u0259 minn\u0259tdarl\u0131\u011f\u0131n\u0131 bildirdi, onun da salamlar\u0131n\u0131 Rusiya d\u00f6vl\u0259tinin ba\u015f\u00e7\u0131s\u0131na \u00e7atd\u0131rma\u011f\u0131 xahi\u015f etdi.<\/p>\n<p>Prezident \u0130lham \u018fliyev deyib:<\/p>\n<p>-H\u00f6rm\u0259tli Sergey Viktorovi\u00e7.<\/p>\n<p>Sizi Az\u0259rbaycanda yenid\u0259n salamlama\u011fa \u015fadam. Xarici \u0130\u015fl\u0259r nazirl\u0259rinin qar\u015f\u0131l\u0131ql\u0131 s\u0259f\u0259rl\u0259ri, m\u00fcnt\u0259z\u0259m s\u0259f\u0259rl\u0259ri yax\u015f\u0131 \u0259n\u0259n\u0259y\u0259 \u00e7evrilib. \u018flb\u0259tt\u0259 ki, ton ver\u0259n prezidentl\u0259rdir. Bu il biz Vladimir Vladimirovi\u00e7 il\u0259 beyn\u0259lxalq t\u0259dbirl\u0259rd\u0259 \u00fcnsiyy\u0259timizi saymasaq, iki d\u0259f\u0259 g\u00f6r\u00fc\u015fm\u00fc\u015f\u00fck \u2013 Pekind\u0259 v\u0259 So\u00e7id\u0259. Prezidentl\u0259r bizim m\u00fcnasib\u0259tl\u0259rin inki\u015faf\u0131na ton verirl\u0259r v\u0259 il\u0259 yekun vurark\u0259n, &#8211; z\u0259nnimc\u0259, art\u0131q yekun vurmaq olar, &#8211; qeyd edirik ki, bu il bizim m\u00fcnasib\u0259tl\u0259rimiz \u00fc\u00e7\u00fcn \u00e7ox u\u011furlu olub. Biz bir s\u0131ra istiqam\u0259tl\u0259r \u00fczr\u0259 \u0259h\u0259miyy\u0259tli d\u0259r\u0259c\u0259d\u0259 ir\u0259lil\u0259mi\u015fik, beyn\u0259lxalq t\u0259\u015fkilatlarda bir-birimizi f\u0259al d\u0259st\u0259kl\u0259m\u0259kl\u0259 qar\u015f\u0131l\u0131ql\u0131 siyasi \u0259laq\u0259l\u0259ri m\u00f6hk\u0259ml\u0259tmi\u015fik. Dem\u0259liy\u0259m ki, Az\u0259rbaycan n\u00fcmay\u0259nd\u0259 hey\u0259ti tam hey\u0259td\u0259 Rusiyan\u0131n A\u015ePA-ya qay\u0131tmas\u0131n\u0131n lehin\u0259 s\u0259s verib v\u0259 bel\u0259likl\u0259, h\u0259mr\u0259yliyini bildirib. Biz d\u0259 h\u0259mi\u015f\u0259 beyn\u0259lxalq strukturlarda bizi narahat ed\u0259n m\u0259s\u0259l\u0259l\u0259rl\u0259 ba\u011fl\u0131 Rusiya Federasiyas\u0131n\u0131n d\u0259st\u0259yini hiss edirik.<\/p>\n<p>Mehriban \u018fliyevan\u0131n Rusiyaya r\u0259smi s\u0259f\u0259ri \u00e7ox u\u011furlu olub. Sizd\u0259n xahi\u015f etm\u0259k ist\u0259rdim ki, Mehriban \u018fliyevan\u0131n d\u0259v\u0259t edilm\u0259sin\u0259, ona g\u00f6st\u0259ril\u0259n diqq\u0259t\u0259, onun \u201cDostluq\u201d ordeni il\u0259 t\u0259ltif olunmas\u0131na, onun \u00fcnvan\u0131na deyil\u0259n xo\u015f s\u00f6zl\u0259r\u0259, \u00e7ox konstruktiv s\u00f6hb\u0259t\u0259 v\u0259 praktiki olaraq bizim qar\u015f\u0131l\u0131ql\u0131 f\u0259aliyy\u0259timizin b\u00fct\u00fcn sah\u0259l\u0259rin\u0259 toxunulan dan\u0131\u015f\u0131qlara g\u00f6r\u0259 Prezident Vladimir Vladimirovi\u00e7 Putin\u0259 t\u0259\u015f\u0259kk\u00fcr\u00fcm\u00fc \u00e7atd\u0131ras\u0131n\u0131z. Rusiya H\u00f6kum\u0259tinin s\u0259dri, Federasiya \u015euras\u0131n\u0131n s\u0259dri il\u0259 d\u0259 g\u00f6r\u00fc\u015fl\u0259r olub. Regionlararas\u0131 yubiley forumu \u00e7ox u\u011furla ke\u00e7ib v\u0259 \u0259lb\u0259tt\u0259, s\u0259f\u0259rin sonunda Xalq T\u0259s\u0259rr\u00fcfat\u0131 Nailiyy\u0259tl\u0259ri S\u0259rgisind\u0259 \u201cAz\u0259rbaycan\u201d pavilyonunun a\u00e7\u0131lmas\u0131 bizim d\u0259rin tarix\u0259 malik olan s\u0131x dostluq \u0259laq\u0259l\u0259rimizin r\u0259mzi oldu.<\/p>\n<p>Bu il iqtisadi bax\u0131mdan da u\u011furlu olub. \u018fmt\u0259\u0259 d\u00f6vriyy\u0259si ild\u0259n-il\u0259 art\u0131r. H\u0259l\u0259 il\u0259 yekun vurulmay\u0131b, lakin z\u0259nnimc\u0259, art\u0131m t\u0259xmin\u0259n 25 faiz civar\u0131nda olacaq. Bundan a\u015fa\u011f\u0131 olmayacaq. N\u0259qliyyat sah\u0259sind\u0259 d\u0259 yax\u015f\u0131 n\u0259tic\u0259l\u0259r\u0259 nail olmu\u015fuq v\u0259 Samur \u00e7ay\u0131 \u00fcz\u0259rind\u0259n sal\u0131nan k\u00f6rp\u00fcn\u00fcn yax\u0131n vaxtlarda a\u00e7\u0131lmas\u0131n\u0131 g\u00f6zl\u0259yirik. Bu, \u0259mt\u0259\u0259 d\u00f6vriyy\u0259sini v\u0259 qar\u015f\u0131l\u0131ql\u0131 s\u0259f\u0259rl\u0259ri xeyli art\u0131rma\u011fa imkan ver\u0259c\u0259k. Y\u0259ni, \u00e7ox sah\u0259l\u0259ri sadalamaq olar, lakin \u0259sas budur ki, bizim m\u00fcnasib\u0259tl\u0259rimizd\u0259 dinamizm qorunub saxlan\u0131b. Z\u0259nnimc\u0259, dinamizm art\u0131r\u0131l\u0131b. Bu, b\u00f6y\u00fck nikbinlik do\u011furur.<\/p>\n<p>\u018flb\u0259tt\u0259 ki, s\u0259f\u0259r \u00e7\u0259r\u00e7iv\u0259sind\u0259 biz Erm\u0259nistan il\u0259 Az\u0259rbaycan aras\u0131nda m\u00fcnaqi\u015f\u0259nin nizamlanmas\u0131 probleml\u0259ri bar\u0259d\u0259 dan\u0131\u015faca\u011f\u0131q. T\u0259\u0259ss\u00fcf ki, bu istiqam\u0259td\u0259 n\u0259z\u0259r\u0259\u00e7arpan n\u0259tic\u0259l\u0259r olmay\u0131b. Hesab edir\u0259m ki, bunun \u0259sas s\u0259b\u0259bi Erm\u0259nistan r\u0259hb\u0259rliyinin s\u0259m\u0259r\u0259siz siyas\u0259ti, x\u00fcsus\u0259n, \u201cQaraba\u011f\u0131n Erm\u0259nistan olmas\u0131\u201d bar\u0259d\u0259 b\u0259yanat\u0131d\u0131r. \u015eadam ki, h\u0259m sizin t\u0259r\u0259finizd\u0259n, h\u0259m d\u0259 dig\u0259r \u00f6lk\u0259l\u0259rd\u0259n olan h\u0259ms\u0259drl\u0259r t\u0259r\u0259find\u0259n, yum\u015faq des\u0259k, bu q\u0259rib\u0259 b\u0259yanata d\u00fczg\u00fcn qiym\u0259t verilib. Biz Minsk qrupunun h\u0259ms\u0259drl\u0259ri il\u0259 \u0259m\u0259kda\u015fl\u0131\u011f\u0131 davam etdir\u0259c\u0259yik. Yax\u0131n vaxtlarda Az\u0259rbaycan\u0131n v\u0259 Erm\u0259nistan\u0131n Xarici \u0130\u015fl\u0259r nazirl\u0259rinin g\u00f6r\u00fc\u015f\u00fc olacaq. Biz \u00fcmidvar\u0131q ki, siz dan\u0131\u015f\u0131qlar prosesind\u0259 f\u0259al i\u015ftirak\u0131n\u0131z\u0131 davam etdir\u0259c\u0259ksiniz. Bir daha xo\u015f g\u0259lmisiniz. Bak\u0131da vaxt\u0131n\u0131z\u0131n xo\u015f ke\u00e7m\u0259sini arzu edir\u0259m.<\/p>\n<p>Rusiyan\u0131n Xarici \u0130\u015fl\u0259r naziri Sergey Lavrov deyib:<\/p>\n<p>-\u00c7ox sa\u011f olun, h\u00f6rm\u0259tli \u0130lham Heyd\u0259r o\u011flu. M\u0259nim dost Az\u0259rbaycana n\u00f6vb\u0259ti s\u0259f\u0259rim \u00e7\u0259r\u00e7iv\u0259sind\u0259 Sizinl\u0259 g\u00f6r\u00fc\u015fm\u0259k imkan\u0131na g\u00f6r\u0259 \u00e7ox sa\u011f olun. Biz h\u0259qiq\u0259t\u0259n m\u00fcnasib\u0259tl\u0259rimizi analoji \u015f\u0259kild\u0259 qiym\u0259tl\u0259ndiririk, onlar y\u00fcks\u0259li\u015fd\u0259dir, b\u00fct\u00fcn sah\u0259l\u0259rd\u0259 durmadan inki\u015faf edir. Siz xat\u0131rlatd\u0131\u011f\u0131n\u0131z kimi, Prezident Putin il\u0259 Sizin m\u00fcnt\u0259z\u0259m \u0259laq\u0259l\u0259riniz bunu t\u0259sdiq edir. H\u0259m \u00c7ind\u0259, h\u0259m d\u0259 So\u00e7id\u0259 \u201cValday\u201d Forumunda Sizin i\u015ftirak\u0131n\u0131z \u00e7\u0259r\u00e7iv\u0259sind\u0259 geni\u015f s\u00f6hb\u0259t oldu. So\u00e7id\u0259 \u00e7ox faydal\u0131 ikit\u0259r\u0259fli g\u00f6r\u00fc\u015f, d\u00fcnya siyas\u0259tinin v\u0259 regional siyas\u0259tin m\u00fch\u00fcm probleml\u0259rin\u0259 dair Sizin i\u015ftirak\u0131n\u0131zla \u00e7ox maraql\u0131 \u00e7oxt\u0259r\u0259fli diskussiya oldu.<\/p>\n<p>Biz Mehriban Arif q\u0131z\u0131 \u018fliyevan\u0131n Rusiya Federasiyas\u0131na s\u0259f\u0259rini, onun Prezident Putinl\u0259, Ba\u015f Nazir Medvedevl\u0259, Federasiya \u015euras\u0131n\u0131n s\u0259dri Matviyenko il\u0259 g\u00f6r\u00fc\u015fl\u0259rini, Xalq T\u0259s\u0259rr\u00fcfat\u0131 Nailiyy\u0259tl\u0259ri S\u0259rgisind\u0259 \u201cAz\u0259rbaycan\u201d pavilyonunun \u00e7ox m\u00fch\u00fcm a\u00e7\u0131l\u0131\u015f m\u0259rasimind\u0259, Regionlararas\u0131 Forumda i\u015ftirak\u0131n\u0131 y\u00fcks\u0259k qiym\u0259tl\u0259ndirmi\u015fik v\u0259 bu s\u0259f\u0259rin gedi\u015find\u0259 m\u00fczakir\u0259 edil\u0259n t\u0259\u015f\u0259bb\u00fcsl\u0259ri biz h\u00f6km\u0259n h\u0259yata ke\u00e7ir\u0259c\u0259yik. Bu t\u0259\u015f\u0259bb\u00fcsl\u0259r, o c\u00fcml\u0259d\u0259n bizim h\u00f6kum\u0259tl\u0259raras\u0131 iqtisadi \u0259m\u0259kda\u015fl\u0131\u011f\u0131m\u0131za yeni bir m\u00f6vzu \u2013 innovasiyalar v\u0259 y\u00fcks\u0259k texnologiyalar m\u00f6vzusu \u0259lav\u0259 edilm\u0259sin\u0259 aiddir, x\u00fcsusi yol x\u0259rit\u0259si yarad\u0131lacaq. Art\u0131q bir ne\u00e7\u0259 g\u00fcnd\u0259n sonra H\u00f6kum\u0259tl\u0259raras\u0131 Komissiya bu sah\u0259d\u0259 i\u015fl\u0259rin v\u0259ziyy\u0259tini n\u0259z\u0259rd\u0259n ke\u00e7ir\u0259c\u0259k.<\/p>\n<p>Siz d\u0259 xat\u0131rlatd\u0131\u011f\u0131n\u0131z kimi, \u0259mt\u0259\u0259 d\u00f6vriyy\u0259si s\u00fcr\u0259tl\u0259 art\u0131r. \u018fmt\u0259\u0259 d\u00f6vriyy\u0259sinin h\u0259cmi y\u0259qin ki, 3 milyard dollara yax\u0131n olacaq. Rusiya Federasiyas\u0131n\u0131n Az\u0259rbaycan iqtisadiyyat\u0131na birba\u015fa investisiyalar\u0131n\u0131n h\u0259cmi 1,5 milyard dollar olub. Rusiya Federasiyas\u0131n\u0131n 70-d\u0259n \u00e7ox subyekti Az\u0259rbaycanla \u0259m\u0259kda\u015fl\u0131q edir. Az\u0259rbaycanda Rusiya kapital\u0131n\u0131n i\u015ftirak\u0131 il\u0259 300-d\u0259n \u00e7ox m\u00fc\u0259ssis\u0259 f\u0259aliyy\u0259t g\u00f6st\u0259rir. Rusiyada da Az\u0259rbaycan kapital\u0131 \u00f6z m\u00f6vqel\u0259rini getdikc\u0259 m\u00f6hk\u0259ml\u0259dir.<\/p>\n<p>Mehriban Arif q\u0131z\u0131 \u018fliyevan\u0131n Rusiya Federasiyas\u0131na s\u0259f\u0259rinin daha bir maraql\u0131 v\u0259 hesab edir\u0259m ki, \u00e7ox vacib n\u0259tic\u0259si Rusiya-Az\u0259rbaycan G\u0259ncl\u0259r Forumunun daha m\u00fcnt\u0259z\u0259m ke\u00e7irilm\u0259si bar\u0259d\u0259 raz\u0131la\u015fma oldu. Bu, varislik bax\u0131m\u0131ndan, tarixi yadda\u015f\u0131n qorunub saxlanmas\u0131 v\u0259 h\u0259m Rusiyada, h\u0259m d\u0259 Az\u0259rbaycanda bizim g\u0259nc n\u0259slin m\u00fcnasib\u0259tl\u0259rimiz\u0259 h\u0259mi\u015f\u0259 xas olmu\u015f dostluq, mehriban qon\u015fuluq ruhunda t\u0259rbiy\u0259si bax\u0131m\u0131ndan prinsipial \u0259h\u0259miyy\u0259t k\u0259sb edir. H\u0259m regional, h\u0259m qlobal, h\u0259m d\u0259 universal beyn\u0259lxalq t\u0259\u015fkilatlarda \u0259m\u0259kda\u015fl\u0131\u011f\u0131m\u0131za g\u0259ldikd\u0259, biz s\u0131x qar\u015f\u0131l\u0131ql\u0131 f\u0259aliyy\u0259ti, h\u0259mi\u015f\u0259 bir-birinin m\u00f6vqel\u0259rini n\u0259z\u0259r\u0259 almaq ist\u0259yini \u00e7ox y\u00fcks\u0259k qiym\u0259tl\u0259ndiririk. Biz bundan sonra da ortaq m\u00f6vqel\u0259rimizin d\u0259st\u0259kl\u0259nm\u0259sin\u0259, Az\u0259rbaycan v\u0259 Rusiya \u00fc\u00e7\u00fcn x\u00fcsusi maraq do\u011furan m\u00fch\u00fcm m\u0259s\u0259l\u0259l\u0259rin h\u0259llin\u0259 k\u00f6m\u0259k ed\u0259c\u0259yik. Bu, Da\u011fl\u0131q Qaraba\u011f m\u00fcnaqi\u015f\u0259sinin nizamlanmas\u0131na aiddir. Biz h\u0259m Vyana sammitind\u0259, h\u0259m sonradan nazirl\u0259rin Moskva g\u00f6r\u00fc\u015f\u00fcnd\u0259 etimad t\u0259dbirl\u0259ri, humanitar \u0259laq\u0259l\u0259rin, k\u00fctl\u0259vi informasiya vasit\u0259l\u0259ri x\u0259tti il\u0259 \u0259laq\u0259l\u0259rin nizamlanmas\u0131 bar\u0259d\u0259 \u0259ld\u0259 edilmi\u015f raz\u0131la\u015fmalar\u0131n bu il t\u0259sdiql\u0259nm\u0259sind\u0259 v\u0259 h\u0259yata ke\u00e7irilm\u0259sind\u0259 maraql\u0131y\u0131q. Onlar t\u0259dric\u0259n realla\u015f\u0131r v\u0259 \u00fcmidvaram ki, Az\u0259rbaycan v\u0259 Erm\u0259nistan xarici i\u015fl\u0259r nazirl\u0259rinin bu h\u0259ft\u0259 ke\u00e7iril\u0259c\u0259k g\u00f6r\u00fc\u015f\u00fc bu prosesl\u0259ri \u0259laq\u0259l\u0259ndirm\u0259y\u0259 imkan ver\u0259c\u0259k. Eyni zamanda, Sizinl\u0259 raz\u0131yam ki, siyasi nizamlama, uzunm\u00fcdd\u0259tli nizamlama bax\u0131m\u0131ndan h\u0259l\u0259 \u00e7ox i\u015f g\u00f6r\u00fclm\u0259lidir. Burada Sizin bu tezisinizi tam d\u0259st\u0259kl\u0259yir\u0259m ki, h\u0259r iki t\u0259r\u0259fin b\u0259y\u0259ndiyi \u0259sas prinsipl\u0259r\u0259, BMT Nizamnam\u0259sind\u0259 v\u0259 Helsinki Yekun Akt\u0131nda t\u0259sbit olunmu\u015f prinsipl\u0259r\u0259 zidd olan ritorikadan \u00e7\u0259kinm\u0259k laz\u0131md\u0131r.<\/p>\n<p>Buna g\u00f6r\u0259 d\u0259, h\u00f6rm\u0259tli \u0130lham Heyd\u0259r o\u011flu, Sizinl\u0259 s\u00f6hb\u0259t etm\u0259k imkan\u0131na g\u00f6r\u0259 bir daha s\u0259mimi q\u0259lbd\u0259n minn\u0259tdarl\u0131\u011f\u0131m\u0131 bildirir\u0259m. \u00dcmidvaram ki, sabah da davam ed\u0259c\u0259k bu s\u0259f\u0259r bizim m\u00fcnasib\u0259tl\u0259rimizi daha y\u00fcks\u0259k etimada \u0259saslanan, daha m\u0259hsuldar s\u0259viyy\u0259y\u0259 \u00e7atd\u0131rma\u011fa k\u00f6m\u0259k ed\u0259c\u0259k. \u00c7ox sa\u011f olun.<\/p>\n<p>Prezident \u0130lham \u018fliyev: Sa\u011f olun.<\/p>\n<div class=\"gallery\">\n<div class=\"gallery-i\"><img src=\"https:\/\/assets.oxu.az\/uploads\/W1siZiIsIjIwMTkvMTIvMDIvMjMvNDcvMDMvMzZiN2FjMjMtZWYzNy00NzZkLThhZjctNThiZmVjYjA1NzNiL2xhdnJvdjIuanBnIl0sWyJwIiwiZW5jb2RlIiwianBnIiwiLXF1YWxpdHkgODAiXSxbInAiLCJ0aHVtYiIsIjU5MHg1OTBcdTAwM2UiXV0?sha=3452477d61e8684d\" alt=\"\" \/><\/div>\n<div class=\"gallery-i\"><img src=\"https:\/\/assets.oxu.az\/uploads\/W1siZiIsIjIwMTkvMTIvMDIvMjMvNDcvMDQvZDRlZjczOGMtYzc4Ny00YjU4LTkwZjMtZDBjNmJmYWM4MTQwL2xhdnJvdjMuanBnIl0sWyJwIiwiZW5jb2RlIiwianBnIiwiLXF1YWxpdHkgODAiXSxbInAiLCJ0aHVtYiIsIjU5MHg1OTBcdTAwM2UiXV0?sha=e9de59255386e10b\" alt=\"\" \/><\/div>\n<div class=\"gallery-i\"><img src=\"https:\/\/assets.oxu.az\/uploads\/W1siZiIsIjIwMTkvMTIvMDIvMjMvNDcvMDQvN2Q5YjM1NjMtYTJjMC00NWU2LWIzNWItZWY1MmE3NWMwZjAzL2xhdnJvdjQuanBnIl0sWyJwIiwiZW5jb2RlIiwianBnIiwiLXF1YWxpdHkgODAiXSxbInAiLCJ0aHVtYiIsIjU5MHg1OTBcdTAwM2UiXV0?sha=8d87495dc7376f0a\" alt=\"\" \/><\/div>\n<div class=\"gallery-i\"><img src=\"https:\/\/assets.oxu.az\/uploads\/W1siZiIsIjIwMTkvMTIvMDIvMjMvNDcvMDQvNmI2ZDEzNjYtYzM1Ni00M2ZiLWFmODctOTdmMWYxZmE5YjAzL2xhdnJvdjUuanBnIl0sWyJwIiwiZW5jb2RlIiwianBnIiwiLXF1YWxpdHkgODAiXSxbInAiLCJ0aHVtYiIsIjU5MHg1OTBcdTAwM2UiXV0?sha=7ee7c003344e322c\" alt=\"\" \/><\/div>\n<div class=\"gallery-i\"><img src=\"https:\/\/assets.oxu.az\/uploads\/W1siZiIsIjIwMTkvMTIvMDIvMjMvNDcvMDQvNWNiM2RhNzctZDdiZC00NTYxLTgzNDAtNzI3Y2ViNTc1ZTUwL2xhdnJvdjYuanBnIl0sWyJwIiwiZW5jb2RlIiwianBnIiwiLXF1YWxpdHkgODAiXSxbInAiLCJ0aHVtYiIsIjU5MHg1OTBcdTAwM2UiXV0?sha=08179a2819ea9236\" alt=\"\" \/><\/div>\n<\/div>\n<div>AZ\u018fRTAC<\/div>\n","protected":false},"excerpt":{"rendered":"<p>Az\u0259rbaycan Respublikas\u0131n\u0131n Prezidenti \u0130lham \u018fliyev dekabr\u0131n 2-d\u0259 Rusiya Federasiyas\u0131n\u0131n Xarici \u0130\u015fl\u0259r naziri Sergey Lavrovu q\u0259bul edib. ARANTV.AZ x\u0259b\u0259r verir ki, Xarici \u0130\u015fl\u0259r naziri Sergey Lavrov Rusiya Federasiyas\u0131n\u0131n Prezidenti Vladimir Putinin salamlar\u0131n\u0131 d\u00f6vl\u0259timizin ba\u015f\u00e7\u0131s\u0131na \u00e7atd\u0131rd\u0131. Prezident \u0130lham \u018fliyev Prezident Vladimir Putinin salamlar\u0131na g\u00f6r\u0259 minn\u0259tdarl\u0131\u011f\u0131n\u0131 bildirdi, onun da salamlar\u0131n\u0131 Rusiya d\u00f6vl\u0259tinin ba\u015f\u00e7\u0131s\u0131na \u00e7atd\u0131rma\u011f\u0131 xahi\u015f etdi. Prezident \u0130lham \u018fliyev deyib: -H\u00f6rm\u0259tli Sergey Viktorovi\u00e7. Sizi Az\u0259rbaycanda yenid\u0259n salamlama\u011fa \u015fadam. Xarici \u0130\u015fl\u0259r nazirl\u0259rinin qar\u015f\u0131l\u0131ql\u0131 s\u0259f\u0259rl\u0259ri, m\u00fcnt\u0259z\u0259m s\u0259f\u0259rl\u0259ri yax\u015f\u0131 \u0259n\u0259n\u0259y\u0259 \u00e7evrilib. \u018flb\u0259tt\u0259 ki, ton ver\u0259n prezidentl\u0259rdir. Bu il biz Vladimir Vladimirovi\u00e7 il\u0259 beyn\u0259lxalq t\u0259dbirl\u0259rd\u0259 \u00fcnsiyy\u0259timizi saymasaq,&hellip;<\/p>\n","protected":false},"author":2,"featured_media":103052,"comment_status":"closed","ping_status":"closed","sticky":false,"template":"","format":"standard","meta":{"om_disable_all_campaigns":false,"_monsterinsights_skip_tracking":false,"_monsterinsights_sitenote_active":false,"_monsterinsights_sitenote_note":"","_monsterinsights_sitenote_category":0},"categories":[4],"tags":[],"aioseo_notices":[],"gutentor_comment":0,"rttpg_featured_image_url":{"full":["https:\/\/arantv.az\/wp-content\/uploads\/2019\/12\/lavrov1.jpg",620,438,false],"landscape":["https:\/\/arantv.az\/wp-content\/uploads\/2019\/12\/lavrov1.jpg",620,438,false],"portraits":["https:\/\/arantv.az\/wp-content\/uploads\/2019\/12\/lavrov1.jpg",620,438,false],"thumbnail":["https:\/\/arantv.az\/wp-content\/uploads\/2019\/12\/lavrov1-150x150.jpg",150,150,true],"medium":["https:\/\/arantv.az\/wp-content\/uploads\/2019\/12\/lavrov1-300x212.jpg",300,212,true],"large":["https:\/\/arantv.az\/wp-content\/uploads\/2019\/12\/lavrov1.jpg",620,438,false],"1536x1536":["https:\/\/arantv.az\/wp-content\/uploads\/2019\/12\/lavrov1.jpg",620,438,false],"2048x2048":["https:\/\/arantv.az\/wp-content\/uploads\/2019\/12\/lavrov1.jpg",620,438,false],"post-thumbnail":["https:\/\/arantv.az\/wp-content\/uploads\/2019\/12\/lavrov1-240x172.jpg",240,172,true],"advps-thumb-one":["https:\/\/arantv.az\/wp-content\/uploads\/2019\/12\/lavrov1.jpg",620,438,false]},"rttpg_author":{"display_name":"V\u00fcsal Rafiqo\u011flu","author_link":"https:\/\/arantv.az\/?author=2"},"rttpg_comment":0,"rttpg_category":"<a href=\"https:\/\/arantv.az\/?cat=4\" rel=\"category\">Siyas\u0259t<\/a>","rttpg_excerpt":"Az\u0259rbaycan Respublikas\u0131n\u0131n Prezidenti \u0130lham \u018fliyev dekabr\u0131n 2-d\u0259 Rusiya Federasiyas\u0131n\u0131n Xarici \u0130\u015fl\u0259r naziri Sergey Lavrovu q\u0259bul edib. ARANTV.AZ x\u0259b\u0259r verir ki, Xarici \u0130\u015fl\u0259r naziri Sergey Lavrov Rusiya Federasiyas\u0131n\u0131n Prezidenti Vladimir Putinin salamlar\u0131n\u0131 d\u00f6vl\u0259timizin ba\u015f\u00e7\u0131s\u0131na \u00e7atd\u0131rd\u0131. Prezident \u0130lham \u018fliyev Prezident Vladimir Putinin salamlar\u0131na g\u00f6r\u0259 minn\u0259tdarl\u0131\u011f\u0131n\u0131 bildirdi, onun da salamlar\u0131n\u0131 Rusiya d\u00f6vl\u0259tinin ba\u015f\u00e7\u0131s\u0131na \u00e7atd\u0131rma\u011f\u0131 xahi\u015f etdi. Prezident \u0130lham&hellip;","_links":{"self":[{"href":"https:\/\/arantv.az\/index.php?rest_route=\/wp\/v2\/posts\/103051"}],"collection":[{"href":"https:\/\/arantv.az\/index.php?rest_route=\/wp\/v2\/posts"}],"about":[{"href":"https:\/\/arantv.az\/index.php?rest_route=\/wp\/v2\/types\/post"}],"author":[{"embeddable":true,"href":"https:\/\/arantv.az\/index.php?rest_route=\/wp\/v2\/users\/2"}],"replies":[{"embeddable":true,"href":"https:\/\/arantv.az\/index.php?rest_route=%2Fwp%2Fv2%2Fcomments&post=103051"}],"version-history":[{"count":0,"href":"https:\/\/arantv.az\/index.php?rest_route=\/wp\/v2\/posts\/103051\/revisions"}],"wp:featuredmedia":[{"embeddable":true,"href":"https:\/\/arantv.az\/index.php?rest_route=\/wp\/v2\/media\/103052"}],"wp:attachment":[{"href":"https:\/\/arantv.az\/index.php?rest_route=%2Fwp%2Fv2%2Fmedia&parent=103051"}],"wp:term":[{"taxonomy":"category","embeddable":true,"href":"https:\/\/arantv.az\/index.php?rest_route=%2Fwp%2Fv2%2Fcategories&post=103051"},{"taxonomy":"post_tag","embeddable":true,"href":"https:\/\/arantv.az\/index.php?rest_route=%2Fwp%2Fv2%2Ftags&post=103051"}],"curies":[{"name":"wp","href":"https:\/\/api.w.org\/{rel}","templated":true}]}}