{"id":103112,"date":"2019-12-03T09:25:47","date_gmt":"2019-12-03T06:25:47","guid":{"rendered":"http:\/\/arantv.az\/?p=103112"},"modified":"2019-12-03T09:25:47","modified_gmt":"2019-12-03T06:25:47","slug":"az%c9%99rbaycanda-qadinlar-kisil%c9%99rd%c9%99n-cox-yasayir","status":"publish","type":"post","link":"https:\/\/arantv.az\/?p=103112","title":{"rendered":"Az\u0259rbaycanda qad\u0131nlar ki\u015fil\u0259rd\u0259n \u00e7ox ya\u015fay\u0131r"},"content":{"rendered":"<p>D\u00f6vl\u0259t Statistika Komit\u0259si (DSK) Az\u0259rbaycanda orta \u00f6m\u00fcr uzunlu\u011fu il\u0259 ba\u011fl\u0131 son 5 ilin statistikas\u0131n\u0131 a\u00e7\u0131qlay\u0131b.<\/p>\n<p><b>ARANTV.AZ\u00a0<\/b>x\u0259b\u0259r verir ki, Komit\u0259nin \u0130nformasiya v\u0259 ictimaiyy\u0259tl\u0259 \u0259laq\u0259l\u0259r \u015f\u00f6b\u0259sinin m\u00fcdiri Rafael S\u00fcleymanov Modern.az-\u0131n sor\u011fusuna cavab olaraq bildirib ki, bu m\u0259lumatlar d\u00f6vrilikl\u0259 \u0259ld\u0259 edilir:<\/p>\n<div><\/div>\n<p>&#8220;2014-c\u00fc ild\u0259 bu g\u00f6st\u0259rici 74,2 ya\u015f, 2015-ci v\u0259 2016-c\u0131 ill\u0259rd\u0259 75,2 ya\u015f, 2017-ci ild\u0259 75,4 ya\u015f, 2018-ci ild\u0259 75,8 ya\u015f t\u0259\u015fkil edib&#8221;.<\/p>\n<p>Onun s\u00f6zl\u0259rin\u0259 g\u00f6r\u0259, 2019-cu il\u0259 dair statistik m\u0259lumatlar ilin yekununda \u0259ld\u0259 edil\u0259c\u0259k.<\/p>\n<p>DSK r\u0259smisi h\u0259m\u00e7inin qeyd edib ki, ki\u015fil\u0259r \u00fczr\u0259 orta ya\u015f 73.3, qad\u0131nlar \u00fczr\u0259 78.2 ya\u015fd\u0131r.<\/p>\n","protected":false},"excerpt":{"rendered":"<p>D\u00f6vl\u0259t Statistika Komit\u0259si (DSK) Az\u0259rbaycanda orta \u00f6m\u00fcr uzunlu\u011fu il\u0259 ba\u011fl\u0131 son 5 ilin statistikas\u0131n\u0131 a\u00e7\u0131qlay\u0131b. ARANTV.AZ\u00a0x\u0259b\u0259r verir ki, Komit\u0259nin \u0130nformasiya v\u0259 ictimaiyy\u0259tl\u0259 \u0259laq\u0259l\u0259r \u015f\u00f6b\u0259sinin m\u00fcdiri Rafael S\u00fcleymanov Modern.az-\u0131n sor\u011fusuna cavab olaraq bildirib ki, bu m\u0259lumatlar d\u00f6vrilikl\u0259 \u0259ld\u0259 edilir: &#8220;2014-c\u00fc ild\u0259 bu g\u00f6st\u0259rici 74,2 ya\u015f, 2015-ci v\u0259 2016-c\u0131 ill\u0259rd\u0259 75,2 ya\u015f, 2017-ci ild\u0259 75,4 ya\u015f, 2018-ci ild\u0259 75,8 ya\u015f t\u0259\u015fkil edib&#8221;. Onun s\u00f6zl\u0259rin\u0259 g\u00f6r\u0259, 2019-cu il\u0259 dair statistik m\u0259lumatlar ilin yekununda \u0259ld\u0259 edil\u0259c\u0259k. DSK r\u0259smisi h\u0259m\u00e7inin qeyd edib ki, ki\u015fil\u0259r \u00fczr\u0259 orta ya\u015f 73.3, qad\u0131nlar \u00fczr\u0259 78.2 ya\u015fd\u0131r.<\/p>\n","protected":false},"author":2,"featured_media":103113,"comment_status":"closed","ping_status":"closed","sticky":false,"template":"","format":"standard","meta":{"om_disable_all_campaigns":false,"_monsterinsights_skip_tracking":false,"_monsterinsights_sitenote_active":false,"_monsterinsights_sitenote_note":"","_monsterinsights_sitenote_category":0},"categories":[1],"tags":[],"aioseo_notices":[],"gutentor_comment":0,"rttpg_featured_image_url":{"full":["https:\/\/arantv.az\/wp-content\/uploads\/2019\/12\/1575351946_pensiyaa.jpg",549,345,false],"landscape":["https:\/\/arantv.az\/wp-content\/uploads\/2019\/12\/1575351946_pensiyaa.jpg",549,345,false],"portraits":["https:\/\/arantv.az\/wp-content\/uploads\/2019\/12\/1575351946_pensiyaa.jpg",549,345,false],"thumbnail":["https:\/\/arantv.az\/wp-content\/uploads\/2019\/12\/1575351946_pensiyaa-150x150.jpg",150,150,true],"medium":["https:\/\/arantv.az\/wp-content\/uploads\/2019\/12\/1575351946_pensiyaa-300x189.jpg",300,189,true],"large":["https:\/\/arantv.az\/wp-content\/uploads\/2019\/12\/1575351946_pensiyaa.jpg",549,345,false],"1536x1536":["https:\/\/arantv.az\/wp-content\/uploads\/2019\/12\/1575351946_pensiyaa.jpg",549,345,false],"2048x2048":["https:\/\/arantv.az\/wp-content\/uploads\/2019\/12\/1575351946_pensiyaa.jpg",549,345,false],"post-thumbnail":["https:\/\/arantv.az\/wp-content\/uploads\/2019\/12\/1575351946_pensiyaa-240x172.jpg",240,172,true],"advps-thumb-one":["https:\/\/arantv.az\/wp-content\/uploads\/2019\/12\/1575351946_pensiyaa.jpg",549,345,false]},"rttpg_author":{"display_name":"V\u00fcsal Rafiqo\u011flu","author_link":"https:\/\/arantv.az\/?author=2"},"rttpg_comment":0,"rttpg_category":"<a href=\"https:\/\/arantv.az\/?cat=1\" rel=\"category\">C\u0259miyy\u0259t<\/a>","rttpg_excerpt":"D\u00f6vl\u0259t Statistika Komit\u0259si (DSK) Az\u0259rbaycanda orta \u00f6m\u00fcr uzunlu\u011fu il\u0259 ba\u011fl\u0131 son 5 ilin statistikas\u0131n\u0131 a\u00e7\u0131qlay\u0131b. ARANTV.AZ\u00a0x\u0259b\u0259r verir ki, Komit\u0259nin \u0130nformasiya v\u0259 ictimaiyy\u0259tl\u0259 \u0259laq\u0259l\u0259r \u015f\u00f6b\u0259sinin m\u00fcdiri Rafael S\u00fcleymanov Modern.az-\u0131n sor\u011fusuna cavab olaraq bildirib ki, bu m\u0259lumatlar d\u00f6vrilikl\u0259 \u0259ld\u0259 edilir: &#8220;2014-c\u00fc ild\u0259 bu g\u00f6st\u0259rici 74,2 ya\u015f, 2015-ci v\u0259 2016-c\u0131 ill\u0259rd\u0259 75,2 ya\u015f, 2017-ci ild\u0259 75,4 ya\u015f, 2018-ci&hellip;","_links":{"self":[{"href":"https:\/\/arantv.az\/index.php?rest_route=\/wp\/v2\/posts\/103112"}],"collection":[{"href":"https:\/\/arantv.az\/index.php?rest_route=\/wp\/v2\/posts"}],"about":[{"href":"https:\/\/arantv.az\/index.php?rest_route=\/wp\/v2\/types\/post"}],"author":[{"embeddable":true,"href":"https:\/\/arantv.az\/index.php?rest_route=\/wp\/v2\/users\/2"}],"replies":[{"embeddable":true,"href":"https:\/\/arantv.az\/index.php?rest_route=%2Fwp%2Fv2%2Fcomments&post=103112"}],"version-history":[{"count":0,"href":"https:\/\/arantv.az\/index.php?rest_route=\/wp\/v2\/posts\/103112\/revisions"}],"wp:featuredmedia":[{"embeddable":true,"href":"https:\/\/arantv.az\/index.php?rest_route=\/wp\/v2\/media\/103113"}],"wp:attachment":[{"href":"https:\/\/arantv.az\/index.php?rest_route=%2Fwp%2Fv2%2Fmedia&parent=103112"}],"wp:term":[{"taxonomy":"category","embeddable":true,"href":"https:\/\/arantv.az\/index.php?rest_route=%2Fwp%2Fv2%2Fcategories&post=103112"},{"taxonomy":"post_tag","embeddable":true,"href":"https:\/\/arantv.az\/index.php?rest_route=%2Fwp%2Fv2%2Ftags&post=103112"}],"curies":[{"name":"wp","href":"https:\/\/api.w.org\/{rel}","templated":true}]}}