{"id":103124,"date":"2019-12-03T09:46:40","date_gmt":"2019-12-03T06:46:40","guid":{"rendered":"http:\/\/arantv.az\/?p=103124"},"modified":"2019-12-03T09:46:40","modified_gmt":"2019-12-03T06:46:40","slug":"ana-v%c9%99-ovladinin-olduyu-d%c9%99hs%c9%99tli-q%c9%99zanin-goruntusu-yayildi-video","status":"publish","type":"post","link":"https:\/\/arantv.az\/?p=103124","title":{"rendered":"Ana v\u0259 \u00f6vlad\u0131n\u0131n \u00f6ld\u00fcy\u00fc d\u0259h\u015f\u0259tli q\u0259zan\u0131n g\u00f6r\u00fcnt\u00fcs\u00fc yay\u0131ld\u0131 &#8211; V\u0130DEO"},"content":{"rendered":"<article class=\"news\">\n<div class=\"news-inner\">\n<p>Rusiya Federasiyas\u0131n\u0131n Tatar\u0131stan Respublikas\u0131nda \u201cHyundai Accent\u201din y\u00fck ma\u015f\u0131n\u0131 il\u0259 toqqu\u015fmas\u0131 n\u0259tic\u0259sind\u0259 bir qad\u0131n v\u0259 onun azya\u015fl\u0131 q\u0131z \u00f6vlad\u0131 v\u0259fat edib.<\/p>\n<p><strong>ARANTV.AZ\u00a0<\/strong>x\u0259b\u0259r verir ki, q\u0259za bar\u0259d\u0259 Rusiya Daxili\u00a0\u0130\u015fl\u0259r Nazirliyinin Regional \u0130dar\u0259sind\u0259n m\u0259lumat verilib.<\/p>\n<div id=\"AdviadNativeVideo0\" class=\"AdviadNativeVideo\"><\/div>\n<p>Q\u0259za \u00f6t\u0259n g\u00fcn respublikan\u0131n Mendeleyev rayonunda qeyd\u0259 al\u0131n\u0131b. H\u0259r iki z\u0259r\u0259r\u00e7\u0259k\u0259n avtomobild\u0259 olublar.\u00a0Qeyd\u0259 al\u0131nm\u0131\u015f g\u00f6r\u00fcnt\u00fcl\u0259rd\u0259 ayd\u0131n m\u00fc\u015fahid\u0259 olunur ki, q\u0259zaya d\u00fc\u015f\u0259n avtomobil y\u00fcks\u0259k s\u00fcr\u0259tl\u0259 qar\u015f\u0131 yola \u00e7\u0131xaraq, yolun s\u00fcr\u00fc\u015fk\u0259n olmas\u0131 n\u0259tic\u0259sind\u0259 idar\u0259etm\u0259ni itirir v\u0259 \u0259ks istiqam\u0259td\u0259 g\u0259l\u0259n y\u00fck ma\u015f\u0131n\u0131na \u00e7\u0131rp\u0131l\u0131r.<\/p>\n<p>Z\u0259rb\u0259 n\u0259tic\u0259sind\u0259 avtomobil arxadan g\u0259l\u0259n dig\u0259r y\u00fck ma\u015f\u0131n\u0131n\u0131n h\u0259r\u0259k\u0259t istiqam\u0259tin\u0259 yuvarlan\u0131r v\u0259 ikinci toqqu\u015fma ba\u015f verir.\u00a0Oxu.Az<\/p>\n<div><iframe loading=\"lazy\" src=\"https:\/\/player.baku.tv\/embed\/11523\" width=\"560\" height=\"315\" frameborder=\"0\" allowfullscreen=\"allowfullscreen\" data-mce-fragment=\"1\"><\/iframe><\/div>\n<\/div>\n<\/article>\n<h2 class=\"news-share-title\"><\/h2>\n","protected":false},"excerpt":{"rendered":"<p>Rusiya Federasiyas\u0131n\u0131n Tatar\u0131stan Respublikas\u0131nda \u201cHyundai Accent\u201din y\u00fck ma\u015f\u0131n\u0131 il\u0259 toqqu\u015fmas\u0131 n\u0259tic\u0259sind\u0259 bir qad\u0131n v\u0259 onun azya\u015fl\u0131 q\u0131z \u00f6vlad\u0131 v\u0259fat edib. ARANTV.AZ\u00a0x\u0259b\u0259r verir ki, q\u0259za bar\u0259d\u0259 Rusiya Daxili\u00a0\u0130\u015fl\u0259r Nazirliyinin Regional \u0130dar\u0259sind\u0259n m\u0259lumat verilib. Q\u0259za \u00f6t\u0259n g\u00fcn respublikan\u0131n Mendeleyev rayonunda qeyd\u0259 al\u0131n\u0131b. H\u0259r iki z\u0259r\u0259r\u00e7\u0259k\u0259n avtomobild\u0259 olublar.\u00a0Qeyd\u0259 al\u0131nm\u0131\u015f g\u00f6r\u00fcnt\u00fcl\u0259rd\u0259 ayd\u0131n m\u00fc\u015fahid\u0259 olunur ki, q\u0259zaya d\u00fc\u015f\u0259n avtomobil y\u00fcks\u0259k s\u00fcr\u0259tl\u0259 qar\u015f\u0131 yola \u00e7\u0131xaraq, yolun s\u00fcr\u00fc\u015fk\u0259n olmas\u0131 n\u0259tic\u0259sind\u0259 idar\u0259etm\u0259ni itirir v\u0259 \u0259ks istiqam\u0259td\u0259 g\u0259l\u0259n y\u00fck ma\u015f\u0131n\u0131na \u00e7\u0131rp\u0131l\u0131r. Z\u0259rb\u0259 n\u0259tic\u0259sind\u0259 avtomobil arxadan g\u0259l\u0259n dig\u0259r y\u00fck ma\u015f\u0131n\u0131n\u0131n h\u0259r\u0259k\u0259t istiqam\u0259tin\u0259 yuvarlan\u0131r v\u0259 ikinci toqqu\u015fma ba\u015f verir.\u00a0Oxu.Az<\/p>\n","protected":false},"author":2,"featured_media":103125,"comment_status":"closed","ping_status":"closed","sticky":false,"template":"","format":"standard","meta":{"om_disable_all_campaigns":false,"_monsterinsights_skip_tracking":false,"_monsterinsights_sitenote_active":false,"_monsterinsights_sitenote_note":"","_monsterinsights_sitenote_category":0},"categories":[7],"tags":[],"aioseo_notices":[],"gutentor_comment":0,"rttpg_featured_image_url":{"full":["https:\/\/arantv.az\/wp-content\/uploads\/2019\/12\/26glPB1cbRq3HZ89GFqP-watermark.jpg",620,465,false],"landscape":["https:\/\/arantv.az\/wp-content\/uploads\/2019\/12\/26glPB1cbRq3HZ89GFqP-watermark.jpg",620,465,false],"portraits":["https:\/\/arantv.az\/wp-content\/uploads\/2019\/12\/26glPB1cbRq3HZ89GFqP-watermark.jpg",620,465,false],"thumbnail":["https:\/\/arantv.az\/wp-content\/uploads\/2019\/12\/26glPB1cbRq3HZ89GFqP-watermark-150x150.jpg",150,150,true],"medium":["https:\/\/arantv.az\/wp-content\/uploads\/2019\/12\/26glPB1cbRq3HZ89GFqP-watermark-300x225.jpg",300,225,true],"large":["https:\/\/arantv.az\/wp-content\/uploads\/2019\/12\/26glPB1cbRq3HZ89GFqP-watermark.jpg",620,465,false],"1536x1536":["https:\/\/arantv.az\/wp-content\/uploads\/2019\/12\/26glPB1cbRq3HZ89GFqP-watermark.jpg",620,465,false],"2048x2048":["https:\/\/arantv.az\/wp-content\/uploads\/2019\/12\/26glPB1cbRq3HZ89GFqP-watermark.jpg",620,465,false],"post-thumbnail":["https:\/\/arantv.az\/wp-content\/uploads\/2019\/12\/26glPB1cbRq3HZ89GFqP-watermark-240x172.jpg",240,172,true],"advps-thumb-one":["https:\/\/arantv.az\/wp-content\/uploads\/2019\/12\/26glPB1cbRq3HZ89GFqP-watermark.jpg",620,465,false]},"rttpg_author":{"display_name":"V\u00fcsal Rafiqo\u011flu","author_link":"https:\/\/arantv.az\/?author=2"},"rttpg_comment":0,"rttpg_category":"<a href=\"https:\/\/arantv.az\/?cat=7\" rel=\"category\">D\u00fcnya<\/a>","rttpg_excerpt":"Rusiya Federasiyas\u0131n\u0131n Tatar\u0131stan Respublikas\u0131nda \u201cHyundai Accent\u201din y\u00fck ma\u015f\u0131n\u0131 il\u0259 toqqu\u015fmas\u0131 n\u0259tic\u0259sind\u0259 bir qad\u0131n v\u0259 onun azya\u015fl\u0131 q\u0131z \u00f6vlad\u0131 v\u0259fat edib. ARANTV.AZ\u00a0x\u0259b\u0259r verir ki, q\u0259za bar\u0259d\u0259 Rusiya Daxili\u00a0\u0130\u015fl\u0259r Nazirliyinin Regional \u0130dar\u0259sind\u0259n m\u0259lumat verilib. Q\u0259za \u00f6t\u0259n g\u00fcn respublikan\u0131n Mendeleyev rayonunda qeyd\u0259 al\u0131n\u0131b. H\u0259r iki z\u0259r\u0259r\u00e7\u0259k\u0259n avtomobild\u0259 olublar.\u00a0Qeyd\u0259 al\u0131nm\u0131\u015f g\u00f6r\u00fcnt\u00fcl\u0259rd\u0259 ayd\u0131n m\u00fc\u015fahid\u0259 olunur ki, q\u0259zaya d\u00fc\u015f\u0259n avtomobil y\u00fcks\u0259k&hellip;","_links":{"self":[{"href":"https:\/\/arantv.az\/index.php?rest_route=\/wp\/v2\/posts\/103124"}],"collection":[{"href":"https:\/\/arantv.az\/index.php?rest_route=\/wp\/v2\/posts"}],"about":[{"href":"https:\/\/arantv.az\/index.php?rest_route=\/wp\/v2\/types\/post"}],"author":[{"embeddable":true,"href":"https:\/\/arantv.az\/index.php?rest_route=\/wp\/v2\/users\/2"}],"replies":[{"embeddable":true,"href":"https:\/\/arantv.az\/index.php?rest_route=%2Fwp%2Fv2%2Fcomments&post=103124"}],"version-history":[{"count":0,"href":"https:\/\/arantv.az\/index.php?rest_route=\/wp\/v2\/posts\/103124\/revisions"}],"wp:featuredmedia":[{"embeddable":true,"href":"https:\/\/arantv.az\/index.php?rest_route=\/wp\/v2\/media\/103125"}],"wp:attachment":[{"href":"https:\/\/arantv.az\/index.php?rest_route=%2Fwp%2Fv2%2Fmedia&parent=103124"}],"wp:term":[{"taxonomy":"category","embeddable":true,"href":"https:\/\/arantv.az\/index.php?rest_route=%2Fwp%2Fv2%2Fcategories&post=103124"},{"taxonomy":"post_tag","embeddable":true,"href":"https:\/\/arantv.az\/index.php?rest_route=%2Fwp%2Fv2%2Ftags&post=103124"}],"curies":[{"name":"wp","href":"https:\/\/api.w.org\/{rel}","templated":true}]}}