{"id":103152,"date":"2019-12-03T10:11:09","date_gmt":"2019-12-03T07:11:09","guid":{"rendered":"http:\/\/arantv.az\/?p=103152"},"modified":"2019-12-03T10:11:09","modified_gmt":"2019-12-03T07:11:09","slug":"parlament-niy%c9%99-buraxilmalidir-s%c9%99rh","status":"publish","type":"post","link":"https:\/\/arantv.az\/?p=103152","title":{"rendered":"Parlament niy\u0259 burax\u0131lmal\u0131d\u0131r? &#8211; \u015e\u018fRH"},"content":{"rendered":"<p>Dekabr\u0131n 2-d\u0259 Milli M\u0259clisin iclas\u0131nda parlamentin burax\u0131lmas\u0131 v\u0259 n\u00f6vb\u0259d\u0259nk\u0259nar se\u00e7kil\u0259rin t\u0259yin olunmas\u0131 haqq\u0131nda Prezident\u0259 m\u00fcraci\u0259t bar\u0259d\u0259 q\u0259rar q\u0259bul olunub.<\/p>\n<p>Parlamentin burax\u0131lmas\u0131 Az\u0259rbaycanda h\u0259yata ke\u00e7iril\u0259n k\u00f6kl\u00fc islahatlar\u0131n son d\u00f6vrd\u0259 keyfiyy\u0259tc\u0259 yeni m\u0259rh\u0259l\u0259y\u0259 q\u0259d\u0259m qoymas\u0131 il\u0259 \u0259laq\u0259dard\u0131r.<\/p>\n<p>Nazirl\u0259r Kabinetind\u0259, m\u0259rk\u0259zi v\u0259 yerli icra hakimiyy\u0259ti orqanlar\u0131nda, m\u0259hk\u0259m\u0259-h\u00fcquq sistemind\u0259, \u00fcmumiyy\u0259tl\u0259, d\u00f6vl\u0259t v\u0259 c\u0259miyy\u0259t h\u0259yat\u0131n\u0131n b\u00fct\u00fcn sah\u0259l\u0259rind\u0259 apar\u0131lan struktur v\u0259 kadr islahatlar\u0131 ictimaiyy\u0259t t\u0259r\u0259find\u0259n r\u0259\u011fb\u0259tl\u0259 qar\u015f\u0131lan\u0131r.<\/p>\n<p>Bu islahatlar\u0131n daha da ard\u0131c\u0131l v\u0259 sistemli xarakter almas\u0131 \u00fc\u00e7\u00fcn is\u0259 hakimiyy\u0259tin qanunverici qanad\u0131n\u0131n d\u00f6vr\u00fcn t\u0259l\u0259bl\u0259rin\u0259 uy\u011funla\u015fd\u0131r\u0131lmas\u0131 \u00f6n\u0259mlidir.<\/p>\n<p>Milli M\u0259clisin q\u0259bul etdiyi q\u0259rarda deyilir ki, parlamentd\u0259 dig\u0259r partiyalar\u0131 t\u0259msil ed\u0259n deputatlar, habel\u0259 bit\u0259r\u0259f mill\u0259t v\u0259kill\u0259ri qanunverici orqan\u0131n burax\u0131lmas\u0131 t\u0259\u015f\u0259bb\u00fcs\u00fcn\u0259 h\u0259mr\u0259ylik n\u00fcmayi\u015f etdirib.<\/p>\n<p>Onlar parlament f\u0259aliyy\u0259tinin yaranm\u0131\u015f v\u0259ziyy\u0259td\u0259 davam etdirilm\u0259sinin m\u00fcmk\u00fcns\u00fcz oldu\u011funu b\u0259yan edibl\u0259r.<\/p>\n<p>\u201cMilli M\u0259clis deputatlar\u0131n\u0131n m\u00fctl\u0259q \u0259ks\u0259riyy\u0259tinin parlament f\u0259aliyy\u0259tinin h\u0259yata ke\u00e7irilm\u0259sinin m\u00fcmk\u00fcns\u00fczl\u00fcy\u00fc bar\u0259d\u0259 q\u0259ti m\u00f6vqel\u0259rinin m\u00f6vcudlu\u011funun parlamentin \u00f6z f\u0259aliyy\u0259tini davam etdirm\u0259sinin qar\u015f\u0131s\u0131n\u0131 ald\u0131\u011f\u0131 n\u0259z\u0259r\u0259 al\u0131naraq, deputatlar\u0131n \u00f6lk\u0259 v\u0259t\u0259nda\u015flar\u0131 t\u0259r\u0259find\u0259n yenid\u0259n se\u00e7ilm\u0259si z\u0259ruridir\u201d, &#8211; dey\u0259 q\u0259rarda bildirilir.<\/p>\n<p>Parlamentin xalq\u0131n etimad\u0131n\u0131 yenid\u0259n qazanmas\u0131 \u00fc\u00e7\u00fcn apar\u0131lan kadr v\u0259 institutsional islahatlardan geri qalmamas\u0131 \u0259sas \u015f\u0259rtl\u0259rd\u0259n biridir.<\/p>\n<p>N\u00f6vb\u0259d\u0259nk\u0259nar parlament se\u00e7kil\u0259rind\u0259 hakim Yeni Az\u0259rbaycan Partiyas\u0131n\u0131n g\u0259nc, intellektual, \u00e7evik, hadis\u0259l\u0259ri daha operativ v\u0259 obyektiv qiym\u0259tl\u0259ndir\u0259n g\u0259ncl\u0259r korpusunu deputatl\u0131\u011fa namiz\u0259d kimi ir\u0259li s\u00fcr\u0259c\u0259yi g\u00f6zl\u0259nilir.<\/p>\n<p>Milli M\u0259clisin t\u0259rkibinin pe\u015f\u0259kar komanda s\u0259viyy\u0259sind\u0259 yenil\u0259nm\u0259si h\u0259m d\u0259 ona g\u00f6r\u0259 z\u0259rur\u0259t\u0259 \u00e7evrilib ki, hakimiyy\u0259tin h\u0259r \u00fc\u00e7 qolunun (icra, qanunverici v\u0259 m\u0259hk\u0259m\u0259) i\u015find\u0259 qar\u015f\u0131l\u0131ql\u0131 \u00e7eviklik art\u0131r\u0131ls\u0131n v\u0259 qanun \u00e7\u0259r\u00e7iv\u0259sind\u0259 koordinasiya s\u00fcr\u0259tl\u0259ndirilsin.<\/p>\n<p>Yeni deputat komandas\u0131 il\u0259 qanunverici hakimiyy\u0259tin d\u00f6vl\u0259tin qar\u015f\u0131ya qoydu\u011fu v\u0259zif\u0259l\u0259ri h\u0259yata ke\u00e7irm\u0259si \u00fc\u00e7\u00fcn faydal\u0131 i\u015f \u0259msal\u0131n\u0131 art\u0131raca\u011f\u0131 g\u00f6zl\u0259nilir.<\/p>\n<p>Qeyd ed\u0259k ki, Prezident \u0130lham \u018fliyev Milli M\u0259clisin m\u00fcraci\u0259tind\u0259 g\u00f6st\u0259rilmi\u015f parlamentin burax\u0131lmas\u0131 m\u0259s\u0259l\u0259sinin Konstitusiyaya uy\u011funlu\u011fu il\u0259 ba\u011fl\u0131 dekabr\u0131n 2-d\u0259 Konstitusiya M\u0259hk\u0259m\u0259sin\u0259 sor\u011fu g\u00f6nd\u0259rib.<\/p>\n<p>Sor\u011fuya mahiyy\u0259ti \u00fczr\u0259, t\u0259r\u0259fl\u0259rin i\u015ftirak\u0131 il\u0259 Konstitusiya M\u0259hk\u0259m\u0259si Plenumunun dekabr\u0131n 4-d\u0259, saat 12:00-a t\u0259yin edilmi\u015f iclas\u0131nda bax\u0131lacaq.<\/p>\n","protected":false},"excerpt":{"rendered":"<p>Dekabr\u0131n 2-d\u0259 Milli M\u0259clisin iclas\u0131nda parlamentin burax\u0131lmas\u0131 v\u0259 n\u00f6vb\u0259d\u0259nk\u0259nar se\u00e7kil\u0259rin t\u0259yin olunmas\u0131 haqq\u0131nda Prezident\u0259 m\u00fcraci\u0259t bar\u0259d\u0259 q\u0259rar q\u0259bul olunub. Parlamentin burax\u0131lmas\u0131 Az\u0259rbaycanda h\u0259yata ke\u00e7iril\u0259n k\u00f6kl\u00fc islahatlar\u0131n son d\u00f6vrd\u0259 keyfiyy\u0259tc\u0259 yeni m\u0259rh\u0259l\u0259y\u0259 q\u0259d\u0259m qoymas\u0131 il\u0259 \u0259laq\u0259dard\u0131r. Nazirl\u0259r Kabinetind\u0259, m\u0259rk\u0259zi v\u0259 yerli icra hakimiyy\u0259ti orqanlar\u0131nda, m\u0259hk\u0259m\u0259-h\u00fcquq sistemind\u0259, \u00fcmumiyy\u0259tl\u0259, d\u00f6vl\u0259t v\u0259 c\u0259miyy\u0259t h\u0259yat\u0131n\u0131n b\u00fct\u00fcn sah\u0259l\u0259rind\u0259 apar\u0131lan struktur v\u0259 kadr islahatlar\u0131 ictimaiyy\u0259t t\u0259r\u0259find\u0259n r\u0259\u011fb\u0259tl\u0259 qar\u015f\u0131lan\u0131r. Bu islahatlar\u0131n daha da ard\u0131c\u0131l v\u0259 sistemli xarakter almas\u0131 \u00fc\u00e7\u00fcn is\u0259 hakimiyy\u0259tin qanunverici qanad\u0131n\u0131n d\u00f6vr\u00fcn t\u0259l\u0259bl\u0259rin\u0259 uy\u011funla\u015fd\u0131r\u0131lmas\u0131 \u00f6n\u0259mlidir. Milli M\u0259clisin q\u0259bul etdiyi q\u0259rarda deyilir ki, parlamentd\u0259 dig\u0259r partiyalar\u0131 t\u0259msil&hellip;<\/p>\n","protected":false},"author":2,"featured_media":102926,"comment_status":"closed","ping_status":"closed","sticky":false,"template":"","format":"standard","meta":{"om_disable_all_campaigns":false,"_monsterinsights_skip_tracking":false,"_monsterinsights_sitenote_active":false,"_monsterinsights_sitenote_note":"","_monsterinsights_sitenote_category":0},"categories":[4],"tags":[],"aioseo_notices":[],"gutentor_comment":0,"rttpg_featured_image_url":{"full":["https:\/\/arantv.az\/wp-content\/uploads\/2019\/12\/c19ca531-0b51-4f73-9713-db8b7c788990.jpg",620,383,false],"landscape":["https:\/\/arantv.az\/wp-content\/uploads\/2019\/12\/c19ca531-0b51-4f73-9713-db8b7c788990.jpg",620,383,false],"portraits":["https:\/\/arantv.az\/wp-content\/uploads\/2019\/12\/c19ca531-0b51-4f73-9713-db8b7c788990.jpg",620,383,false],"thumbnail":["https:\/\/arantv.az\/wp-content\/uploads\/2019\/12\/c19ca531-0b51-4f73-9713-db8b7c788990-150x150.jpg",150,150,true],"medium":["https:\/\/arantv.az\/wp-content\/uploads\/2019\/12\/c19ca531-0b51-4f73-9713-db8b7c788990-300x185.jpg",300,185,true],"large":["https:\/\/arantv.az\/wp-content\/uploads\/2019\/12\/c19ca531-0b51-4f73-9713-db8b7c788990.jpg",620,383,false],"1536x1536":["https:\/\/arantv.az\/wp-content\/uploads\/2019\/12\/c19ca531-0b51-4f73-9713-db8b7c788990.jpg",620,383,false],"2048x2048":["https:\/\/arantv.az\/wp-content\/uploads\/2019\/12\/c19ca531-0b51-4f73-9713-db8b7c788990.jpg",620,383,false],"post-thumbnail":["https:\/\/arantv.az\/wp-content\/uploads\/2019\/12\/c19ca531-0b51-4f73-9713-db8b7c788990-240x172.jpg",240,172,true],"advps-thumb-one":["https:\/\/arantv.az\/wp-content\/uploads\/2019\/12\/c19ca531-0b51-4f73-9713-db8b7c788990.jpg",620,383,false]},"rttpg_author":{"display_name":"V\u00fcsal Rafiqo\u011flu","author_link":"https:\/\/arantv.az\/?author=2"},"rttpg_comment":0,"rttpg_category":"<a href=\"https:\/\/arantv.az\/?cat=4\" rel=\"category\">Siyas\u0259t<\/a>","rttpg_excerpt":"Dekabr\u0131n 2-d\u0259 Milli M\u0259clisin iclas\u0131nda parlamentin burax\u0131lmas\u0131 v\u0259 n\u00f6vb\u0259d\u0259nk\u0259nar se\u00e7kil\u0259rin t\u0259yin olunmas\u0131 haqq\u0131nda Prezident\u0259 m\u00fcraci\u0259t bar\u0259d\u0259 q\u0259rar q\u0259bul olunub. Parlamentin burax\u0131lmas\u0131 Az\u0259rbaycanda h\u0259yata ke\u00e7iril\u0259n k\u00f6kl\u00fc islahatlar\u0131n son d\u00f6vrd\u0259 keyfiyy\u0259tc\u0259 yeni m\u0259rh\u0259l\u0259y\u0259 q\u0259d\u0259m qoymas\u0131 il\u0259 \u0259laq\u0259dard\u0131r. Nazirl\u0259r Kabinetind\u0259, m\u0259rk\u0259zi v\u0259 yerli icra hakimiyy\u0259ti orqanlar\u0131nda, m\u0259hk\u0259m\u0259-h\u00fcquq sistemind\u0259, \u00fcmumiyy\u0259tl\u0259, d\u00f6vl\u0259t v\u0259 c\u0259miyy\u0259t h\u0259yat\u0131n\u0131n b\u00fct\u00fcn sah\u0259l\u0259rind\u0259 apar\u0131lan struktur v\u0259&hellip;","_links":{"self":[{"href":"https:\/\/arantv.az\/index.php?rest_route=\/wp\/v2\/posts\/103152"}],"collection":[{"href":"https:\/\/arantv.az\/index.php?rest_route=\/wp\/v2\/posts"}],"about":[{"href":"https:\/\/arantv.az\/index.php?rest_route=\/wp\/v2\/types\/post"}],"author":[{"embeddable":true,"href":"https:\/\/arantv.az\/index.php?rest_route=\/wp\/v2\/users\/2"}],"replies":[{"embeddable":true,"href":"https:\/\/arantv.az\/index.php?rest_route=%2Fwp%2Fv2%2Fcomments&post=103152"}],"version-history":[{"count":0,"href":"https:\/\/arantv.az\/index.php?rest_route=\/wp\/v2\/posts\/103152\/revisions"}],"wp:featuredmedia":[{"embeddable":true,"href":"https:\/\/arantv.az\/index.php?rest_route=\/wp\/v2\/media\/102926"}],"wp:attachment":[{"href":"https:\/\/arantv.az\/index.php?rest_route=%2Fwp%2Fv2%2Fmedia&parent=103152"}],"wp:term":[{"taxonomy":"category","embeddable":true,"href":"https:\/\/arantv.az\/index.php?rest_route=%2Fwp%2Fv2%2Fcategories&post=103152"},{"taxonomy":"post_tag","embeddable":true,"href":"https:\/\/arantv.az\/index.php?rest_route=%2Fwp%2Fv2%2Ftags&post=103152"}],"curies":[{"name":"wp","href":"https:\/\/api.w.org\/{rel}","templated":true}]}}