{"id":103203,"date":"2019-12-03T11:23:08","date_gmt":"2019-12-03T08:23:08","guid":{"rendered":"http:\/\/arantv.az\/?p=103203"},"modified":"2019-12-03T11:23:08","modified_gmt":"2019-12-03T08:23:08","slug":"m%c9%99mm%c9%99dyarov-v%c9%99-lavrovun-gorusu-basladi","status":"publish","type":"post","link":"https:\/\/arantv.az\/?p=103203","title":{"rendered":"M\u0259mm\u0259dyarov v\u0259 Lavrovun g\u00f6r\u00fc\u015f\u00fc ba\u015flad\u0131"},"content":{"rendered":"<p>Xarici \u0130\u015fl\u0259r naziri Elmar M\u0259mm\u0259dyarov v\u0259\u00a0 Rusiya Xarici \u0130\u015fl\u0259r naziri Serqey Lavrovun g\u00f6r\u00fc\u015f\u00fc ba\u015flay\u0131b.<\/p>\n<p><b>ARANTV.AZ<\/b>-\u0131n m\u0259lumat\u0131na g\u00f6r\u0259, g\u00f6r\u00fc\u015fd\u0259 iki \u00f6lk\u0259 aras\u0131nda qar\u015f\u0131l\u0131ql\u0131 \u0259m\u0259kda\u015fl\u0131q m\u0259s\u0259l\u0259l\u0259ri diqq\u0259t m\u0259rk\u0259zind\u0259 olacaq, nazirl\u0259r, h\u0259m\u00e7inin, beyn\u0259lxalq v\u0259 regional m\u0259s\u0259l\u0259l\u0259r \u0259traf\u0131nda fikir m\u00fcbadil\u0259si apar\u0131lacaq.<\/p>\n<p>Eyni\u00a0zamanda, nazirl\u0259r aras\u0131nda Da\u011fl\u0131q Qaraba\u011f m\u00fcnaqi\u015f\u0259sinin h\u0259lli yollar\u0131\u00a0m\u00fczakir\u0259 edil\u0259c\u0259k.<\/p>\n<p>Az\u0259rbaycan v\u0259 Rusiya X\u0130N-l\u0259ri aras\u0131nda 2020-ci il \u00fc\u00e7\u00fcn m\u0259sl\u0259h\u0259tl\u0259\u015fm\u0259 plan\u0131 da imzalanaca\u011f\u0131 g\u00f6zl\u0259nir.Oxu.Az<\/p>\n","protected":false},"excerpt":{"rendered":"<p>Xarici \u0130\u015fl\u0259r naziri Elmar M\u0259mm\u0259dyarov v\u0259\u00a0 Rusiya Xarici \u0130\u015fl\u0259r naziri Serqey Lavrovun g\u00f6r\u00fc\u015f\u00fc ba\u015flay\u0131b. ARANTV.AZ-\u0131n m\u0259lumat\u0131na g\u00f6r\u0259, g\u00f6r\u00fc\u015fd\u0259 iki \u00f6lk\u0259 aras\u0131nda qar\u015f\u0131l\u0131ql\u0131 \u0259m\u0259kda\u015fl\u0131q m\u0259s\u0259l\u0259l\u0259ri diqq\u0259t m\u0259rk\u0259zind\u0259 olacaq, nazirl\u0259r, h\u0259m\u00e7inin, beyn\u0259lxalq v\u0259 regional m\u0259s\u0259l\u0259l\u0259r \u0259traf\u0131nda fikir m\u00fcbadil\u0259si apar\u0131lacaq. Eyni\u00a0zamanda, nazirl\u0259r aras\u0131nda Da\u011fl\u0131q Qaraba\u011f m\u00fcnaqi\u015f\u0259sinin h\u0259lli yollar\u0131\u00a0m\u00fczakir\u0259 edil\u0259c\u0259k. Az\u0259rbaycan v\u0259 Rusiya X\u0130N-l\u0259ri aras\u0131nda 2020-ci il \u00fc\u00e7\u00fcn m\u0259sl\u0259h\u0259tl\u0259\u015fm\u0259 plan\u0131 da imzalanaca\u011f\u0131 g\u00f6zl\u0259nir.Oxu.Az<\/p>\n","protected":false},"author":2,"featured_media":103204,"comment_status":"closed","ping_status":"closed","sticky":false,"template":"","format":"standard","meta":{"om_disable_all_campaigns":false,"_monsterinsights_skip_tracking":false,"_monsterinsights_sitenote_active":false,"_monsterinsights_sitenote_note":"","_monsterinsights_sitenote_category":0},"categories":[4],"tags":[],"aioseo_notices":[],"gutentor_comment":0,"rttpg_featured_image_url":{"full":["https:\/\/arantv.az\/wp-content\/uploads\/2019\/12\/79205042_2488254058057363_3802392189904879616_n.jpg",620,417,false],"landscape":["https:\/\/arantv.az\/wp-content\/uploads\/2019\/12\/79205042_2488254058057363_3802392189904879616_n.jpg",620,417,false],"portraits":["https:\/\/arantv.az\/wp-content\/uploads\/2019\/12\/79205042_2488254058057363_3802392189904879616_n.jpg",620,417,false],"thumbnail":["https:\/\/arantv.az\/wp-content\/uploads\/2019\/12\/79205042_2488254058057363_3802392189904879616_n-150x150.jpg",150,150,true],"medium":["https:\/\/arantv.az\/wp-content\/uploads\/2019\/12\/79205042_2488254058057363_3802392189904879616_n-300x202.jpg",300,202,true],"large":["https:\/\/arantv.az\/wp-content\/uploads\/2019\/12\/79205042_2488254058057363_3802392189904879616_n.jpg",620,417,false],"1536x1536":["https:\/\/arantv.az\/wp-content\/uploads\/2019\/12\/79205042_2488254058057363_3802392189904879616_n.jpg",620,417,false],"2048x2048":["https:\/\/arantv.az\/wp-content\/uploads\/2019\/12\/79205042_2488254058057363_3802392189904879616_n.jpg",620,417,false],"post-thumbnail":["https:\/\/arantv.az\/wp-content\/uploads\/2019\/12\/79205042_2488254058057363_3802392189904879616_n-240x172.jpg",240,172,true],"advps-thumb-one":["https:\/\/arantv.az\/wp-content\/uploads\/2019\/12\/79205042_2488254058057363_3802392189904879616_n.jpg",620,417,false]},"rttpg_author":{"display_name":"V\u00fcsal Rafiqo\u011flu","author_link":"https:\/\/arantv.az\/?author=2"},"rttpg_comment":0,"rttpg_category":"<a href=\"https:\/\/arantv.az\/?cat=4\" rel=\"category\">Siyas\u0259t<\/a>","rttpg_excerpt":"Xarici \u0130\u015fl\u0259r naziri Elmar M\u0259mm\u0259dyarov v\u0259\u00a0 Rusiya Xarici \u0130\u015fl\u0259r naziri Serqey Lavrovun g\u00f6r\u00fc\u015f\u00fc ba\u015flay\u0131b. ARANTV.AZ-\u0131n m\u0259lumat\u0131na g\u00f6r\u0259, g\u00f6r\u00fc\u015fd\u0259 iki \u00f6lk\u0259 aras\u0131nda qar\u015f\u0131l\u0131ql\u0131 \u0259m\u0259kda\u015fl\u0131q m\u0259s\u0259l\u0259l\u0259ri diqq\u0259t m\u0259rk\u0259zind\u0259 olacaq, nazirl\u0259r, h\u0259m\u00e7inin, beyn\u0259lxalq v\u0259 regional m\u0259s\u0259l\u0259l\u0259r \u0259traf\u0131nda fikir m\u00fcbadil\u0259si apar\u0131lacaq. Eyni\u00a0zamanda, nazirl\u0259r aras\u0131nda Da\u011fl\u0131q Qaraba\u011f m\u00fcnaqi\u015f\u0259sinin h\u0259lli yollar\u0131\u00a0m\u00fczakir\u0259 edil\u0259c\u0259k. Az\u0259rbaycan v\u0259 Rusiya X\u0130N-l\u0259ri aras\u0131nda 2020-ci il \u00fc\u00e7\u00fcn m\u0259sl\u0259h\u0259tl\u0259\u015fm\u0259&hellip;","_links":{"self":[{"href":"https:\/\/arantv.az\/index.php?rest_route=\/wp\/v2\/posts\/103203"}],"collection":[{"href":"https:\/\/arantv.az\/index.php?rest_route=\/wp\/v2\/posts"}],"about":[{"href":"https:\/\/arantv.az\/index.php?rest_route=\/wp\/v2\/types\/post"}],"author":[{"embeddable":true,"href":"https:\/\/arantv.az\/index.php?rest_route=\/wp\/v2\/users\/2"}],"replies":[{"embeddable":true,"href":"https:\/\/arantv.az\/index.php?rest_route=%2Fwp%2Fv2%2Fcomments&post=103203"}],"version-history":[{"count":0,"href":"https:\/\/arantv.az\/index.php?rest_route=\/wp\/v2\/posts\/103203\/revisions"}],"wp:featuredmedia":[{"embeddable":true,"href":"https:\/\/arantv.az\/index.php?rest_route=\/wp\/v2\/media\/103204"}],"wp:attachment":[{"href":"https:\/\/arantv.az\/index.php?rest_route=%2Fwp%2Fv2%2Fmedia&parent=103203"}],"wp:term":[{"taxonomy":"category","embeddable":true,"href":"https:\/\/arantv.az\/index.php?rest_route=%2Fwp%2Fv2%2Fcategories&post=103203"},{"taxonomy":"post_tag","embeddable":true,"href":"https:\/\/arantv.az\/index.php?rest_route=%2Fwp%2Fv2%2Ftags&post=103203"}],"curies":[{"name":"wp","href":"https:\/\/api.w.org\/{rel}","templated":true}]}}