{"id":103228,"date":"2019-12-03T11:39:00","date_gmt":"2019-12-03T08:39:00","guid":{"rendered":"http:\/\/arantv.az\/?p=103228"},"modified":"2019-12-03T11:39:00","modified_gmt":"2019-12-03T08:39:00","slug":"yeni-yaradilacaq-parlamentin-q%c9%99bul-ed%c9%99c%c9%99yi-ilk-qanun-hansi-olacaq","status":"publish","type":"post","link":"https:\/\/arantv.az\/?p=103228","title":{"rendered":"Yeni yarad\u0131lacaq parlamentin q\u0259bul ed\u0259c\u0259yi ilk qanun hans\u0131 olacaq?"},"content":{"rendered":"<p>&#8220;Xaricd\u0259 ya\u015fayan soyda\u015flar v\u0259 diaspora t\u0259\u015fkilat\u0131 haqq\u0131nda&#8221; yeni qanun layih\u0259si haz\u0131rlan\u0131r.<\/p>\n<p><b>ARANTV.AZ<\/b>-\u0131n m\u0259lumat\u0131na g\u00f6r\u0259, bu bar\u0259d\u0259 parlamentin bu g\u00fcn ke\u00e7iril\u0259n iclas\u0131nda Milli M\u0259clisin M\u0259d\u0259niyy\u0259t komit\u0259sinin s\u0259dri Rafael H\u00fcseynov m\u0259lumat verib.<br \/>\nO bildirib ki, yax\u0131n vaxtlarda formala\u015facaq yeni parlamentin ilk q\u0259bul etdiyi qanunlardan biri d\u0259 m\u0259hz o olacaq: &#8220;D\u00fcnyan\u0131n m\u00fcxt\u0259lif \u00f6lk\u0259l\u0259rind\u0259 ya\u015fayan h\u0259mv\u0259t\u0259nl\u0259rimiz, diaspora t\u0259msil\u00e7il\u0259ri bel\u0259 qanunu \u00e7oxdan g\u00f6zl\u0259yir. Yeni qanun layih\u0259si bir s\u0131ra m\u0259s\u0259l\u0259l\u0259rl\u0259 yana\u015f\u0131, soyda\u015f anlay\u0131\u015f\u0131n\u0131n statusunu da m\u00fc\u0259yy\u0259nl\u0259\u015fdir\u0259c\u0259k. Onlara v\u0259siq\u0259 verilm\u0259si d\u0259 n\u0259z\u0259rd\u0259 tutulur. Bu da onlar\u0131n bir \u00e7ox m\u00f6vcud probleml\u0259rinin h\u0259llin\u0259 m\u00fcsb\u0259t t\u0259sir g\u00f6st\u0259r\u0259c\u0259k&#8221;.Sonxeber.az<\/p>\n","protected":false},"excerpt":{"rendered":"<p>&#8220;Xaricd\u0259 ya\u015fayan soyda\u015flar v\u0259 diaspora t\u0259\u015fkilat\u0131 haqq\u0131nda&#8221; yeni qanun layih\u0259si haz\u0131rlan\u0131r. ARANTV.AZ-\u0131n m\u0259lumat\u0131na g\u00f6r\u0259, bu bar\u0259d\u0259 parlamentin bu g\u00fcn ke\u00e7iril\u0259n iclas\u0131nda Milli M\u0259clisin M\u0259d\u0259niyy\u0259t komit\u0259sinin s\u0259dri Rafael H\u00fcseynov m\u0259lumat verib. O bildirib ki, yax\u0131n vaxtlarda formala\u015facaq yeni parlamentin ilk q\u0259bul etdiyi qanunlardan biri d\u0259 m\u0259hz o olacaq: &#8220;D\u00fcnyan\u0131n m\u00fcxt\u0259lif \u00f6lk\u0259l\u0259rind\u0259 ya\u015fayan h\u0259mv\u0259t\u0259nl\u0259rimiz, diaspora t\u0259msil\u00e7il\u0259ri bel\u0259 qanunu \u00e7oxdan g\u00f6zl\u0259yir. Yeni qanun layih\u0259si bir s\u0131ra m\u0259s\u0259l\u0259l\u0259rl\u0259 yana\u015f\u0131, soyda\u015f anlay\u0131\u015f\u0131n\u0131n statusunu da m\u00fc\u0259yy\u0259nl\u0259\u015fdir\u0259c\u0259k. Onlara v\u0259siq\u0259 verilm\u0259si d\u0259 n\u0259z\u0259rd\u0259 tutulur. Bu da onlar\u0131n bir \u00e7ox m\u00f6vcud probleml\u0259rinin h\u0259llin\u0259 m\u00fcsb\u0259t t\u0259sir g\u00f6st\u0259r\u0259c\u0259k&#8221;.Sonxeber.az<\/p>\n","protected":false},"author":2,"featured_media":103229,"comment_status":"closed","ping_status":"closed","sticky":false,"template":"","format":"standard","meta":{"om_disable_all_campaigns":false,"_monsterinsights_skip_tracking":false,"_monsterinsights_sitenote_active":false,"_monsterinsights_sitenote_note":"","_monsterinsights_sitenote_category":0},"categories":[19],"tags":[],"aioseo_notices":[],"gutentor_comment":0,"rttpg_featured_image_url":{"full":["https:\/\/arantv.az\/wp-content\/uploads\/2019\/12\/15516136972069525001_1000x669.jpg",549,365,false],"landscape":["https:\/\/arantv.az\/wp-content\/uploads\/2019\/12\/15516136972069525001_1000x669.jpg",549,365,false],"portraits":["https:\/\/arantv.az\/wp-content\/uploads\/2019\/12\/15516136972069525001_1000x669.jpg",549,365,false],"thumbnail":["https:\/\/arantv.az\/wp-content\/uploads\/2019\/12\/15516136972069525001_1000x669-150x150.jpg",150,150,true],"medium":["https:\/\/arantv.az\/wp-content\/uploads\/2019\/12\/15516136972069525001_1000x669-300x199.jpg",300,199,true],"large":["https:\/\/arantv.az\/wp-content\/uploads\/2019\/12\/15516136972069525001_1000x669.jpg",549,365,false],"1536x1536":["https:\/\/arantv.az\/wp-content\/uploads\/2019\/12\/15516136972069525001_1000x669.jpg",549,365,false],"2048x2048":["https:\/\/arantv.az\/wp-content\/uploads\/2019\/12\/15516136972069525001_1000x669.jpg",549,365,false],"post-thumbnail":["https:\/\/arantv.az\/wp-content\/uploads\/2019\/12\/15516136972069525001_1000x669-240x172.jpg",240,172,true],"advps-thumb-one":["https:\/\/arantv.az\/wp-content\/uploads\/2019\/12\/15516136972069525001_1000x669.jpg",549,365,false]},"rttpg_author":{"display_name":"V\u00fcsal Rafiqo\u011flu","author_link":"https:\/\/arantv.az\/?author=2"},"rttpg_comment":0,"rttpg_category":"<a href=\"https:\/\/arantv.az\/?cat=19\" rel=\"category\">G\u00fcnd\u0259m<\/a>","rttpg_excerpt":"&#8220;Xaricd\u0259 ya\u015fayan soyda\u015flar v\u0259 diaspora t\u0259\u015fkilat\u0131 haqq\u0131nda&#8221; yeni qanun layih\u0259si haz\u0131rlan\u0131r. ARANTV.AZ-\u0131n m\u0259lumat\u0131na g\u00f6r\u0259, bu bar\u0259d\u0259 parlamentin bu g\u00fcn ke\u00e7iril\u0259n iclas\u0131nda Milli M\u0259clisin M\u0259d\u0259niyy\u0259t komit\u0259sinin s\u0259dri Rafael H\u00fcseynov m\u0259lumat verib. O bildirib ki, yax\u0131n vaxtlarda formala\u015facaq yeni parlamentin ilk q\u0259bul etdiyi qanunlardan biri d\u0259 m\u0259hz o olacaq: &#8220;D\u00fcnyan\u0131n m\u00fcxt\u0259lif \u00f6lk\u0259l\u0259rind\u0259 ya\u015fayan h\u0259mv\u0259t\u0259nl\u0259rimiz, diaspora t\u0259msil\u00e7il\u0259ri bel\u0259&hellip;","_links":{"self":[{"href":"https:\/\/arantv.az\/index.php?rest_route=\/wp\/v2\/posts\/103228"}],"collection":[{"href":"https:\/\/arantv.az\/index.php?rest_route=\/wp\/v2\/posts"}],"about":[{"href":"https:\/\/arantv.az\/index.php?rest_route=\/wp\/v2\/types\/post"}],"author":[{"embeddable":true,"href":"https:\/\/arantv.az\/index.php?rest_route=\/wp\/v2\/users\/2"}],"replies":[{"embeddable":true,"href":"https:\/\/arantv.az\/index.php?rest_route=%2Fwp%2Fv2%2Fcomments&post=103228"}],"version-history":[{"count":0,"href":"https:\/\/arantv.az\/index.php?rest_route=\/wp\/v2\/posts\/103228\/revisions"}],"wp:featuredmedia":[{"embeddable":true,"href":"https:\/\/arantv.az\/index.php?rest_route=\/wp\/v2\/media\/103229"}],"wp:attachment":[{"href":"https:\/\/arantv.az\/index.php?rest_route=%2Fwp%2Fv2%2Fmedia&parent=103228"}],"wp:term":[{"taxonomy":"category","embeddable":true,"href":"https:\/\/arantv.az\/index.php?rest_route=%2Fwp%2Fv2%2Fcategories&post=103228"},{"taxonomy":"post_tag","embeddable":true,"href":"https:\/\/arantv.az\/index.php?rest_route=%2Fwp%2Fv2%2Ftags&post=103228"}],"curies":[{"name":"wp","href":"https:\/\/api.w.org\/{rel}","templated":true}]}}