{"id":103283,"date":"2019-12-03T12:21:10","date_gmt":"2019-12-03T09:21:10","guid":{"rendered":"http:\/\/arantv.az\/?p=103283"},"modified":"2019-12-03T12:21:10","modified_gmt":"2019-12-03T09:21:10","slug":"nazir-muavini-aqrar-xidm%c9%99tl%c9%99r-fermerl%c9%99r-ucun-daha-%c9%99lcatan-olacaq","status":"publish","type":"post","link":"https:\/\/arantv.az\/?p=103283","title":{"rendered":"Nazir m\u00fcavini: &#8220;Aqrar xidm\u0259tl\u0259r fermerl\u0259r \u00fc\u00e7\u00fcn daha \u0259l\u00e7atan olacaq&#8221;"},"content":{"rendered":"<blockquote><p><em><strong>Elektron K\u0259nd T\u0259s\u0259rr\u00fcfat\u0131 \u0130nformasiya Sisteminin t\u0259tbiqi aqrar xidm\u0259tl\u0259ri fermerl\u0259r \u00fc\u00e7\u00fcn daha \u0259l\u00e7atan edir. Xidm\u0259tl\u0259rin elektronla\u015fd\u0131r\u0131lmas\u0131 subsidiyalar\u0131n verilm\u0259sind\u0259 vaxt itkisini aradan qald\u0131racaq, prosesin daha \u015f\u0259ffaf \u015f\u0259kild\u0259 t\u0259min olunmas\u0131na imkan ver\u0259c\u0259k, \u00fcnvanl\u0131l\u0131\u011f\u0131 t\u0259min ed\u0259c\u0259k.<\/strong><\/em><\/p><\/blockquote>\n<p><strong>ARANTV.AZ<\/strong>\u00a0<a href=\"https:\/\/az.trend.az\/\" target=\"_blank\" rel=\"noopener\">Trend<\/a>-\u0259 istinad\u0259n x\u0259b\u0259r verir ki, bu fikirl\u0259ri K\u0259nd T\u0259s\u0259rr\u00fcfat\u0131 nazirinin m\u00fcavini \u0130lham Quliyev \u015eabran v\u0259 Siy\u0259z\u0259n rayonlar\u0131nda ke\u00e7irdiyi g\u00f6r\u00fc\u015fd\u0259 deyib.<\/p>\n<p>Nazir m\u00fcavini bildirib ki, fermerl\u0259rin Elektron K\u0259nd T\u0259s\u0259rr\u00fcfat\u0131 \u0130nformasiya Sistemind\u0259 qeydiyyatdan ke\u00e7m\u0259si istiqam\u0259tind\u0259 2019-cu il \u0259rzind\u0259 m\u00fch\u00fcm i\u015fl\u0259r g\u00f6r\u00fcl\u00fcb: &#8220;\u0130ndi is\u0259 prosesin daha m\u00fch\u00fcm m\u0259rh\u0259l\u0259si &#8211; pay\u0131zl\u0131q \u0259kinl\u0259rin b\u0259yan edilm\u0259si d\u00f6vr\u00fc ba\u015flan\u0131b. Fermerl\u0259r hans\u0131 m\u0259hsulu \u0259kdikl\u0259rini sistemd\u0259 b\u0259yan etm\u0259lidir. 2020-ci ild\u0259n subsidiyalar bu b\u0259yannam\u0259l\u0259r \u0259sas\u0131nda veril\u0259c\u0259k. Art\u0131q 110 mind\u0259n art\u0131q fermer pay\u0131zl\u0131q \u0259kini b\u0259yan edibl\u0259r. Fermerl\u0259rimizi bu prosesi s\u00fcr\u0259tl\u0259ndirm\u0259y\u0259, yerli icra hakimiyy\u0259ti orqanlar\u0131n\u0131 s\u0259n\u0259dl\u0259rin toplanmas\u0131, yenil\u0259nm\u0259si, meydana \u00e7\u0131xa bil\u0259c\u0259k texniki probleml\u0259rin h\u0259lli m\u0259s\u0259l\u0259sind\u0259 fermerl\u0259r\u0259 d\u0259st\u0259k olma\u011fa \u00e7a\u011f\u0131r\u0131ram&#8221;.<\/p>\n<p>G\u00f6r\u00fc\u015fl\u0259rd\u0259 yerli icra hakimiyy\u0259ti strukturlar\u0131n\u0131n n\u00fcmay\u0259nd\u0259l\u0259ri, D\u00f6vl\u0259t Aqrar \u0130nki\u015faf M\u0259rk\u0259zl\u0259rinin r\u0259hb\u0259rl\u0259ri, EKT\u0130S-in t\u0259tbiqind\u0259 i\u015ftirak ed\u0259n \u0259m\u0259kda\u015flar, b\u0259l\u0259diyy\u0259 s\u0259drl\u0259ri, fermerl\u0259r i\u015ftirak edibl\u0259r.<\/p>\n<p>M\u00fczakir\u0259l\u0259r zaman\u0131 K\u0259nd T\u0259s\u0259rr\u00fcfat\u0131 Nazirliyinin r\u0259hb\u0259r \u015f\u0259xsl\u0259ri EKT\u0130S-in t\u0259tbiqi il\u0259 \u0259laq\u0259dar veril\u0259n suallar\u0131 cavabland\u0131r\u0131b, yeni subsidiya mexanizminin fermerl\u0259r \u00fc\u00e7\u00fcn yaratd\u0131\u011f\u0131 \u00fcst\u00fcnl\u00fckl\u0259r bar\u0259d\u0259 izahat i\u015fi apar\u0131blar.<\/p>\n<p>Qeyd ed\u0259k ki, K\u0259nd T\u0259s\u0259rr\u00fcfat\u0131 Nazirliyinin r\u0259hb\u0259r hey\u0259ti EKT\u0130S-in t\u0259tbiqi v\u0259 pay\u0131zl\u0131q \u0259kinl\u0259rin b\u0259yan edilm\u0259si m\u0259rh\u0259l\u0259sinin ba\u015flamas\u0131 il\u0259 \u0259laq\u0259dar b\u00fct\u00fcn b\u00f6lg\u0259l\u0259rd\u0259 maarifl\u0259ndirici sessiyalar ke\u00e7irir. Bu g\u00fcn analoji g\u00f6r\u00fc\u015fl\u0259rin \u0130mi\u015fli, Saatl\u0131 v\u0259 Sabirabad rayonlar\u0131nda ke\u00e7irilm\u0259si n\u0259z\u0259rd\u0259 tutulur.<\/p>\n","protected":false},"excerpt":{"rendered":"<p>Elektron K\u0259nd T\u0259s\u0259rr\u00fcfat\u0131 \u0130nformasiya Sisteminin t\u0259tbiqi aqrar xidm\u0259tl\u0259ri fermerl\u0259r \u00fc\u00e7\u00fcn daha \u0259l\u00e7atan edir. Xidm\u0259tl\u0259rin elektronla\u015fd\u0131r\u0131lmas\u0131 subsidiyalar\u0131n verilm\u0259sind\u0259 vaxt itkisini aradan qald\u0131racaq, prosesin daha \u015f\u0259ffaf \u015f\u0259kild\u0259 t\u0259min olunmas\u0131na imkan ver\u0259c\u0259k, \u00fcnvanl\u0131l\u0131\u011f\u0131 t\u0259min ed\u0259c\u0259k. ARANTV.AZ\u00a0Trend-\u0259 istinad\u0259n x\u0259b\u0259r verir ki, bu fikirl\u0259ri K\u0259nd T\u0259s\u0259rr\u00fcfat\u0131 nazirinin m\u00fcavini \u0130lham Quliyev \u015eabran v\u0259 Siy\u0259z\u0259n rayonlar\u0131nda ke\u00e7irdiyi g\u00f6r\u00fc\u015fd\u0259 deyib. Nazir m\u00fcavini bildirib ki, fermerl\u0259rin Elektron K\u0259nd T\u0259s\u0259rr\u00fcfat\u0131 \u0130nformasiya Sistemind\u0259 qeydiyyatdan ke\u00e7m\u0259si istiqam\u0259tind\u0259 2019-cu il \u0259rzind\u0259 m\u00fch\u00fcm i\u015fl\u0259r g\u00f6r\u00fcl\u00fcb: &#8220;\u0130ndi is\u0259 prosesin daha m\u00fch\u00fcm m\u0259rh\u0259l\u0259si &#8211; pay\u0131zl\u0131q \u0259kinl\u0259rin b\u0259yan edilm\u0259si d\u00f6vr\u00fc ba\u015flan\u0131b. Fermerl\u0259r hans\u0131 m\u0259hsulu \u0259kdikl\u0259rini sistemd\u0259 b\u0259yan&hellip;<\/p>\n","protected":false},"author":2,"featured_media":103284,"comment_status":"closed","ping_status":"closed","sticky":false,"template":"","format":"standard","meta":{"om_disable_all_campaigns":false,"_monsterinsights_skip_tracking":false,"_monsterinsights_sitenote_active":false,"_monsterinsights_sitenote_note":"","_monsterinsights_sitenote_category":0},"categories":[1],"tags":[],"aioseo_notices":[],"gutentor_comment":0,"rttpg_featured_image_url":{"full":["https:\/\/arantv.az\/wp-content\/uploads\/2019\/12\/807324.jpg",800,600,false],"landscape":["https:\/\/arantv.az\/wp-content\/uploads\/2019\/12\/807324.jpg",800,600,false],"portraits":["https:\/\/arantv.az\/wp-content\/uploads\/2019\/12\/807324.jpg",800,600,false],"thumbnail":["https:\/\/arantv.az\/wp-content\/uploads\/2019\/12\/807324-150x150.jpg",150,150,true],"medium":["https:\/\/arantv.az\/wp-content\/uploads\/2019\/12\/807324-300x225.jpg",300,225,true],"large":["https:\/\/arantv.az\/wp-content\/uploads\/2019\/12\/807324.jpg",640,480,false],"1536x1536":["https:\/\/arantv.az\/wp-content\/uploads\/2019\/12\/807324.jpg",800,600,false],"2048x2048":["https:\/\/arantv.az\/wp-content\/uploads\/2019\/12\/807324.jpg",800,600,false],"post-thumbnail":["https:\/\/arantv.az\/wp-content\/uploads\/2019\/12\/807324-240x172.jpg",240,172,true],"advps-thumb-one":["https:\/\/arantv.az\/wp-content\/uploads\/2019\/12\/807324.jpg",800,600,false]},"rttpg_author":{"display_name":"V\u00fcsal Rafiqo\u011flu","author_link":"https:\/\/arantv.az\/?author=2"},"rttpg_comment":0,"rttpg_category":"<a href=\"https:\/\/arantv.az\/?cat=1\" rel=\"category\">C\u0259miyy\u0259t<\/a>","rttpg_excerpt":"Elektron K\u0259nd T\u0259s\u0259rr\u00fcfat\u0131 \u0130nformasiya Sisteminin t\u0259tbiqi aqrar xidm\u0259tl\u0259ri fermerl\u0259r \u00fc\u00e7\u00fcn daha \u0259l\u00e7atan edir. Xidm\u0259tl\u0259rin elektronla\u015fd\u0131r\u0131lmas\u0131 subsidiyalar\u0131n verilm\u0259sind\u0259 vaxt itkisini aradan qald\u0131racaq, prosesin daha \u015f\u0259ffaf \u015f\u0259kild\u0259 t\u0259min olunmas\u0131na imkan ver\u0259c\u0259k, \u00fcnvanl\u0131l\u0131\u011f\u0131 t\u0259min ed\u0259c\u0259k. ARANTV.AZ\u00a0Trend-\u0259 istinad\u0259n x\u0259b\u0259r verir ki, bu fikirl\u0259ri K\u0259nd T\u0259s\u0259rr\u00fcfat\u0131 nazirinin m\u00fcavini \u0130lham Quliyev \u015eabran v\u0259 Siy\u0259z\u0259n rayonlar\u0131nda ke\u00e7irdiyi g\u00f6r\u00fc\u015fd\u0259 deyib. Nazir m\u00fcavini bildirib&hellip;","_links":{"self":[{"href":"https:\/\/arantv.az\/index.php?rest_route=\/wp\/v2\/posts\/103283"}],"collection":[{"href":"https:\/\/arantv.az\/index.php?rest_route=\/wp\/v2\/posts"}],"about":[{"href":"https:\/\/arantv.az\/index.php?rest_route=\/wp\/v2\/types\/post"}],"author":[{"embeddable":true,"href":"https:\/\/arantv.az\/index.php?rest_route=\/wp\/v2\/users\/2"}],"replies":[{"embeddable":true,"href":"https:\/\/arantv.az\/index.php?rest_route=%2Fwp%2Fv2%2Fcomments&post=103283"}],"version-history":[{"count":0,"href":"https:\/\/arantv.az\/index.php?rest_route=\/wp\/v2\/posts\/103283\/revisions"}],"wp:featuredmedia":[{"embeddable":true,"href":"https:\/\/arantv.az\/index.php?rest_route=\/wp\/v2\/media\/103284"}],"wp:attachment":[{"href":"https:\/\/arantv.az\/index.php?rest_route=%2Fwp%2Fv2%2Fmedia&parent=103283"}],"wp:term":[{"taxonomy":"category","embeddable":true,"href":"https:\/\/arantv.az\/index.php?rest_route=%2Fwp%2Fv2%2Fcategories&post=103283"},{"taxonomy":"post_tag","embeddable":true,"href":"https:\/\/arantv.az\/index.php?rest_route=%2Fwp%2Fv2%2Ftags&post=103283"}],"curies":[{"name":"wp","href":"https:\/\/api.w.org\/{rel}","templated":true}]}}