{"id":103295,"date":"2019-12-03T13:01:40","date_gmt":"2019-12-03T10:01:40","guid":{"rendered":"http:\/\/arantv.az\/?p=103295"},"modified":"2019-12-03T13:01:40","modified_gmt":"2019-12-03T10:01:40","slug":"prezident-ilham-%c9%99liyev-az%c9%99rbaycanda-innovasiya-ekosisteminin-yuks%c9%99k-texnologiyalarin-inkisafi-ucun-%c9%99lverisli-muhit-movcuddur","status":"publish","type":"post","link":"https:\/\/arantv.az\/?p=103295","title":{"rendered":"Prezident \u0130lham \u018fliyev: &#8220;Az\u0259rbaycanda innovasiya ekosisteminin, y\u00fcks\u0259k texnologiyalar\u0131n inki\u015faf\u0131 \u00fc\u00e7\u00fcn \u0259lveri\u015fli m\u00fchit m\u00f6vcuddur&#8221;"},"content":{"rendered":"<p>Az\u0259rbaycan Respublikas\u0131 Prezidenti \u0130lham \u018fliyev XXV beyn\u0259lxalq &#8220;Bakutel 2019&#8221; telekommunikasiya, innovasiya v\u0259 y\u00fcks\u0259k texnologiyalar s\u0259rgisinin i\u015ftirak\u00e7\u0131lar\u0131na t\u0259brik m\u0259ktubu \u00fcnvanlay\u0131b.<\/p>\n<p><strong>ARANTV.AZ<\/strong>\u00a0 AZ\u018fRTAC-a istinad\u0259n x\u0259b\u0259r verir ki, t\u0259brikd\u0259 deyilir:<\/p>\n<p>&#8220;H\u00f6rm\u0259tli s\u0259rgi i\u015ftirak\u00e7\u0131lar\u0131!<\/p>\n<p>Sizi Bak\u0131 \u015f\u0259h\u0259rind\u0259 XXV beyn\u0259lxalq &#8220;Bakutel 2019&#8221; telekommunikasiya, innovasiya v\u0259 y\u00fcks\u0259k texnologiyalar s\u0259rgisinin i\u015f\u0259 ba\u015flamas\u0131 m\u00fcnasib\u0259til\u0259 salamlay\u0131r, h\u0259r biriniz\u0259 f\u0259aliyy\u0259tinizd\u0259 u\u011furlar arzulay\u0131ram.<\/p>\n<p>\u0130yirmi be\u015f ildir ki, t\u0259\u015fkil edil\u0259n \u0259n\u0259n\u0259vi &#8220;Bakutel&#8221; s\u0259rgisi regionun informasiya v\u0259 kommunikasiya texnologiyalar\u0131 \u00fczr\u0259 m\u00f6t\u0259b\u0259r t\u0259dbirl\u0259rind\u0259ndir. S\u0259rgi t\u0259kc\u0259 Az\u0259rbaycan\u0131n deyil, el\u0259c\u0259 d\u0259 d\u00fcnyan\u0131n bir \u00e7ox \u00f6lk\u0259l\u0259ri v\u0259 apar\u0131c\u0131 \u015firk\u0259tl\u0259rinin qabaqc\u0131l texnologiyalar sah\u0259sind\u0259 \u0259n yeni nailiyy\u0259tl\u0259rinin t\u0259qdim olundu\u011fu m\u00fch\u00fcm platformaya \u00e7evrilmi\u015fdir.<\/p>\n<p>T\u0259qdir\u0259layiq hald\u0131r ki, D\u00fcnya \u0130qtisadi Forumunun qlobal informasiya texnologiyalar\u0131na dair son hesabat\u0131nda Az\u0259rbaycan informasiya-kommunikasiya texnologiyalar\u0131na verdiyi \u0259h\u0259miyy\u0259t\u0259 g\u00f6r\u0259 139 \u00f6lk\u0259 aras\u0131nda 8-ci yerd\u0259 q\u0259rarla\u015fm\u0131\u015fd\u0131r.<\/p>\n<p>\u00d6lk\u0259mizd\u0259 innovasiya ekosisteminin, y\u00fcks\u0259k texnologiyalar\u0131n inki\u015faf\u0131 v\u0259 c\u0259miyy\u0259tin bu texnologiyalar\u0131n imkanlar\u0131ndan faydalanmas\u0131 \u00fc\u00e7\u00fcn \u0259lveri\u015fli m\u00fchit m\u00f6vcuddur.<\/p>\n<p>Telekommunikasiya sah\u0259sind\u0259 yeni texnologiyalar\u0131n istifad\u0259si, xidm\u0259t \u015f\u0259b\u0259k\u0259sinin m\u00fcasir standartlara uy\u011funla\u015fd\u0131r\u0131lmas\u0131 v\u0259 yeni xidm\u0259tl\u0259rl\u0259 ba\u011fl\u0131 m\u00fcvafiq i\u015fl\u0259r apar\u0131l\u0131r. Regionlarda m\u00fcasir telekommunikasiya xidm\u0259tl\u0259ri istiqam\u0259tind\u0259 irimiqyasl\u0131 layih\u0259l\u0259r icra olunur. \u0130nnovativ layih\u0259l\u0259r\u0259 d\u00f6vl\u0259t d\u0259st\u0259yi bu sah\u0259nin potensial\u0131n\u0131n art\u0131r\u0131lmas\u0131n\u0131, startaplar\u0131n geni\u015fl\u0259nm\u0259sini v\u0259 t\u0259\u015f\u0259bb\u00fcskarl\u0131\u011f\u0131n y\u00fcks\u0259lm\u0259sini t\u0259min edir, bu is\u0259 b\u00fct\u00f6vl\u00fckd\u0259 \u00f6lk\u0259 iqtisadiyyat\u0131n\u0131n dayan\u0131ql\u0131 inki\u015faf\u0131na m\u00fcsb\u0259t t\u0259sir g\u00f6st\u0259rir.<\/p>\n<p>S\u0259rgid\u0259 bir \u00e7ox yeni i\u015ftirak\u00e7\u0131lar\u0131n da milli pavilyonlarla t\u0259msil olunmas\u0131 beyn\u0259lxalq al\u0259md\u0259 \u00f6z\u00fcn\u0259m\u0259xsus m\u00f6vqe v\u0259 n\u00fcfuza malik Az\u0259rbaycanla informasiya-kommunikasiya texnologiyalar\u0131 sah\u0259sind\u0259 \u0259m\u0259kda\u015fl\u0131\u011fa artan mara\u011f\u0131n t\u0259zah\u00fcr\u00fcd\u00fcr.<\/p>\n<p>Bu t\u0259dbir siz\u0259 qabaqc\u0131l texnoloji nailiyy\u0259tl\u0259rin v\u0259 yenilikl\u0259rin t\u0259qdimat\u0131, biznes \u0259laq\u0259l\u0259rinin qurulmas\u0131 v\u0259 t\u0259cr\u00fcb\u0259 m\u00fcbadil\u0259si il\u0259 yana\u015f\u0131, h\u0259m\u00e7inin \u00f6lk\u0259mizi yax\u0131ndan tan\u0131ma\u011f\u0131n\u0131za \u015f\u0259rait yarad\u0131r.<\/p>\n<p>\u0130nan\u0131ram ki, s\u0259rgi \u00e7\u0259r\u00e7iv\u0259sind\u0259 g\u00f6r\u00fc\u015fl\u0259r v\u0259 fikir m\u00fcbadil\u0259si yeni t\u0259\u015f\u0259bb\u00fcsl\u0259rin meydana \u00e7\u0131xmas\u0131 v\u0259 m\u00fcv\u0259ff\u0259qiyy\u0259tl\u0259 ger\u00e7\u0259kl\u0259\u015fm\u0259si bax\u0131m\u0131ndan \u0259h\u0259miyy\u0259tli olub, qar\u015f\u0131l\u0131ql\u0131 \u0259laq\u0259l\u0259rin daha da d\u0259rinl\u0259\u015fm\u0259sin\u0259 \u00f6z t\u00f6hf\u0259sini ver\u0259c\u0259kdir&#8221;.<\/p>\n","protected":false},"excerpt":{"rendered":"<p>Az\u0259rbaycan Respublikas\u0131 Prezidenti \u0130lham \u018fliyev XXV beyn\u0259lxalq &#8220;Bakutel 2019&#8221; telekommunikasiya, innovasiya v\u0259 y\u00fcks\u0259k texnologiyalar s\u0259rgisinin i\u015ftirak\u00e7\u0131lar\u0131na t\u0259brik m\u0259ktubu \u00fcnvanlay\u0131b. ARANTV.AZ\u00a0 AZ\u018fRTAC-a istinad\u0259n x\u0259b\u0259r verir ki, t\u0259brikd\u0259 deyilir: &#8220;H\u00f6rm\u0259tli s\u0259rgi i\u015ftirak\u00e7\u0131lar\u0131! Sizi Bak\u0131 \u015f\u0259h\u0259rind\u0259 XXV beyn\u0259lxalq &#8220;Bakutel 2019&#8221; telekommunikasiya, innovasiya v\u0259 y\u00fcks\u0259k texnologiyalar s\u0259rgisinin i\u015f\u0259 ba\u015flamas\u0131 m\u00fcnasib\u0259til\u0259 salamlay\u0131r, h\u0259r biriniz\u0259 f\u0259aliyy\u0259tinizd\u0259 u\u011furlar arzulay\u0131ram. \u0130yirmi be\u015f ildir ki, t\u0259\u015fkil edil\u0259n \u0259n\u0259n\u0259vi &#8220;Bakutel&#8221; s\u0259rgisi regionun informasiya v\u0259 kommunikasiya texnologiyalar\u0131 \u00fczr\u0259 m\u00f6t\u0259b\u0259r t\u0259dbirl\u0259rind\u0259ndir. S\u0259rgi t\u0259kc\u0259 Az\u0259rbaycan\u0131n deyil, el\u0259c\u0259 d\u0259 d\u00fcnyan\u0131n bir \u00e7ox \u00f6lk\u0259l\u0259ri v\u0259 apar\u0131c\u0131 \u015firk\u0259tl\u0259rinin qabaqc\u0131l texnologiyalar sah\u0259sind\u0259 \u0259n yeni nailiyy\u0259tl\u0259rinin t\u0259qdim olundu\u011fu&hellip;<\/p>\n","protected":false},"author":2,"featured_media":103296,"comment_status":"closed","ping_status":"closed","sticky":false,"template":"","format":"standard","meta":{"om_disable_all_campaigns":false,"_monsterinsights_skip_tracking":false,"_monsterinsights_sitenote_active":false,"_monsterinsights_sitenote_note":"","_monsterinsights_sitenote_category":0},"categories":[4],"tags":[],"aioseo_notices":[],"gutentor_comment":0,"rttpg_featured_image_url":{"full":["https:\/\/arantv.az\/wp-content\/uploads\/2019\/12\/2018_ilham_aliyev_05.jpg",1200,900,false],"landscape":["https:\/\/arantv.az\/wp-content\/uploads\/2019\/12\/2018_ilham_aliyev_05.jpg",1200,900,false],"portraits":["https:\/\/arantv.az\/wp-content\/uploads\/2019\/12\/2018_ilham_aliyev_05.jpg",1200,900,false],"thumbnail":["https:\/\/arantv.az\/wp-content\/uploads\/2019\/12\/2018_ilham_aliyev_05-150x150.jpg",150,150,true],"medium":["https:\/\/arantv.az\/wp-content\/uploads\/2019\/12\/2018_ilham_aliyev_05-300x225.jpg",300,225,true],"large":["https:\/\/arantv.az\/wp-content\/uploads\/2019\/12\/2018_ilham_aliyev_05-1024x768.jpg",640,480,true],"1536x1536":["https:\/\/arantv.az\/wp-content\/uploads\/2019\/12\/2018_ilham_aliyev_05.jpg",1200,900,false],"2048x2048":["https:\/\/arantv.az\/wp-content\/uploads\/2019\/12\/2018_ilham_aliyev_05.jpg",1200,900,false],"post-thumbnail":["https:\/\/arantv.az\/wp-content\/uploads\/2019\/12\/2018_ilham_aliyev_05-240x172.jpg",240,172,true],"advps-thumb-one":["https:\/\/arantv.az\/wp-content\/uploads\/2019\/12\/2018_ilham_aliyev_05-1200x620.jpg",1200,620,true]},"rttpg_author":{"display_name":"V\u00fcsal Rafiqo\u011flu","author_link":"https:\/\/arantv.az\/?author=2"},"rttpg_comment":0,"rttpg_category":"<a href=\"https:\/\/arantv.az\/?cat=4\" rel=\"category\">Siyas\u0259t<\/a>","rttpg_excerpt":"Az\u0259rbaycan Respublikas\u0131 Prezidenti \u0130lham \u018fliyev XXV beyn\u0259lxalq &#8220;Bakutel 2019&#8221; telekommunikasiya, innovasiya v\u0259 y\u00fcks\u0259k texnologiyalar s\u0259rgisinin i\u015ftirak\u00e7\u0131lar\u0131na t\u0259brik m\u0259ktubu \u00fcnvanlay\u0131b. ARANTV.AZ\u00a0 AZ\u018fRTAC-a istinad\u0259n x\u0259b\u0259r verir ki, t\u0259brikd\u0259 deyilir: &#8220;H\u00f6rm\u0259tli s\u0259rgi i\u015ftirak\u00e7\u0131lar\u0131! Sizi Bak\u0131 \u015f\u0259h\u0259rind\u0259 XXV beyn\u0259lxalq &#8220;Bakutel 2019&#8221; telekommunikasiya, innovasiya v\u0259 y\u00fcks\u0259k texnologiyalar s\u0259rgisinin i\u015f\u0259 ba\u015flamas\u0131 m\u00fcnasib\u0259til\u0259 salamlay\u0131r, h\u0259r biriniz\u0259 f\u0259aliyy\u0259tinizd\u0259 u\u011furlar arzulay\u0131ram. \u0130yirmi be\u015f ildir&hellip;","_links":{"self":[{"href":"https:\/\/arantv.az\/index.php?rest_route=\/wp\/v2\/posts\/103295"}],"collection":[{"href":"https:\/\/arantv.az\/index.php?rest_route=\/wp\/v2\/posts"}],"about":[{"href":"https:\/\/arantv.az\/index.php?rest_route=\/wp\/v2\/types\/post"}],"author":[{"embeddable":true,"href":"https:\/\/arantv.az\/index.php?rest_route=\/wp\/v2\/users\/2"}],"replies":[{"embeddable":true,"href":"https:\/\/arantv.az\/index.php?rest_route=%2Fwp%2Fv2%2Fcomments&post=103295"}],"version-history":[{"count":0,"href":"https:\/\/arantv.az\/index.php?rest_route=\/wp\/v2\/posts\/103295\/revisions"}],"wp:featuredmedia":[{"embeddable":true,"href":"https:\/\/arantv.az\/index.php?rest_route=\/wp\/v2\/media\/103296"}],"wp:attachment":[{"href":"https:\/\/arantv.az\/index.php?rest_route=%2Fwp%2Fv2%2Fmedia&parent=103295"}],"wp:term":[{"taxonomy":"category","embeddable":true,"href":"https:\/\/arantv.az\/index.php?rest_route=%2Fwp%2Fv2%2Fcategories&post=103295"},{"taxonomy":"post_tag","embeddable":true,"href":"https:\/\/arantv.az\/index.php?rest_route=%2Fwp%2Fv2%2Ftags&post=103295"}],"curies":[{"name":"wp","href":"https:\/\/api.w.org\/{rel}","templated":true}]}}