{"id":103347,"date":"2019-12-03T13:38:52","date_gmt":"2019-12-03T10:38:52","guid":{"rendered":"http:\/\/arantv.az\/?p=103347"},"modified":"2019-12-03T13:38:52","modified_gmt":"2019-12-03T10:38:52","slug":"magistraturaya-hazirlasanlara-sad-x%c9%99b%c9%99r","status":"publish","type":"post","link":"https:\/\/arantv.az\/?p=103347","title":{"rendered":"Magistraturaya haz\u0131rla\u015fanlara \u015eAD X\u018fB\u018fR"},"content":{"rendered":"<p>&#8221;Perspektivli g\u0259ncl\u0259rin elm\u0259 daha aktiv c\u0259lb edilm\u0259si m\u0259qs\u0259dil\u0259 magistraturaya q\u0259bul prosesinin sad\u0259l\u0259\u015fdirilm\u0259si v\u0259 \u0259ks\u0259r ixtisaslar \u00fczr\u0259 q\u0259bulun bir m\u0259rh\u0259l\u0259li ke\u00e7irilm\u0259si, el\u0259c\u0259 d\u0259, bu s\u0259viyy\u0259d\u0259 q\u0259bul zaman\u0131 m\u00fcvafiq ixtisaslar \u00fczr\u0259 t\u0259l\u0259b\u0259 q\u0259bulunun say\u0131 il\u0259 ba\u011fl\u0131 m\u0259hdudiyy\u0259tin aradan qald\u0131r\u0131lmas\u0131 \u00fc\u00e7\u00fcn ali t\u0259hsil m\u00fc\u0259ssis\u0259l\u0259ri il\u0259 m\u00fczakir\u0259l\u0259r yekunla\u015f\u0131b&#8221;.<\/p>\n<p><b>ARANTV.AZ\u00a0<\/b> bildirir ki, bunu Az\u0259rbaycan Memarl\u0131q v\u0259 \u0130n\u015faat Universitetind\u0259 ke\u00e7iril\u0259n Doktorantlar\u0131n v\u0259 g\u0259nc t\u0259dqiqat\u00e7\u0131lar\u0131n XXIII Respublika Elmi Konfrans\u0131nda \u00e7\u0131x\u0131\u015f ed\u0259n T\u0259hsil naziri Ceyhun Bayramov bildirib.<\/p>\n<div><\/div>\n<p>Onun s\u00f6zl\u0259rin\u0259 g\u00f6r\u0259, haz\u0131rlanm\u0131\u015f t\u0259klifl\u0259r layih\u0259si aidiyy\u0259ti d\u00f6vl\u0259t qurumlar\u0131 il\u0259 raz\u0131la\u015fd\u0131r\u0131lma m\u0259rh\u0259l\u0259sind\u0259dir.Sonxeber.az<\/p>\n","protected":false},"excerpt":{"rendered":"<p>&#8221;Perspektivli g\u0259ncl\u0259rin elm\u0259 daha aktiv c\u0259lb edilm\u0259si m\u0259qs\u0259dil\u0259 magistraturaya q\u0259bul prosesinin sad\u0259l\u0259\u015fdirilm\u0259si v\u0259 \u0259ks\u0259r ixtisaslar \u00fczr\u0259 q\u0259bulun bir m\u0259rh\u0259l\u0259li ke\u00e7irilm\u0259si, el\u0259c\u0259 d\u0259, bu s\u0259viyy\u0259d\u0259 q\u0259bul zaman\u0131 m\u00fcvafiq ixtisaslar \u00fczr\u0259 t\u0259l\u0259b\u0259 q\u0259bulunun say\u0131 il\u0259 ba\u011fl\u0131 m\u0259hdudiyy\u0259tin aradan qald\u0131r\u0131lmas\u0131 \u00fc\u00e7\u00fcn ali t\u0259hsil m\u00fc\u0259ssis\u0259l\u0259ri il\u0259 m\u00fczakir\u0259l\u0259r yekunla\u015f\u0131b&#8221;. ARANTV.AZ\u00a0 bildirir ki, bunu Az\u0259rbaycan Memarl\u0131q v\u0259 \u0130n\u015faat Universitetind\u0259 ke\u00e7iril\u0259n Doktorantlar\u0131n v\u0259 g\u0259nc t\u0259dqiqat\u00e7\u0131lar\u0131n XXIII Respublika Elmi Konfrans\u0131nda \u00e7\u0131x\u0131\u015f ed\u0259n T\u0259hsil naziri Ceyhun Bayramov bildirib. Onun s\u00f6zl\u0259rin\u0259 g\u00f6r\u0259, haz\u0131rlanm\u0131\u015f t\u0259klifl\u0259r layih\u0259si aidiyy\u0259ti d\u00f6vl\u0259t qurumlar\u0131 il\u0259 raz\u0131la\u015fd\u0131r\u0131lma m\u0259rh\u0259l\u0259sind\u0259dir.Sonxeber.az<\/p>\n","protected":false},"author":2,"featured_media":103348,"comment_status":"closed","ping_status":"closed","sticky":false,"template":"","format":"standard","meta":{"om_disable_all_campaigns":false,"_monsterinsights_skip_tracking":false,"_monsterinsights_sitenote_active":false,"_monsterinsights_sitenote_note":"","_monsterinsights_sitenote_category":0},"categories":[1],"tags":[],"aioseo_notices":[],"gutentor_comment":0,"rttpg_featured_image_url":{"full":["https:\/\/arantv.az\/wp-content\/uploads\/2019\/12\/157536616911599790585de62e19c44a0.jpg",549,366,false],"landscape":["https:\/\/arantv.az\/wp-content\/uploads\/2019\/12\/157536616911599790585de62e19c44a0.jpg",549,366,false],"portraits":["https:\/\/arantv.az\/wp-content\/uploads\/2019\/12\/157536616911599790585de62e19c44a0.jpg",549,366,false],"thumbnail":["https:\/\/arantv.az\/wp-content\/uploads\/2019\/12\/157536616911599790585de62e19c44a0-150x150.jpg",150,150,true],"medium":["https:\/\/arantv.az\/wp-content\/uploads\/2019\/12\/157536616911599790585de62e19c44a0-300x200.jpg",300,200,true],"large":["https:\/\/arantv.az\/wp-content\/uploads\/2019\/12\/157536616911599790585de62e19c44a0.jpg",549,366,false],"1536x1536":["https:\/\/arantv.az\/wp-content\/uploads\/2019\/12\/157536616911599790585de62e19c44a0.jpg",549,366,false],"2048x2048":["https:\/\/arantv.az\/wp-content\/uploads\/2019\/12\/157536616911599790585de62e19c44a0.jpg",549,366,false],"post-thumbnail":["https:\/\/arantv.az\/wp-content\/uploads\/2019\/12\/157536616911599790585de62e19c44a0-240x172.jpg",240,172,true],"advps-thumb-one":["https:\/\/arantv.az\/wp-content\/uploads\/2019\/12\/157536616911599790585de62e19c44a0.jpg",549,366,false]},"rttpg_author":{"display_name":"V\u00fcsal Rafiqo\u011flu","author_link":"https:\/\/arantv.az\/?author=2"},"rttpg_comment":0,"rttpg_category":"<a href=\"https:\/\/arantv.az\/?cat=1\" rel=\"category\">C\u0259miyy\u0259t<\/a>","rttpg_excerpt":"&#8221;Perspektivli g\u0259ncl\u0259rin elm\u0259 daha aktiv c\u0259lb edilm\u0259si m\u0259qs\u0259dil\u0259 magistraturaya q\u0259bul prosesinin sad\u0259l\u0259\u015fdirilm\u0259si v\u0259 \u0259ks\u0259r ixtisaslar \u00fczr\u0259 q\u0259bulun bir m\u0259rh\u0259l\u0259li ke\u00e7irilm\u0259si, el\u0259c\u0259 d\u0259, bu s\u0259viyy\u0259d\u0259 q\u0259bul zaman\u0131 m\u00fcvafiq ixtisaslar \u00fczr\u0259 t\u0259l\u0259b\u0259 q\u0259bulunun say\u0131 il\u0259 ba\u011fl\u0131 m\u0259hdudiyy\u0259tin aradan qald\u0131r\u0131lmas\u0131 \u00fc\u00e7\u00fcn ali t\u0259hsil m\u00fc\u0259ssis\u0259l\u0259ri il\u0259 m\u00fczakir\u0259l\u0259r yekunla\u015f\u0131b&#8221;. ARANTV.AZ\u00a0 bildirir ki, bunu Az\u0259rbaycan Memarl\u0131q v\u0259 \u0130n\u015faat Universitetind\u0259 ke\u00e7iril\u0259n Doktorantlar\u0131n&hellip;","_links":{"self":[{"href":"https:\/\/arantv.az\/index.php?rest_route=\/wp\/v2\/posts\/103347"}],"collection":[{"href":"https:\/\/arantv.az\/index.php?rest_route=\/wp\/v2\/posts"}],"about":[{"href":"https:\/\/arantv.az\/index.php?rest_route=\/wp\/v2\/types\/post"}],"author":[{"embeddable":true,"href":"https:\/\/arantv.az\/index.php?rest_route=\/wp\/v2\/users\/2"}],"replies":[{"embeddable":true,"href":"https:\/\/arantv.az\/index.php?rest_route=%2Fwp%2Fv2%2Fcomments&post=103347"}],"version-history":[{"count":0,"href":"https:\/\/arantv.az\/index.php?rest_route=\/wp\/v2\/posts\/103347\/revisions"}],"wp:featuredmedia":[{"embeddable":true,"href":"https:\/\/arantv.az\/index.php?rest_route=\/wp\/v2\/media\/103348"}],"wp:attachment":[{"href":"https:\/\/arantv.az\/index.php?rest_route=%2Fwp%2Fv2%2Fmedia&parent=103347"}],"wp:term":[{"taxonomy":"category","embeddable":true,"href":"https:\/\/arantv.az\/index.php?rest_route=%2Fwp%2Fv2%2Fcategories&post=103347"},{"taxonomy":"post_tag","embeddable":true,"href":"https:\/\/arantv.az\/index.php?rest_route=%2Fwp%2Fv2%2Ftags&post=103347"}],"curies":[{"name":"wp","href":"https:\/\/api.w.org\/{rel}","templated":true}]}}