{"id":103351,"date":"2019-12-03T13:42:13","date_gmt":"2019-12-03T10:42:13","guid":{"rendered":"http:\/\/arantv.az\/?p=103351"},"modified":"2019-12-03T13:42:13","modified_gmt":"2019-12-03T10:42:13","slug":"lavrov-umid-edirik-ki-munaqis%c9%99nin-h%c9%99llin%c9%99-dair-n%c9%99tic%c9%99l%c9%99r-olacaq","status":"publish","type":"post","link":"https:\/\/arantv.az\/?p=103351","title":{"rendered":"Lavrov: \u00dcmid edirik ki, m\u00fcnaqi\u015f\u0259nin h\u0259llin\u0259 dair n\u0259tic\u0259l\u0259r olacaq"},"content":{"rendered":"<p>AT\u018fT-in Minsk qrupunun h\u0259ms\u0259dr \u00f6lk\u0259si kimi Rusiya Da\u011fl\u0131q Qaraba\u011f m\u00fcnaqi\u015f\u0259sinin nizamlanmas\u0131na dair s\u0259yl\u0259rini davam etdir\u0259c\u0259k.<\/p>\n<p><b>ARANTV.AZ<\/b>-\u0131n m\u0259lumat\u0131na g\u00f6r\u0259,\u00a0bunu Rusiya Xarici \u0130\u015fl\u0259r naziri Sergey Lavrov Bak\u0131da az\u0259rbaycanl\u0131 h\u0259mkar\u0131 Elmar M\u0259mm\u0259dyarovla ke\u00e7iril\u0259n g\u00f6r\u00fc\u015f\u00fcn yekunlar\u0131na dair m\u0259tbuat konfrans\u0131nda bildirib.<\/p>\n<div id=\"AdviadNativeVideo0\" class=\"AdviadNativeVideo\"><\/div>\n<p>\u201c\u00dcmid edirik ki, m\u00fcnaqi\u015f\u0259nin h\u0259llin\u0259 dair n\u0259tic\u0259l\u0259r olacaq\u201d, &#8211; S.Lavrov qeyd edib.\u00a0Oxu.Az<\/p>\n","protected":false},"excerpt":{"rendered":"<p>AT\u018fT-in Minsk qrupunun h\u0259ms\u0259dr \u00f6lk\u0259si kimi Rusiya Da\u011fl\u0131q Qaraba\u011f m\u00fcnaqi\u015f\u0259sinin nizamlanmas\u0131na dair s\u0259yl\u0259rini davam etdir\u0259c\u0259k. ARANTV.AZ-\u0131n m\u0259lumat\u0131na g\u00f6r\u0259,\u00a0bunu Rusiya Xarici \u0130\u015fl\u0259r naziri Sergey Lavrov Bak\u0131da az\u0259rbaycanl\u0131 h\u0259mkar\u0131 Elmar M\u0259mm\u0259dyarovla ke\u00e7iril\u0259n g\u00f6r\u00fc\u015f\u00fcn yekunlar\u0131na dair m\u0259tbuat konfrans\u0131nda bildirib. \u201c\u00dcmid edirik ki, m\u00fcnaqi\u015f\u0259nin h\u0259llin\u0259 dair n\u0259tic\u0259l\u0259r olacaq\u201d, &#8211; S.Lavrov qeyd edib.\u00a0Oxu.Az<\/p>\n","protected":false},"author":2,"featured_media":103352,"comment_status":"closed","ping_status":"closed","sticky":false,"template":"","format":"standard","meta":{"om_disable_all_campaigns":false,"_monsterinsights_skip_tracking":false,"_monsterinsights_sitenote_active":false,"_monsterinsights_sitenote_note":"","_monsterinsights_sitenote_category":0},"categories":[4],"tags":[],"aioseo_notices":[],"gutentor_comment":0,"rttpg_featured_image_url":{"full":["https:\/\/arantv.az\/wp-content\/uploads\/2019\/12\/ROM9197-1.jpg",620,413,false],"landscape":["https:\/\/arantv.az\/wp-content\/uploads\/2019\/12\/ROM9197-1.jpg",620,413,false],"portraits":["https:\/\/arantv.az\/wp-content\/uploads\/2019\/12\/ROM9197-1.jpg",620,413,false],"thumbnail":["https:\/\/arantv.az\/wp-content\/uploads\/2019\/12\/ROM9197-1-150x150.jpg",150,150,true],"medium":["https:\/\/arantv.az\/wp-content\/uploads\/2019\/12\/ROM9197-1-300x200.jpg",300,200,true],"large":["https:\/\/arantv.az\/wp-content\/uploads\/2019\/12\/ROM9197-1.jpg",620,413,false],"1536x1536":["https:\/\/arantv.az\/wp-content\/uploads\/2019\/12\/ROM9197-1.jpg",620,413,false],"2048x2048":["https:\/\/arantv.az\/wp-content\/uploads\/2019\/12\/ROM9197-1.jpg",620,413,false],"post-thumbnail":["https:\/\/arantv.az\/wp-content\/uploads\/2019\/12\/ROM9197-1-240x172.jpg",240,172,true],"advps-thumb-one":["https:\/\/arantv.az\/wp-content\/uploads\/2019\/12\/ROM9197-1.jpg",620,413,false]},"rttpg_author":{"display_name":"V\u00fcsal Rafiqo\u011flu","author_link":"https:\/\/arantv.az\/?author=2"},"rttpg_comment":0,"rttpg_category":"<a href=\"https:\/\/arantv.az\/?cat=4\" rel=\"category\">Siyas\u0259t<\/a>","rttpg_excerpt":"AT\u018fT-in Minsk qrupunun h\u0259ms\u0259dr \u00f6lk\u0259si kimi Rusiya Da\u011fl\u0131q Qaraba\u011f m\u00fcnaqi\u015f\u0259sinin nizamlanmas\u0131na dair s\u0259yl\u0259rini davam etdir\u0259c\u0259k. ARANTV.AZ-\u0131n m\u0259lumat\u0131na g\u00f6r\u0259,\u00a0bunu Rusiya Xarici \u0130\u015fl\u0259r naziri Sergey Lavrov Bak\u0131da az\u0259rbaycanl\u0131 h\u0259mkar\u0131 Elmar M\u0259mm\u0259dyarovla ke\u00e7iril\u0259n g\u00f6r\u00fc\u015f\u00fcn yekunlar\u0131na dair m\u0259tbuat konfrans\u0131nda bildirib. \u201c\u00dcmid edirik ki, m\u00fcnaqi\u015f\u0259nin h\u0259llin\u0259 dair n\u0259tic\u0259l\u0259r olacaq\u201d, &#8211; S.Lavrov qeyd edib.\u00a0Oxu.Az","_links":{"self":[{"href":"https:\/\/arantv.az\/index.php?rest_route=\/wp\/v2\/posts\/103351"}],"collection":[{"href":"https:\/\/arantv.az\/index.php?rest_route=\/wp\/v2\/posts"}],"about":[{"href":"https:\/\/arantv.az\/index.php?rest_route=\/wp\/v2\/types\/post"}],"author":[{"embeddable":true,"href":"https:\/\/arantv.az\/index.php?rest_route=\/wp\/v2\/users\/2"}],"replies":[{"embeddable":true,"href":"https:\/\/arantv.az\/index.php?rest_route=%2Fwp%2Fv2%2Fcomments&post=103351"}],"version-history":[{"count":0,"href":"https:\/\/arantv.az\/index.php?rest_route=\/wp\/v2\/posts\/103351\/revisions"}],"wp:featuredmedia":[{"embeddable":true,"href":"https:\/\/arantv.az\/index.php?rest_route=\/wp\/v2\/media\/103352"}],"wp:attachment":[{"href":"https:\/\/arantv.az\/index.php?rest_route=%2Fwp%2Fv2%2Fmedia&parent=103351"}],"wp:term":[{"taxonomy":"category","embeddable":true,"href":"https:\/\/arantv.az\/index.php?rest_route=%2Fwp%2Fv2%2Fcategories&post=103351"},{"taxonomy":"post_tag","embeddable":true,"href":"https:\/\/arantv.az\/index.php?rest_route=%2Fwp%2Fv2%2Ftags&post=103351"}],"curies":[{"name":"wp","href":"https:\/\/api.w.org\/{rel}","templated":true}]}}