{"id":103420,"date":"2019-12-03T15:39:56","date_gmt":"2019-12-03T12:39:56","guid":{"rendered":"http:\/\/arantv.az\/?p=103420"},"modified":"2019-12-03T15:39:56","modified_gmt":"2019-12-03T12:39:56","slug":"sosial-t%c9%99dqiqatlar-m%c9%99rk%c9%99zinin-idar%c9%99-hey%c9%99tin%c9%99-yeni-uzv-t%c9%99yin-edildi","status":"publish","type":"post","link":"https:\/\/arantv.az\/?p=103420","title":{"rendered":"Sosial T\u0259dqiqatlar M\u0259rk\u0259zinin \u0130dar\u0259 Hey\u0259tin\u0259 yeni \u00fczv t\u0259yin edildi"},"content":{"rendered":"<p>Sosial T\u0259dqiqatlar M\u0259rk\u0259zinin \u0130dar\u0259 Hey\u0259tin\u0259 yeni \u00fczv t\u0259yin olunub.<\/p>\n<p><b>ARANTV.AZ<\/b>-\u0131n m\u0259lumat\u0131na g\u00f6r\u0259, Az\u0259rbaycan Prezidenti \u0130lham \u018fliyev El\u015fad Mirb\u0259\u015firo\u011flunun<br \/>\nSosial T\u0259dqiqatlar M\u0259rk\u0259zinin \u0130dar\u0259 Hey\u0259tinin \u00fczv\u00fc t\u0259yin edilm\u0259si haqq\u0131nda s\u0259r\u0259ncam imzalay\u0131b.<\/p>\n<div id=\"AdviadNativeVideo0\" class=\"AdviadNativeVideo\"><\/div>\n<p>El\u015fad Mirb\u0259\u015firo\u011flu siyasi elml\u0259ri \u00fczr\u0259 f\u0259ls\u0259f\u0259 doktoru, tan\u0131nm\u0131\u015f siyasi \u015f\u0259rh\u00e7idir.<\/p>\n<p>Qeyd ed\u0259k ki, Sosial T\u0259dqiqatlar M\u0259rk\u0259zi \u00f6lk\u0259 ba\u015f\u00e7\u0131s\u0131n\u0131n f\u0259rman\u0131 il\u0259 bu ilin fevral\u0131n 8-d\u0259\u00a0yarad\u0131l\u0131b v\u0259 \u0130dar\u0259 Hey\u0259tinin s\u0259dri mill\u0259t v\u0259kili Zahid Orucdur.Oxu.Az<\/p>\n","protected":false},"excerpt":{"rendered":"<p>Sosial T\u0259dqiqatlar M\u0259rk\u0259zinin \u0130dar\u0259 Hey\u0259tin\u0259 yeni \u00fczv t\u0259yin olunub. ARANTV.AZ-\u0131n m\u0259lumat\u0131na g\u00f6r\u0259, Az\u0259rbaycan Prezidenti \u0130lham \u018fliyev El\u015fad Mirb\u0259\u015firo\u011flunun Sosial T\u0259dqiqatlar M\u0259rk\u0259zinin \u0130dar\u0259 Hey\u0259tinin \u00fczv\u00fc t\u0259yin edilm\u0259si haqq\u0131nda s\u0259r\u0259ncam imzalay\u0131b. El\u015fad Mirb\u0259\u015firo\u011flu siyasi elml\u0259ri \u00fczr\u0259 f\u0259ls\u0259f\u0259 doktoru, tan\u0131nm\u0131\u015f siyasi \u015f\u0259rh\u00e7idir. Qeyd ed\u0259k ki, Sosial T\u0259dqiqatlar M\u0259rk\u0259zi \u00f6lk\u0259 ba\u015f\u00e7\u0131s\u0131n\u0131n f\u0259rman\u0131 il\u0259 bu ilin fevral\u0131n 8-d\u0259\u00a0yarad\u0131l\u0131b v\u0259 \u0130dar\u0259 Hey\u0259tinin s\u0259dri mill\u0259t v\u0259kili Zahid Orucdur.Oxu.Az<\/p>\n","protected":false},"author":2,"featured_media":103421,"comment_status":"closed","ping_status":"closed","sticky":false,"template":"","format":"standard","meta":{"om_disable_all_campaigns":false,"_monsterinsights_skip_tracking":false,"_monsterinsights_sitenote_active":false,"_monsterinsights_sitenote_note":"","_monsterinsights_sitenote_category":0},"categories":[1],"tags":[],"aioseo_notices":[],"gutentor_comment":0,"rttpg_featured_image_url":{"full":["https:\/\/arantv.az\/wp-content\/uploads\/2019\/12\/elsad.jpg",620,335,false],"landscape":["https:\/\/arantv.az\/wp-content\/uploads\/2019\/12\/elsad.jpg",620,335,false],"portraits":["https:\/\/arantv.az\/wp-content\/uploads\/2019\/12\/elsad.jpg",620,335,false],"thumbnail":["https:\/\/arantv.az\/wp-content\/uploads\/2019\/12\/elsad-150x150.jpg",150,150,true],"medium":["https:\/\/arantv.az\/wp-content\/uploads\/2019\/12\/elsad-300x162.jpg",300,162,true],"large":["https:\/\/arantv.az\/wp-content\/uploads\/2019\/12\/elsad.jpg",620,335,false],"1536x1536":["https:\/\/arantv.az\/wp-content\/uploads\/2019\/12\/elsad.jpg",620,335,false],"2048x2048":["https:\/\/arantv.az\/wp-content\/uploads\/2019\/12\/elsad.jpg",620,335,false],"post-thumbnail":["https:\/\/arantv.az\/wp-content\/uploads\/2019\/12\/elsad-240x172.jpg",240,172,true],"advps-thumb-one":["https:\/\/arantv.az\/wp-content\/uploads\/2019\/12\/elsad.jpg",620,335,false]},"rttpg_author":{"display_name":"V\u00fcsal Rafiqo\u011flu","author_link":"https:\/\/arantv.az\/?author=2"},"rttpg_comment":0,"rttpg_category":"<a href=\"https:\/\/arantv.az\/?cat=1\" rel=\"category\">C\u0259miyy\u0259t<\/a>","rttpg_excerpt":"Sosial T\u0259dqiqatlar M\u0259rk\u0259zinin \u0130dar\u0259 Hey\u0259tin\u0259 yeni \u00fczv t\u0259yin olunub. ARANTV.AZ-\u0131n m\u0259lumat\u0131na g\u00f6r\u0259, Az\u0259rbaycan Prezidenti \u0130lham \u018fliyev El\u015fad Mirb\u0259\u015firo\u011flunun Sosial T\u0259dqiqatlar M\u0259rk\u0259zinin \u0130dar\u0259 Hey\u0259tinin \u00fczv\u00fc t\u0259yin edilm\u0259si haqq\u0131nda s\u0259r\u0259ncam imzalay\u0131b. El\u015fad Mirb\u0259\u015firo\u011flu siyasi elml\u0259ri \u00fczr\u0259 f\u0259ls\u0259f\u0259 doktoru, tan\u0131nm\u0131\u015f siyasi \u015f\u0259rh\u00e7idir. Qeyd ed\u0259k ki, Sosial T\u0259dqiqatlar M\u0259rk\u0259zi \u00f6lk\u0259 ba\u015f\u00e7\u0131s\u0131n\u0131n f\u0259rman\u0131 il\u0259 bu ilin fevral\u0131n 8-d\u0259\u00a0yarad\u0131l\u0131b v\u0259 \u0130dar\u0259&hellip;","_links":{"self":[{"href":"https:\/\/arantv.az\/index.php?rest_route=\/wp\/v2\/posts\/103420"}],"collection":[{"href":"https:\/\/arantv.az\/index.php?rest_route=\/wp\/v2\/posts"}],"about":[{"href":"https:\/\/arantv.az\/index.php?rest_route=\/wp\/v2\/types\/post"}],"author":[{"embeddable":true,"href":"https:\/\/arantv.az\/index.php?rest_route=\/wp\/v2\/users\/2"}],"replies":[{"embeddable":true,"href":"https:\/\/arantv.az\/index.php?rest_route=%2Fwp%2Fv2%2Fcomments&post=103420"}],"version-history":[{"count":0,"href":"https:\/\/arantv.az\/index.php?rest_route=\/wp\/v2\/posts\/103420\/revisions"}],"wp:featuredmedia":[{"embeddable":true,"href":"https:\/\/arantv.az\/index.php?rest_route=\/wp\/v2\/media\/103421"}],"wp:attachment":[{"href":"https:\/\/arantv.az\/index.php?rest_route=%2Fwp%2Fv2%2Fmedia&parent=103420"}],"wp:term":[{"taxonomy":"category","embeddable":true,"href":"https:\/\/arantv.az\/index.php?rest_route=%2Fwp%2Fv2%2Fcategories&post=103420"},{"taxonomy":"post_tag","embeddable":true,"href":"https:\/\/arantv.az\/index.php?rest_route=%2Fwp%2Fv2%2Ftags&post=103420"}],"curies":[{"name":"wp","href":"https:\/\/api.w.org\/{rel}","templated":true}]}}