{"id":103477,"date":"2019-12-04T08:15:47","date_gmt":"2019-12-04T05:15:47","guid":{"rendered":"http:\/\/arantv.az\/?p=103477"},"modified":"2019-12-04T08:15:47","modified_gmt":"2019-12-04T05:15:47","slug":"samira-%c9%99f%c9%99ndinin-qara-sevdasi-foto","status":"publish","type":"post","link":"https:\/\/arantv.az\/?p=103477","title":{"rendered":"Samira \u018ff\u0259ndinin qara sevdas\u0131 &#8211; Foto"},"content":{"rendered":"<p>M\u00fc\u011f\u0259nni Samira \u018ff\u0259ndi imicind\u0259 d\u0259yi\u015fiklik edib. <strong>ARANTV.AZ<\/strong> x\u0259b\u0259r verir ki, ifa\u00e7\u0131 \u201c Cinemazadeh\u201d kinostudiosunun \u201cQ\u0131\u015f Na\u011f\u0131l\u0131\u201dfilminin qala gec\u0259sind\u0259 kameralara tu\u015f g\u0259lib. \u018ff\u0259ndinin sa\u00e7 r\u0259ngini d\u0259yi\u015fm\u0259si sev\u0259nl\u0259ri t\u0259r\u0259find\u0259n m\u00fcsb\u0259t qar\u015f\u0131lan\u0131b. Onun yeni imicinin m\u00fc\u0259llifi d\u00fcnyaca m\u0259\u015fhur stilist Anar A\u011faki\u015fiyevdir,geyim m\u00fc\u0259llifi is\u0259 Ay\u015f\u0259n Temirazovadir Qeyd ed\u0259k ki, ilk d\u0259f\u0259 kinoya \u00e7\u0259kil\u0259n Samira \u018ff\u0259ndi \u201cQ\u0131\u015f Na\u011f\u0131l\u0131\u201d filmind\u0259 G\u00fcl\u0259r obraz\u0131n\u0131 canland\u0131r\u0131b. Xat\u0131rladaq ki, m\u00fc\u011f\u0259nni bir ne\u00e7\u0259 g\u00fcn \u00f6nc\u0259 \u201cYol ayr\u0131c\u0131nda\u201d adl\u0131 mahn\u0131s\u0131na \u00e7\u0259kil\u0259n klipini t\u0259qdim edib.<\/p>\n<p><img loading=\"lazy\" class=\"alignnone size-medium wp-image-103478\" src=\"https:\/\/arantv.az\/wp-content\/uploads\/2019\/12\/78588686_3067223253305521_1934153421271597056_n-200x300.jpg\" alt=\"\" width=\"200\" height=\"300\" \/><img loading=\"lazy\" class=\"alignnone size-medium wp-image-103479\" src=\"https:\/\/arantv.az\/wp-content\/uploads\/2019\/12\/79024136_479406359366619_8074255533969768448_n-200x300.jpg\" alt=\"\" width=\"200\" height=\"300\" \/><\/p>\n","protected":false},"excerpt":{"rendered":"<p>M\u00fc\u011f\u0259nni Samira \u018ff\u0259ndi imicind\u0259 d\u0259yi\u015fiklik edib. ARANTV.AZ x\u0259b\u0259r verir ki, ifa\u00e7\u0131 \u201c Cinemazadeh\u201d kinostudiosunun \u201cQ\u0131\u015f Na\u011f\u0131l\u0131\u201dfilminin qala gec\u0259sind\u0259 kameralara tu\u015f g\u0259lib. \u018ff\u0259ndinin sa\u00e7 r\u0259ngini d\u0259yi\u015fm\u0259si sev\u0259nl\u0259ri t\u0259r\u0259find\u0259n m\u00fcsb\u0259t qar\u015f\u0131lan\u0131b. Onun yeni imicinin m\u00fc\u0259llifi d\u00fcnyaca m\u0259\u015fhur stilist Anar A\u011faki\u015fiyevdir,geyim m\u00fc\u0259llifi is\u0259 Ay\u015f\u0259n Temirazovadir Qeyd ed\u0259k ki, ilk d\u0259f\u0259 kinoya \u00e7\u0259kil\u0259n Samira \u018ff\u0259ndi \u201cQ\u0131\u015f Na\u011f\u0131l\u0131\u201d filmind\u0259 G\u00fcl\u0259r obraz\u0131n\u0131 canland\u0131r\u0131b. Xat\u0131rladaq ki, m\u00fc\u011f\u0259nni bir ne\u00e7\u0259 g\u00fcn \u00f6nc\u0259 \u201cYol ayr\u0131c\u0131nda\u201d adl\u0131 mahn\u0131s\u0131na \u00e7\u0259kil\u0259n klipini t\u0259qdim edib.<\/p>\n","protected":false},"author":2,"featured_media":103480,"comment_status":"closed","ping_status":"closed","sticky":false,"template":"","format":"standard","meta":{"om_disable_all_campaigns":false,"_monsterinsights_skip_tracking":false,"_monsterinsights_sitenote_active":false,"_monsterinsights_sitenote_note":"","_monsterinsights_sitenote_category":0},"categories":[20],"tags":[],"aioseo_notices":[],"gutentor_comment":0,"rttpg_featured_image_url":{"full":["https:\/\/arantv.az\/wp-content\/uploads\/2019\/12\/78187211_558227361417318_243977605819138048_n.jpg",2048,1364,false],"landscape":["https:\/\/arantv.az\/wp-content\/uploads\/2019\/12\/78187211_558227361417318_243977605819138048_n.jpg",2048,1364,false],"portraits":["https:\/\/arantv.az\/wp-content\/uploads\/2019\/12\/78187211_558227361417318_243977605819138048_n.jpg",2048,1364,false],"thumbnail":["https:\/\/arantv.az\/wp-content\/uploads\/2019\/12\/78187211_558227361417318_243977605819138048_n-150x150.jpg",150,150,true],"medium":["https:\/\/arantv.az\/wp-content\/uploads\/2019\/12\/78187211_558227361417318_243977605819138048_n-300x200.jpg",300,200,true],"large":["https:\/\/arantv.az\/wp-content\/uploads\/2019\/12\/78187211_558227361417318_243977605819138048_n-1024x682.jpg",640,426,true],"1536x1536":["https:\/\/arantv.az\/wp-content\/uploads\/2019\/12\/78187211_558227361417318_243977605819138048_n.jpg",1536,1023,false],"2048x2048":["https:\/\/arantv.az\/wp-content\/uploads\/2019\/12\/78187211_558227361417318_243977605819138048_n.jpg",2048,1364,false],"post-thumbnail":["https:\/\/arantv.az\/wp-content\/uploads\/2019\/12\/78187211_558227361417318_243977605819138048_n-240x172.jpg",240,172,true],"advps-thumb-one":["https:\/\/arantv.az\/wp-content\/uploads\/2019\/12\/78187211_558227361417318_243977605819138048_n-1200x620.jpg",1200,620,true]},"rttpg_author":{"display_name":"V\u00fcsal Rafiqo\u011flu","author_link":"https:\/\/arantv.az\/?author=2"},"rttpg_comment":0,"rttpg_category":"<a href=\"https:\/\/arantv.az\/?cat=20\" rel=\"category\">\u015eou biznes<\/a>","rttpg_excerpt":"M\u00fc\u011f\u0259nni Samira \u018ff\u0259ndi imicind\u0259 d\u0259yi\u015fiklik edib. ARANTV.AZ x\u0259b\u0259r verir ki, ifa\u00e7\u0131 \u201c Cinemazadeh\u201d kinostudiosunun \u201cQ\u0131\u015f Na\u011f\u0131l\u0131\u201dfilminin qala gec\u0259sind\u0259 kameralara tu\u015f g\u0259lib. \u018ff\u0259ndinin sa\u00e7 r\u0259ngini d\u0259yi\u015fm\u0259si sev\u0259nl\u0259ri t\u0259r\u0259find\u0259n m\u00fcsb\u0259t qar\u015f\u0131lan\u0131b. Onun yeni imicinin m\u00fc\u0259llifi d\u00fcnyaca m\u0259\u015fhur stilist Anar A\u011faki\u015fiyevdir,geyim m\u00fc\u0259llifi is\u0259 Ay\u015f\u0259n Temirazovadir Qeyd ed\u0259k ki, ilk d\u0259f\u0259 kinoya \u00e7\u0259kil\u0259n Samira \u018ff\u0259ndi \u201cQ\u0131\u015f Na\u011f\u0131l\u0131\u201d filmind\u0259 G\u00fcl\u0259r&hellip;","_links":{"self":[{"href":"https:\/\/arantv.az\/index.php?rest_route=\/wp\/v2\/posts\/103477"}],"collection":[{"href":"https:\/\/arantv.az\/index.php?rest_route=\/wp\/v2\/posts"}],"about":[{"href":"https:\/\/arantv.az\/index.php?rest_route=\/wp\/v2\/types\/post"}],"author":[{"embeddable":true,"href":"https:\/\/arantv.az\/index.php?rest_route=\/wp\/v2\/users\/2"}],"replies":[{"embeddable":true,"href":"https:\/\/arantv.az\/index.php?rest_route=%2Fwp%2Fv2%2Fcomments&post=103477"}],"version-history":[{"count":0,"href":"https:\/\/arantv.az\/index.php?rest_route=\/wp\/v2\/posts\/103477\/revisions"}],"wp:featuredmedia":[{"embeddable":true,"href":"https:\/\/arantv.az\/index.php?rest_route=\/wp\/v2\/media\/103480"}],"wp:attachment":[{"href":"https:\/\/arantv.az\/index.php?rest_route=%2Fwp%2Fv2%2Fmedia&parent=103477"}],"wp:term":[{"taxonomy":"category","embeddable":true,"href":"https:\/\/arantv.az\/index.php?rest_route=%2Fwp%2Fv2%2Fcategories&post=103477"},{"taxonomy":"post_tag","embeddable":true,"href":"https:\/\/arantv.az\/index.php?rest_route=%2Fwp%2Fv2%2Ftags&post=103477"}],"curies":[{"name":"wp","href":"https:\/\/api.w.org\/{rel}","templated":true}]}}