{"id":103561,"date":"2019-12-04T10:09:08","date_gmt":"2019-12-04T07:09:08","guid":{"rendered":"http:\/\/arantv.az\/?p=103561"},"modified":"2019-12-04T10:09:08","modified_gmt":"2019-12-04T07:09:08","slug":"dagliq-qarabagin-az%c9%99rbaycanli-icmasi-brussel%c9%99-s%c9%99f%c9%99r-edib","status":"publish","type":"post","link":"https:\/\/arantv.az\/?p=103561","title":{"rendered":"Da\u011fl\u0131q Qaraba\u011f\u0131n az\u0259rbaycanl\u0131 icmas\u0131 Br\u00fcssel\u0259 s\u0259f\u0259r edib"},"content":{"rendered":"<p><strong>Da\u011fl\u0131q Qaraba\u011f b\u00f6lg\u0259sinin az\u0259rbaycanl\u0131 icmas\u0131n\u0131n Br\u00fcssel\u0259 s\u0259f\u0259ri ba\u015flay\u0131b.<\/strong><\/p>\n<p>\u0130cma s\u0259f\u0259r \u00e7\u0259r\u00e7iv\u0259sind\u0259 bir s\u0131ra g\u00f6r\u00fc\u015fl\u0259r ke\u00e7irm\u0259yi planla\u015fd\u0131r\u0131b.<\/p>\n<p><strong>ARANTV.AZ<\/strong>\u00a0 \u00a0x\u0259b\u0259r verir ki, qurum r\u0259smisi \u018fhm\u0259d Mahmudov\u00a0<a href=\"http:\/\/trend.az\/\" target=\"_blank\" rel=\"noopener\">Trend<\/a>-\u0259 bildirib ki, icma \u00fczvl\u0259ri bu g\u00fcn bir s\u0131ra g\u00f6r\u00fc\u015fl\u0259r ke\u00e7ir\u0259c\u0259k, Az\u0259rbaycan h\u0259qiq\u0259tl\u0259ri bar\u0259d\u0259 bir s\u0131ra m\u0259lumatlar veril\u0259c\u0259k: &#8220;Da\u011fl\u0131q Qaraba\u011f b\u00f6lg\u0259sinin az\u0259rbaycanl\u0131 icmas\u0131n\u0131n Br\u00fcssel\u0259 s\u0259f\u0259ri ba\u015flay\u0131b. Burda ke\u00e7ir\u0259c\u0259yimiz g\u00f6r\u00fc\u015fl\u0259rin Los-Anceles v\u0259 Ankaradak\u0131 u\u011furlarm\u0131z\u0131n davam\u0131 olaca\u011f\u0131na \u0259min\u0259m. Erm\u0259ni diasporunun \u0259sas dayaqlar\u0131n\u0131n yerl\u0259\u015fdiyi \u00f6lk\u0259l\u0259rd\u0259n olan Bel\u00e7ikada xalq\u0131m\u0131z\u0131n haqq s\u0259sini \u00e7atd\u0131rmaq \u0259sas v\u0259zif\u0259mizdir&#8221;.<\/p>\n","protected":false},"excerpt":{"rendered":"<p>Da\u011fl\u0131q Qaraba\u011f b\u00f6lg\u0259sinin az\u0259rbaycanl\u0131 icmas\u0131n\u0131n Br\u00fcssel\u0259 s\u0259f\u0259ri ba\u015flay\u0131b. \u0130cma s\u0259f\u0259r \u00e7\u0259r\u00e7iv\u0259sind\u0259 bir s\u0131ra g\u00f6r\u00fc\u015fl\u0259r ke\u00e7irm\u0259yi planla\u015fd\u0131r\u0131b. ARANTV.AZ\u00a0 \u00a0x\u0259b\u0259r verir ki, qurum r\u0259smisi \u018fhm\u0259d Mahmudov\u00a0Trend-\u0259 bildirib ki, icma \u00fczvl\u0259ri bu g\u00fcn bir s\u0131ra g\u00f6r\u00fc\u015fl\u0259r ke\u00e7ir\u0259c\u0259k, Az\u0259rbaycan h\u0259qiq\u0259tl\u0259ri bar\u0259d\u0259 bir s\u0131ra m\u0259lumatlar veril\u0259c\u0259k: &#8220;Da\u011fl\u0131q Qaraba\u011f b\u00f6lg\u0259sinin az\u0259rbaycanl\u0131 icmas\u0131n\u0131n Br\u00fcssel\u0259 s\u0259f\u0259ri ba\u015flay\u0131b. Burda ke\u00e7ir\u0259c\u0259yimiz g\u00f6r\u00fc\u015fl\u0259rin Los-Anceles v\u0259 Ankaradak\u0131 u\u011furlarm\u0131z\u0131n davam\u0131 olaca\u011f\u0131na \u0259min\u0259m. Erm\u0259ni diasporunun \u0259sas dayaqlar\u0131n\u0131n yerl\u0259\u015fdiyi \u00f6lk\u0259l\u0259rd\u0259n olan Bel\u00e7ikada xalq\u0131m\u0131z\u0131n haqq s\u0259sini \u00e7atd\u0131rmaq \u0259sas v\u0259zif\u0259mizdir&#8221;.<\/p>\n","protected":false},"author":2,"featured_media":103562,"comment_status":"closed","ping_status":"closed","sticky":false,"template":"","format":"standard","meta":{"om_disable_all_campaigns":false,"_monsterinsights_skip_tracking":false,"_monsterinsights_sitenote_active":false,"_monsterinsights_sitenote_note":"","_monsterinsights_sitenote_category":0},"categories":[4],"tags":[],"aioseo_notices":[],"gutentor_comment":0,"rttpg_featured_image_url":{"full":["https:\/\/arantv.az\/wp-content\/uploads\/2019\/12\/807567.jpg",800,600,false],"landscape":["https:\/\/arantv.az\/wp-content\/uploads\/2019\/12\/807567.jpg",800,600,false],"portraits":["https:\/\/arantv.az\/wp-content\/uploads\/2019\/12\/807567.jpg",800,600,false],"thumbnail":["https:\/\/arantv.az\/wp-content\/uploads\/2019\/12\/807567-150x150.jpg",150,150,true],"medium":["https:\/\/arantv.az\/wp-content\/uploads\/2019\/12\/807567-300x225.jpg",300,225,true],"large":["https:\/\/arantv.az\/wp-content\/uploads\/2019\/12\/807567.jpg",640,480,false],"1536x1536":["https:\/\/arantv.az\/wp-content\/uploads\/2019\/12\/807567.jpg",800,600,false],"2048x2048":["https:\/\/arantv.az\/wp-content\/uploads\/2019\/12\/807567.jpg",800,600,false],"post-thumbnail":["https:\/\/arantv.az\/wp-content\/uploads\/2019\/12\/807567-240x172.jpg",240,172,true],"advps-thumb-one":["https:\/\/arantv.az\/wp-content\/uploads\/2019\/12\/807567.jpg",800,600,false]},"rttpg_author":{"display_name":"V\u00fcsal Rafiqo\u011flu","author_link":"https:\/\/arantv.az\/?author=2"},"rttpg_comment":0,"rttpg_category":"<a href=\"https:\/\/arantv.az\/?cat=4\" rel=\"category\">Siyas\u0259t<\/a>","rttpg_excerpt":"Da\u011fl\u0131q Qaraba\u011f b\u00f6lg\u0259sinin az\u0259rbaycanl\u0131 icmas\u0131n\u0131n Br\u00fcssel\u0259 s\u0259f\u0259ri ba\u015flay\u0131b. \u0130cma s\u0259f\u0259r \u00e7\u0259r\u00e7iv\u0259sind\u0259 bir s\u0131ra g\u00f6r\u00fc\u015fl\u0259r ke\u00e7irm\u0259yi planla\u015fd\u0131r\u0131b. ARANTV.AZ\u00a0 \u00a0x\u0259b\u0259r verir ki, qurum r\u0259smisi \u018fhm\u0259d Mahmudov\u00a0Trend-\u0259 bildirib ki, icma \u00fczvl\u0259ri bu g\u00fcn bir s\u0131ra g\u00f6r\u00fc\u015fl\u0259r ke\u00e7ir\u0259c\u0259k, Az\u0259rbaycan h\u0259qiq\u0259tl\u0259ri bar\u0259d\u0259 bir s\u0131ra m\u0259lumatlar veril\u0259c\u0259k: &#8220;Da\u011fl\u0131q Qaraba\u011f b\u00f6lg\u0259sinin az\u0259rbaycanl\u0131 icmas\u0131n\u0131n Br\u00fcssel\u0259 s\u0259f\u0259ri ba\u015flay\u0131b. Burda ke\u00e7ir\u0259c\u0259yimiz g\u00f6r\u00fc\u015fl\u0259rin Los-Anceles v\u0259 Ankaradak\u0131&hellip;","_links":{"self":[{"href":"https:\/\/arantv.az\/index.php?rest_route=\/wp\/v2\/posts\/103561"}],"collection":[{"href":"https:\/\/arantv.az\/index.php?rest_route=\/wp\/v2\/posts"}],"about":[{"href":"https:\/\/arantv.az\/index.php?rest_route=\/wp\/v2\/types\/post"}],"author":[{"embeddable":true,"href":"https:\/\/arantv.az\/index.php?rest_route=\/wp\/v2\/users\/2"}],"replies":[{"embeddable":true,"href":"https:\/\/arantv.az\/index.php?rest_route=%2Fwp%2Fv2%2Fcomments&post=103561"}],"version-history":[{"count":0,"href":"https:\/\/arantv.az\/index.php?rest_route=\/wp\/v2\/posts\/103561\/revisions"}],"wp:featuredmedia":[{"embeddable":true,"href":"https:\/\/arantv.az\/index.php?rest_route=\/wp\/v2\/media\/103562"}],"wp:attachment":[{"href":"https:\/\/arantv.az\/index.php?rest_route=%2Fwp%2Fv2%2Fmedia&parent=103561"}],"wp:term":[{"taxonomy":"category","embeddable":true,"href":"https:\/\/arantv.az\/index.php?rest_route=%2Fwp%2Fv2%2Fcategories&post=103561"},{"taxonomy":"post_tag","embeddable":true,"href":"https:\/\/arantv.az\/index.php?rest_route=%2Fwp%2Fv2%2Ftags&post=103561"}],"curies":[{"name":"wp","href":"https:\/\/api.w.org\/{rel}","templated":true}]}}