{"id":103659,"date":"2019-12-04T12:19:21","date_gmt":"2019-12-04T09:19:21","guid":{"rendered":"http:\/\/arantv.az\/?p=103659"},"modified":"2019-12-04T12:19:21","modified_gmt":"2019-12-04T09:19:21","slug":"az%c9%99rbaycan-i%c9%99t-d%c9%99-innovativ-layih%c9%99-is%c9%99-salir","status":"publish","type":"post","link":"https:\/\/arantv.az\/?p=103659","title":{"rendered":"Az\u0259rbaycan \u0130\u018fT-d\u0259 innovativ layih\u0259 i\u015f\u0259 sal\u0131r"},"content":{"rendered":"<blockquote><p><em><strong>Az\u0259rbaycan \u0130qtisadi \u018fm\u0259kda\u015fl\u0131q T\u0259\u015fkilat\u0131na (\u0130\u018fT) \u00fczv \u00f6lk\u0259l\u0259rin Regional Aqrar T\u0259dqiqatlar v\u0259 \u0130nnovasiya M\u0259rk\u0259zinin yarad\u0131lmas\u0131 il\u0259 ba\u011fl\u0131 t\u0259\u015f\u0259bb\u00fcs ir\u0259li s\u00fcr\u00fcb.<\/strong><\/em><\/p><\/blockquote>\n<p><strong>ARANTV.AZ<\/strong>\u00a0\u00a0<a href=\"http:\/\/az.trend.az\/\" target=\"_blank\" rel=\"noopener\">Trend<\/a>-\u0259 istinad\u0259n bildirir ki, bunu K\u0259nd T\u0259s\u0259rr\u00fcfat\u0131 naziri \u0130nam K\u0259rimov \u0130\u018fT k\u0259nd t\u0259s\u0259rr\u00fcfat\u0131 nazirl\u0259rinin Bak\u0131da ke\u00e7iril\u0259n iclas\u0131nda deyib.<\/p>\n<p>Onun s\u00f6zl\u0259rin\u0259 g\u00f6r\u0259, bu m\u0259rk\u0259z m\u00f6vcud sistemin daha s\u0259m\u0259r\u0259li inteqrasiyas\u0131na k\u00f6m\u0259k ed\u0259c\u0259k v\u0259 regional s\u0259viyy\u0259d\u0259 dayan\u0131ql\u0131 inki\u015fafa xidm\u0259t ed\u0259c\u0259k.<\/p>\n<p>Nazir bildirib ki, k\u0259nd t\u0259s\u0259rr\u00fcfat\u0131 sah\u0259sind\u0259 regional \u0259m\u0259kda\u015fl\u0131q t\u0259\u015fkilat\u0131 400 milyondan \u00e7ox sakinin \u0259rzaq t\u0259hl\u00fck\u0259sizliyini t\u0259min edib v\u0259 bu s\u0259yl\u0259rin davam etm\u0259si \u00fc\u00e7\u00fcn daha s\u0131x regional \u0259m\u0259kda\u015fl\u0131q qurulub.<\/p>\n<p>\u0130.K\u0259rimov \u0259lav\u0259 edib ki, k\u0259nd t\u0259s\u0259rr\u00fcfat\u0131n\u0131n dayan\u0131ql\u0131 inki\u015faf\u0131na nail olmaq \u00fc\u00e7\u00fcn d\u00f6vl\u0259t xidm\u0259tl\u0259rinin ist\u0259nil\u0259n transformasiyas\u0131 Az\u0259rbaycanda h\u0259yata ke\u00e7iril\u0259n siyas\u0259tin ayr\u0131lmaz hiss\u0259sidir:<\/p>\n<p>&#8220;Bu prinsip\u0259 \u0259saslanaraq haz\u0131rda fermerl\u0259r 70-d\u0259n \u00e7ox k\u0259nd t\u0259s\u0259rr\u00fcfat\u0131 xidm\u0259tind\u0259n istifad\u0259 edirl\u0259r. \u0130nnovasiyalar \u00f6lk\u0259l\u0259rimizin k\u0259nd t\u0259s\u0259rr\u00fcfat\u0131n\u0131n inki\u015faf\u0131nda h\u0259lledici rol oynay\u0131r&#8221;.<\/p>\n","protected":false},"excerpt":{"rendered":"<p>Az\u0259rbaycan \u0130qtisadi \u018fm\u0259kda\u015fl\u0131q T\u0259\u015fkilat\u0131na (\u0130\u018fT) \u00fczv \u00f6lk\u0259l\u0259rin Regional Aqrar T\u0259dqiqatlar v\u0259 \u0130nnovasiya M\u0259rk\u0259zinin yarad\u0131lmas\u0131 il\u0259 ba\u011fl\u0131 t\u0259\u015f\u0259bb\u00fcs ir\u0259li s\u00fcr\u00fcb. ARANTV.AZ\u00a0\u00a0Trend-\u0259 istinad\u0259n bildirir ki, bunu K\u0259nd T\u0259s\u0259rr\u00fcfat\u0131 naziri \u0130nam K\u0259rimov \u0130\u018fT k\u0259nd t\u0259s\u0259rr\u00fcfat\u0131 nazirl\u0259rinin Bak\u0131da ke\u00e7iril\u0259n iclas\u0131nda deyib. Onun s\u00f6zl\u0259rin\u0259 g\u00f6r\u0259, bu m\u0259rk\u0259z m\u00f6vcud sistemin daha s\u0259m\u0259r\u0259li inteqrasiyas\u0131na k\u00f6m\u0259k ed\u0259c\u0259k v\u0259 regional s\u0259viyy\u0259d\u0259 dayan\u0131ql\u0131 inki\u015fafa xidm\u0259t ed\u0259c\u0259k. Nazir bildirib ki, k\u0259nd t\u0259s\u0259rr\u00fcfat\u0131 sah\u0259sind\u0259 regional \u0259m\u0259kda\u015fl\u0131q t\u0259\u015fkilat\u0131 400 milyondan \u00e7ox sakinin \u0259rzaq t\u0259hl\u00fck\u0259sizliyini t\u0259min edib v\u0259 bu s\u0259yl\u0259rin davam etm\u0259si \u00fc\u00e7\u00fcn daha s\u0131x regional \u0259m\u0259kda\u015fl\u0131q qurulub. \u0130.K\u0259rimov \u0259lav\u0259 edib ki, k\u0259nd t\u0259s\u0259rr\u00fcfat\u0131n\u0131n&hellip;<\/p>\n","protected":false},"author":2,"featured_media":103660,"comment_status":"closed","ping_status":"closed","sticky":false,"template":"","format":"standard","meta":{"om_disable_all_campaigns":false,"_monsterinsights_skip_tracking":false,"_monsterinsights_sitenote_active":false,"_monsterinsights_sitenote_note":"","_monsterinsights_sitenote_category":0},"categories":[4],"tags":[],"aioseo_notices":[],"gutentor_comment":0,"rttpg_featured_image_url":{"full":["https:\/\/arantv.az\/wp-content\/uploads\/2019\/12\/807619.jpg",800,600,false],"landscape":["https:\/\/arantv.az\/wp-content\/uploads\/2019\/12\/807619.jpg",800,600,false],"portraits":["https:\/\/arantv.az\/wp-content\/uploads\/2019\/12\/807619.jpg",800,600,false],"thumbnail":["https:\/\/arantv.az\/wp-content\/uploads\/2019\/12\/807619-150x150.jpg",150,150,true],"medium":["https:\/\/arantv.az\/wp-content\/uploads\/2019\/12\/807619-300x225.jpg",300,225,true],"large":["https:\/\/arantv.az\/wp-content\/uploads\/2019\/12\/807619.jpg",640,480,false],"1536x1536":["https:\/\/arantv.az\/wp-content\/uploads\/2019\/12\/807619.jpg",800,600,false],"2048x2048":["https:\/\/arantv.az\/wp-content\/uploads\/2019\/12\/807619.jpg",800,600,false],"post-thumbnail":["https:\/\/arantv.az\/wp-content\/uploads\/2019\/12\/807619-240x172.jpg",240,172,true],"advps-thumb-one":["https:\/\/arantv.az\/wp-content\/uploads\/2019\/12\/807619.jpg",800,600,false]},"rttpg_author":{"display_name":"V\u00fcsal Rafiqo\u011flu","author_link":"https:\/\/arantv.az\/?author=2"},"rttpg_comment":0,"rttpg_category":"<a href=\"https:\/\/arantv.az\/?cat=4\" rel=\"category\">Siyas\u0259t<\/a>","rttpg_excerpt":"Az\u0259rbaycan \u0130qtisadi \u018fm\u0259kda\u015fl\u0131q T\u0259\u015fkilat\u0131na (\u0130\u018fT) \u00fczv \u00f6lk\u0259l\u0259rin Regional Aqrar T\u0259dqiqatlar v\u0259 \u0130nnovasiya M\u0259rk\u0259zinin yarad\u0131lmas\u0131 il\u0259 ba\u011fl\u0131 t\u0259\u015f\u0259bb\u00fcs ir\u0259li s\u00fcr\u00fcb. ARANTV.AZ\u00a0\u00a0Trend-\u0259 istinad\u0259n bildirir ki, bunu K\u0259nd T\u0259s\u0259rr\u00fcfat\u0131 naziri \u0130nam K\u0259rimov \u0130\u018fT k\u0259nd t\u0259s\u0259rr\u00fcfat\u0131 nazirl\u0259rinin Bak\u0131da ke\u00e7iril\u0259n iclas\u0131nda deyib. Onun s\u00f6zl\u0259rin\u0259 g\u00f6r\u0259, bu m\u0259rk\u0259z m\u00f6vcud sistemin daha s\u0259m\u0259r\u0259li inteqrasiyas\u0131na k\u00f6m\u0259k ed\u0259c\u0259k v\u0259 regional s\u0259viyy\u0259d\u0259 dayan\u0131ql\u0131 inki\u015fafa xidm\u0259t&hellip;","_links":{"self":[{"href":"https:\/\/arantv.az\/index.php?rest_route=\/wp\/v2\/posts\/103659"}],"collection":[{"href":"https:\/\/arantv.az\/index.php?rest_route=\/wp\/v2\/posts"}],"about":[{"href":"https:\/\/arantv.az\/index.php?rest_route=\/wp\/v2\/types\/post"}],"author":[{"embeddable":true,"href":"https:\/\/arantv.az\/index.php?rest_route=\/wp\/v2\/users\/2"}],"replies":[{"embeddable":true,"href":"https:\/\/arantv.az\/index.php?rest_route=%2Fwp%2Fv2%2Fcomments&post=103659"}],"version-history":[{"count":0,"href":"https:\/\/arantv.az\/index.php?rest_route=\/wp\/v2\/posts\/103659\/revisions"}],"wp:featuredmedia":[{"embeddable":true,"href":"https:\/\/arantv.az\/index.php?rest_route=\/wp\/v2\/media\/103660"}],"wp:attachment":[{"href":"https:\/\/arantv.az\/index.php?rest_route=%2Fwp%2Fv2%2Fmedia&parent=103659"}],"wp:term":[{"taxonomy":"category","embeddable":true,"href":"https:\/\/arantv.az\/index.php?rest_route=%2Fwp%2Fv2%2Fcategories&post=103659"},{"taxonomy":"post_tag","embeddable":true,"href":"https:\/\/arantv.az\/index.php?rest_route=%2Fwp%2Fv2%2Ftags&post=103659"}],"curies":[{"name":"wp","href":"https:\/\/api.w.org\/{rel}","templated":true}]}}